{"id":8460,"date":"2021-03-17T15:47:09","date_gmt":"2021-03-17T14:47:09","guid":{"rendered":"https:\/\/www.ebg.de\/?p=8460"},"modified":"2021-03-17T15:57:32","modified_gmt":"2021-03-17T14:57:32","slug":"ex-ante-veroeffentlichung","status":"publish","type":"post","link":"https:\/\/www.ebg.de\/en\/ex-ante-veroeffentlichung\/","title":{"rendered":"Ex ante Ver\u00f6ffentlichung:"},"content":{"rendered":"\n<p>Das Europ\u00e4ische Bildungswerk plant die Beschaffung von 30 schulgebundenen mobilen Endger\u00e4ten inkl. Zubeh\u00f6r f\u00fcr Sch\u00fcler am Schulstandort Brandenburg.<\/p>\n\n\n\n<p>Richtlinie Ausstattungsprogramm f\u00fcr schulgebundene mobile Endger\u00e4te II \u2013 RL AusPro EndII,  vom 22. Januar 2021.<\/p>\n\n\n\n<p>VO: UVgO<br>Zeitraum: April\/Mai 2021<\/p>\n\n\n\n<p>Ausschreibende Stelle:<br><br>Europ\u00e4isches Bildungswerk f\u00fcr Beruf und Gesellschaft gGmbH<br>Hegelstra\u00dfe 2<br>39104 Magdeburg<br>Ansprechpartner: Frau Stefanie Karbe<br>Tel. 0391 5975820<br>Mail. <a href=\"mailto:s.karbe@ebg.de\">s.karbe@ebg.de<\/a><\/p>\n\n\n\n<p>Haupterf\u00fcllungsort:<br><br>Fachschulzentrum Brandenburg\/Havel<br>Kirchhofstra\u00dfe 3-7, 4. OG<br>14776 Brandenburg an der Havel<\/p>\n","protected":false},"excerpt":{"rendered":"<p>Das Europ\u00e4ische Bildungswerk plant die Beschaffung von 30 schulgebundenen mobilen Endger\u00e4ten inkl. Zubeh\u00f6r f\u00fcr Sch\u00fcler am Schulstandort Brandenburg.<\/p>\n","protected":false},"author":22,"featured_media":8468,"comment_status":"closed","ping_status":"closed","sticky":false,"template":"","format":"standard","meta":{"_acf_changed":false,"footnotes":""},"categories":[26],"tags":[],"class_list":["post-8460","post","type-post","status-publish","format-standard","has-post-thumbnail","hentry","category-news-brandenburg-schulen"],"acf":[],"yoast_head":"<!-- This site is optimized with the Yoast SEO plugin v26.9 - https:\/\/yoast.com\/product\/yoast-seo-wordpress\/ -->\n<title>Ex ante Ver\u00f6ffentlichung: - Europ\u00e4isches Bildungswerk f\u00fcr Beruf und Gesellschaft<\/title>\n<meta name=\"robots\" content=\"index, follow, max-snippet:-1, max-image-preview:large, max-video-preview:-1\" \/>\n<link rel=\"canonical\" href=\"https:\/\/www.ebg.de\/ex-ante-veroeffentlichung\/?lang=en\" \/>\n<meta property=\"og:locale\" content=\"en_US\" \/>\n<meta property=\"og:type\" content=\"article\" \/>\n<meta property=\"og:title\" content=\"Ex ante Ver\u00f6ffentlichung: - Europ\u00e4isches Bildungswerk f\u00fcr Beruf und Gesellschaft\" \/>\n<meta property=\"og:description\" content=\"Das Europ\u00e4ische Bildungswerk plant die Beschaffung von 30 schulgebundenen mobilen Endger\u00e4ten inkl. Zubeh\u00f6r f\u00fcr Sch\u00fcler am Schulstandort Brandenburg.\" \/>\n<meta property=\"og:url\" content=\"https:\/\/www.ebg.de\/ex-ante-veroeffentlichung\/?lang=en\" \/>\n<meta property=\"og:site_name\" content=\"Europ\u00e4isches Bildungswerk f\u00fcr Beruf und Gesellschaft\" \/>\n<meta property=\"article:published_time\" content=\"2021-03-17T14:47:09+00:00\" \/>\n<meta property=\"article:modified_time\" content=\"2021-03-17T14:57:32+00:00\" \/>\n<meta property=\"og:image\" content=\"https:\/\/www.ebg.de\/wp-content\/uploads\/2021\/03\/BRB3.png\" \/>\n\t<meta property=\"og:image:width\" content=\"848\" \/>\n\t<meta property=\"og:image:height\" content=\"427\" \/>\n\t<meta property=\"og:image:type\" content=\"image\/png\" \/>\n<meta name=\"author\" content=\"Stephan Deubner\" \/>\n<meta name=\"twitter:card\" content=\"summary_large_image\" \/>\n<meta name=\"twitter:label1\" content=\"Written by\" \/>\n\t<meta name=\"twitter:data1\" content=\"Stephan Deubner\" \/>\n<!-- \/ Yoast SEO plugin. -->","yoast_head_json":{"title":"Ex ante Ver\u00f6ffentlichung: - Europ\u00e4isches Bildungswerk f\u00fcr Beruf und Gesellschaft","robots":{"index":"index","follow":"follow","max-snippet":"max-snippet:-1","max-image-preview":"max-image-preview:large","max-video-preview":"max-video-preview:-1"},"canonical":"https:\/\/www.ebg.de\/ex-ante-veroeffentlichung\/?lang=en","og_locale":"en_US","og_type":"article","og_title":"Ex ante Ver\u00f6ffentlichung: - Europ\u00e4isches Bildungswerk f\u00fcr Beruf und Gesellschaft","og_description":"Das Europ\u00e4ische Bildungswerk plant die Beschaffung von 30 schulgebundenen mobilen Endger\u00e4ten inkl. Zubeh\u00f6r f\u00fcr Sch\u00fcler am Schulstandort Brandenburg.","og_url":"https:\/\/www.ebg.de\/ex-ante-veroeffentlichung\/?lang=en","og_site_name":"Europ\u00e4isches Bildungswerk f\u00fcr Beruf und Gesellschaft","article_published_time":"2021-03-17T14:47:09+00:00","article_modified_time":"2021-03-17T14:57:32+00:00","og_image":[{"width":848,"height":427,"url":"https:\/\/www.ebg.de\/wp-content\/uploads\/2021\/03\/BRB3.png","type":"image\/png"}],"author":"Stephan Deubner","twitter_card":"summary_large_image","twitter_misc":{"Written by":"Stephan Deubner"},"schema":{"@context":"https:\/\/schema.org","@graph":[{"@type":"Article","@id":"https:\/\/www.ebg.de\/ex-ante-veroeffentlichung\/?lang=en#article","isPartOf":{"@id":"https:\/\/www.ebg.de\/ex-ante-veroeffentlichung\/?lang=en"},"author":{"name":"Stephan Deubner","@id":"https:\/\/www.ebg.de\/#\/schema\/person\/af645ea1741029d9a44ae532ceb268bc"},"headline":"Ex ante Ver\u00f6ffentlichung:","datePublished":"2021-03-17T14:47:09+00:00","dateModified":"2021-03-17T14:57:32+00:00","mainEntityOfPage":{"@id":"https:\/\/www.ebg.de\/ex-ante-veroeffentlichung\/?lang=en"},"wordCount":77,"image":{"@id":"https:\/\/www.ebg.de\/ex-ante-veroeffentlichung\/?lang=en#primaryimage"},"thumbnailUrl":"https:\/\/www.ebg.de\/wp-content\/uploads\/2021\/03\/BRB3.png","articleSection":["News - Brandenburg Schulen"],"inLanguage":"en-US"},{"@type":"WebPage","@id":"https:\/\/www.ebg.de\/ex-ante-veroeffentlichung\/?lang=en","url":"https:\/\/www.ebg.de\/ex-ante-veroeffentlichung\/?lang=en","name":"Ex ante Ver\u00f6ffentlichung: - Europ\u00e4isches Bildungswerk f\u00fcr Beruf und Gesellschaft","isPartOf":{"@id":"https:\/\/www.ebg.de\/#website"},"primaryImageOfPage":{"@id":"https:\/\/www.ebg.de\/ex-ante-veroeffentlichung\/?lang=en#primaryimage"},"image":{"@id":"https:\/\/www.ebg.de\/ex-ante-veroeffentlichung\/?lang=en#primaryimage"},"thumbnailUrl":"https:\/\/www.ebg.de\/wp-content\/uploads\/2021\/03\/BRB3.png","datePublished":"2021-03-17T14:47:09+00:00","dateModified":"2021-03-17T14:57:32+00:00","author":{"@id":"https:\/\/www.ebg.de\/#\/schema\/person\/af645ea1741029d9a44ae532ceb268bc"},"breadcrumb":{"@id":"https:\/\/www.ebg.de\/ex-ante-veroeffentlichung\/?lang=en#breadcrumb"},"inLanguage":"en-US","potentialAction":[{"@type":"ReadAction","target":["https:\/\/www.ebg.de\/ex-ante-veroeffentlichung\/?lang=en"]}]},{"@type":"ImageObject","inLanguage":"en-US","@id":"https:\/\/www.ebg.de\/ex-ante-veroeffentlichung\/?lang=en#primaryimage","url":"https:\/\/www.ebg.de\/wp-content\/uploads\/2021\/03\/BRB3.png","contentUrl":"https:\/\/www.ebg.de\/wp-content\/uploads\/2021\/03\/BRB3.png","width":848,"height":427},{"@type":"BreadcrumbList","@id":"https:\/\/www.ebg.de\/ex-ante-veroeffentlichung\/?lang=en#breadcrumb","itemListElement":[{"@type":"ListItem","position":1,"name":"Startseite","item":"https:\/\/www.ebg.de\/"},{"@type":"ListItem","position":2,"name":"Ex ante Ver\u00f6ffentlichung:"}]},{"@type":"WebSite","@id":"https:\/\/www.ebg.de\/#website","url":"https:\/\/www.ebg.de\/","name":"Europ\u00e4isches Bildungswerk f\u00fcr Beruf und Gesellschaft","description":"Bildung, Ausbildung und Weiterbildung","potentialAction":[{"@type":"SearchAction","target":{"@type":"EntryPoint","urlTemplate":"https:\/\/www.ebg.de\/?s={search_term_string}"},"query-input":{"@type":"PropertyValueSpecification","valueRequired":true,"valueName":"search_term_string"}}],"inLanguage":"en-US"},{"@type":"Person","@id":"https:\/\/www.ebg.de\/#\/schema\/person\/af645ea1741029d9a44ae532ceb268bc","name":"Stephan Deubner","image":{"@type":"ImageObject","inLanguage":"en-US","@id":"https:\/\/www.ebg.de\/#\/schema\/person\/image\/","url":"https:\/\/secure.gravatar.com\/avatar\/35731f6a08afa0518c45f153077f6135c0f41aa2ae0b76e850ef9508976a7bbe?s=96&d=mm&r=g","contentUrl":"https:\/\/secure.gravatar.com\/avatar\/35731f6a08afa0518c45f153077f6135c0f41aa2ae0b76e850ef9508976a7bbe?s=96&d=mm&r=g","caption":"Stephan Deubner"},"url":"https:\/\/www.ebg.de\/en\/author\/sdeubner\/"}]}},"_links":{"self":[{"href":"https:\/\/www.ebg.de\/en\/wp-json\/wp\/v2\/posts\/8460","targetHints":{"allow":["GET"]}}],"collection":[{"href":"https:\/\/www.ebg.de\/en\/wp-json\/wp\/v2\/posts"}],"about":[{"href":"https:\/\/www.ebg.de\/en\/wp-json\/wp\/v2\/types\/post"}],"author":[{"embeddable":true,"href":"https:\/\/www.ebg.de\/en\/wp-json\/wp\/v2\/users\/22"}],"replies":[{"embeddable":true,"href":"https:\/\/www.ebg.de\/en\/wp-json\/wp\/v2\/comments?post=8460"}],"version-history":[{"count":1,"href":"https:\/\/www.ebg.de\/en\/wp-json\/wp\/v2\/posts\/8460\/revisions"}],"predecessor-version":[{"id":8461,"href":"https:\/\/www.ebg.de\/en\/wp-json\/wp\/v2\/posts\/8460\/revisions\/8461"}],"wp:featuredmedia":[{"embeddable":true,"href":"https:\/\/www.ebg.de\/en\/wp-json\/wp\/v2\/media\/8468"}],"wp:attachment":[{"href":"https:\/\/www.ebg.de\/en\/wp-json\/wp\/v2\/media?parent=8460"}],"wp:term":[{"taxonomy":"category","embeddable":true,"href":"https:\/\/www.ebg.de\/en\/wp-json\/wp\/v2\/categories?post=8460"},{"taxonomy":"post_tag","embeddable":true,"href":"https:\/\/www.ebg.de\/en\/wp-json\/wp\/v2\/tags?post=8460"}],"curies":[{"name":"wp","href":"https:\/\/api.w.org\/{rel}","templated":true}]}}