{"id":8450,"date":"2021-03-17T11:50:08","date_gmt":"2021-03-17T10:50:08","guid":{"rendered":"https:\/\/www.ebg.de\/?p=8450"},"modified":"2021-03-17T11:51:32","modified_gmt":"2021-03-17T10:51:32","slug":"trotz-corona-erfolgreiche-rezertifizierung-des-qualitaets-managementsystems-des-ebg","status":"publish","type":"post","link":"https:\/\/www.ebg.de\/en\/trotz-corona-erfolgreiche-rezertifizierung-des-qualitaets-managementsystems-des-ebg\/","title":{"rendered":"Trotz Corona: erfolgreiche Rezertifizierung des Qualit\u00e4ts-managementsystems des EBG"},"content":{"rendered":"\n<p><\/p>\n\n\n\n<p>Vom 03.-12.02.2021 fand mit Erfolg das Rezertifizierungsaudit DIN EN ISO 9001:2015 f\u00fcr die EBG gGmbH, den EBG e. V. D\u00fcsseldorf, den EBG e.V. Leipzig und die Magdeburger Projektservice GmbH durch unsere Zertifizierungsgesellschaft CERTQUA statt.<\/p>\n\n\n\n<p>Die EBG gGmbH und die EBG e.V. Leipzig f\u00fchrten zudem \u2013 ebenso erfolgreich \u2013 ihr erstes \u00dcberwachungsaudit bzgl. ihrer AZAV-Zulassung durch.<\/p>\n\n\n\n<p>Die Bilanz (Berichtszeitraum ist ja immer das vergangene Gesch\u00e4ftsjahr \u2013 also 2020) und auch das Audit selbst waren nat\u00fcrlich, wie wohl bei den meisten Unternehmen, von der Corona-Pandemie \u00fcberschattet. Schulschlie\u00dfungen, alternative Ma\u00dfnahmedurchf\u00fchrungen (begleitetes Selbststudium, online-Unterricht usw.) wirkten sich auf die Bildungsarbeit des EBG aus.<br>Aber auch Weiterbildungsaktivit\u00e4ten f\u00fcr die Mitarbeiter oder Hospitationspl\u00e4ne zur Qualit\u00e4ts\u00fcberwachung konnten nicht wie geplant umgesetzt werden \u2013 eine echte Herausforderung f\u00fcr die eigentlich vorgesehene planm\u00e4\u00dfige und strukturierte Arbeit.<br>Auch die Audits selbst fanden zur Kontaktvermeidung gr\u00f6\u00dftenteils online statt, was f\u00fcr die Interviews noch kein Problem darstellt aber auch Zusatzaufwand f\u00fcr die Pr\u00fcfung von Auditnachweisen bedeutet.<\/p>\n\n\n\n<p>Dennoch gelang aber zum Beispiel die erfolgreiche Fortf\u00fchrung und Beendigung von 34 AZAV-Einzelma\u00dfnahmen mit alternativen Durchf\u00fchrungsformen (Stichwort: \u00c4quivalenzbescheinigung), ohne dass es zu Abbr\u00fcchen irgendwelcher Art kam. Ein gutes Beispiel f\u00fcr Qualit\u00e4tsarbeit.<\/p>\n\n\n\n<p>Dr. Frank Siebeck<br>Qualit\u00e4tsmanagementbeauftragter<\/p>\n\n\n\n<p><br><\/p>\n","protected":false},"excerpt":{"rendered":"<p>Vom 03.-12.02.2021 fand mit Erfolg das Rezertifizierungsaudit DIN EN ISO 9001:2015 durch unsere Zertifizierungsgesellschaft CERTQUA statt.<\/p>\n","protected":false},"author":22,"featured_media":8451,"comment_status":"closed","ping_status":"closed","sticky":false,"template":"","format":"standard","meta":{"_acf_changed":false,"footnotes":""},"categories":[22],"tags":[],"class_list":["post-8450","post","type-post","status-publish","format-standard","has-post-thumbnail","hentry","category-news-gf"],"acf":[],"yoast_head":"<!-- This site is optimized with the Yoast SEO plugin v26.9 - https:\/\/yoast.com\/product\/yoast-seo-wordpress\/ -->\n<title>Trotz Corona: erfolgreiche Rezertifizierung des Qualit\u00e4ts-managementsystems des EBG - Europ\u00e4isches Bildungswerk f\u00fcr Beruf und Gesellschaft<\/title>\n<meta name=\"robots\" content=\"index, follow, max-snippet:-1, max-image-preview:large, max-video-preview:-1\" \/>\n<link rel=\"canonical\" href=\"https:\/\/www.ebg.de\/trotz-corona-erfolgreiche-rezertifizierung-des-qualitaets-managementsystems-des-ebg\/\" \/>\n<meta property=\"og:locale\" content=\"en_US\" \/>\n<meta property=\"og:type\" content=\"article\" \/>\n<meta property=\"og:title\" content=\"Trotz Corona: erfolgreiche Rezertifizierung des Qualit\u00e4ts-managementsystems des EBG - Europ\u00e4isches Bildungswerk f\u00fcr Beruf und Gesellschaft\" \/>\n<meta property=\"og:description\" content=\"Vom 03.-12.02.2021 fand mit Erfolg das Rezertifizierungsaudit DIN EN ISO 9001:2015 durch unsere Zertifizierungsgesellschaft CERTQUA statt.\" \/>\n<meta property=\"og:url\" content=\"https:\/\/www.ebg.de\/trotz-corona-erfolgreiche-rezertifizierung-des-qualitaets-managementsystems-des-ebg\/\" \/>\n<meta property=\"og:site_name\" content=\"Europ\u00e4isches Bildungswerk f\u00fcr Beruf und Gesellschaft\" \/>\n<meta property=\"article:published_time\" content=\"2021-03-17T10:50:08+00:00\" \/>\n<meta property=\"article:modified_time\" content=\"2021-03-17T10:51:32+00:00\" \/>\n<meta property=\"og:image\" content=\"https:\/\/www.ebg.de\/wp-content\/uploads\/2021\/03\/Certqua_Siegel_9001_AZAV_gross_4c-1024x518.jpg\" \/>\n\t<meta property=\"og:image:width\" content=\"1024\" \/>\n\t<meta property=\"og:image:height\" content=\"518\" \/>\n\t<meta property=\"og:image:type\" content=\"image\/jpeg\" \/>\n<meta name=\"author\" content=\"Stephan Deubner\" \/>\n<meta name=\"twitter:card\" content=\"summary_large_image\" \/>\n<meta name=\"twitter:label1\" content=\"Written by\" \/>\n\t<meta name=\"twitter:data1\" content=\"Stephan Deubner\" \/>\n\t<meta name=\"twitter:label2\" content=\"Est. reading time\" \/>\n\t<meta name=\"twitter:data2\" content=\"1 minute\" \/>\n<!-- \/ Yoast SEO plugin. -->","yoast_head_json":{"title":"Trotz Corona: erfolgreiche Rezertifizierung des Qualit\u00e4ts-managementsystems des EBG - Europ\u00e4isches Bildungswerk f\u00fcr Beruf und Gesellschaft","robots":{"index":"index","follow":"follow","max-snippet":"max-snippet:-1","max-image-preview":"max-image-preview:large","max-video-preview":"max-video-preview:-1"},"canonical":"https:\/\/www.ebg.de\/trotz-corona-erfolgreiche-rezertifizierung-des-qualitaets-managementsystems-des-ebg\/","og_locale":"en_US","og_type":"article","og_title":"Trotz Corona: erfolgreiche Rezertifizierung des Qualit\u00e4ts-managementsystems des EBG - Europ\u00e4isches Bildungswerk f\u00fcr Beruf und Gesellschaft","og_description":"Vom 03.-12.02.2021 fand mit Erfolg das Rezertifizierungsaudit DIN EN ISO 9001:2015 durch unsere Zertifizierungsgesellschaft CERTQUA statt.","og_url":"https:\/\/www.ebg.de\/trotz-corona-erfolgreiche-rezertifizierung-des-qualitaets-managementsystems-des-ebg\/","og_site_name":"Europ\u00e4isches Bildungswerk f\u00fcr Beruf und Gesellschaft","article_published_time":"2021-03-17T10:50:08+00:00","article_modified_time":"2021-03-17T10:51:32+00:00","og_image":[{"width":1024,"height":518,"url":"https:\/\/www.ebg.de\/wp-content\/uploads\/2021\/03\/Certqua_Siegel_9001_AZAV_gross_4c-1024x518.jpg","type":"image\/jpeg"}],"author":"Stephan Deubner","twitter_card":"summary_large_image","twitter_misc":{"Written by":"Stephan Deubner","Est. reading time":"1 minute"},"schema":{"@context":"https:\/\/schema.org","@graph":[{"@type":"Article","@id":"https:\/\/www.ebg.de\/trotz-corona-erfolgreiche-rezertifizierung-des-qualitaets-managementsystems-des-ebg\/#article","isPartOf":{"@id":"https:\/\/www.ebg.de\/trotz-corona-erfolgreiche-rezertifizierung-des-qualitaets-managementsystems-des-ebg\/"},"author":{"name":"Stephan Deubner","@id":"https:\/\/www.ebg.de\/#\/schema\/person\/af645ea1741029d9a44ae532ceb268bc"},"headline":"Trotz Corona: erfolgreiche Rezertifizierung des Qualit\u00e4ts-managementsystems des EBG","datePublished":"2021-03-17T10:50:08+00:00","dateModified":"2021-03-17T10:51:32+00:00","mainEntityOfPage":{"@id":"https:\/\/www.ebg.de\/trotz-corona-erfolgreiche-rezertifizierung-des-qualitaets-managementsystems-des-ebg\/"},"wordCount":218,"image":{"@id":"https:\/\/www.ebg.de\/trotz-corona-erfolgreiche-rezertifizierung-des-qualitaets-managementsystems-des-ebg\/#primaryimage"},"thumbnailUrl":"https:\/\/www.ebg.de\/wp-content\/uploads\/2021\/03\/Certqua_Siegel_9001_AZAV_gross_4c.jpg","articleSection":["News-GF"],"inLanguage":"en-US"},{"@type":"WebPage","@id":"https:\/\/www.ebg.de\/trotz-corona-erfolgreiche-rezertifizierung-des-qualitaets-managementsystems-des-ebg\/","url":"https:\/\/www.ebg.de\/trotz-corona-erfolgreiche-rezertifizierung-des-qualitaets-managementsystems-des-ebg\/","name":"Trotz Corona: erfolgreiche Rezertifizierung des Qualit\u00e4ts-managementsystems des EBG - Europ\u00e4isches Bildungswerk f\u00fcr Beruf und Gesellschaft","isPartOf":{"@id":"https:\/\/www.ebg.de\/#website"},"primaryImageOfPage":{"@id":"https:\/\/www.ebg.de\/trotz-corona-erfolgreiche-rezertifizierung-des-qualitaets-managementsystems-des-ebg\/#primaryimage"},"image":{"@id":"https:\/\/www.ebg.de\/trotz-corona-erfolgreiche-rezertifizierung-des-qualitaets-managementsystems-des-ebg\/#primaryimage"},"thumbnailUrl":"https:\/\/www.ebg.de\/wp-content\/uploads\/2021\/03\/Certqua_Siegel_9001_AZAV_gross_4c.jpg","datePublished":"2021-03-17T10:50:08+00:00","dateModified":"2021-03-17T10:51:32+00:00","author":{"@id":"https:\/\/www.ebg.de\/#\/schema\/person\/af645ea1741029d9a44ae532ceb268bc"},"breadcrumb":{"@id":"https:\/\/www.ebg.de\/trotz-corona-erfolgreiche-rezertifizierung-des-qualitaets-managementsystems-des-ebg\/#breadcrumb"},"inLanguage":"en-US","potentialAction":[{"@type":"ReadAction","target":["https:\/\/www.ebg.de\/trotz-corona-erfolgreiche-rezertifizierung-des-qualitaets-managementsystems-des-ebg\/"]}]},{"@type":"ImageObject","inLanguage":"en-US","@id":"https:\/\/www.ebg.de\/trotz-corona-erfolgreiche-rezertifizierung-des-qualitaets-managementsystems-des-ebg\/#primaryimage","url":"https:\/\/www.ebg.de\/wp-content\/uploads\/2021\/03\/Certqua_Siegel_9001_AZAV_gross_4c.jpg","contentUrl":"https:\/\/www.ebg.de\/wp-content\/uploads\/2021\/03\/Certqua_Siegel_9001_AZAV_gross_4c.jpg","width":1566,"height":792},{"@type":"BreadcrumbList","@id":"https:\/\/www.ebg.de\/trotz-corona-erfolgreiche-rezertifizierung-des-qualitaets-managementsystems-des-ebg\/#breadcrumb","itemListElement":[{"@type":"ListItem","position":1,"name":"Startseite","item":"https:\/\/www.ebg.de\/"},{"@type":"ListItem","position":2,"name":"Trotz Corona: erfolgreiche Rezertifizierung des Qualit\u00e4ts-managementsystems des EBG"}]},{"@type":"WebSite","@id":"https:\/\/www.ebg.de\/#website","url":"https:\/\/www.ebg.de\/","name":"Europ\u00e4isches Bildungswerk f\u00fcr Beruf und Gesellschaft","description":"Bildung, Ausbildung und Weiterbildung","potentialAction":[{"@type":"SearchAction","target":{"@type":"EntryPoint","urlTemplate":"https:\/\/www.ebg.de\/?s={search_term_string}"},"query-input":{"@type":"PropertyValueSpecification","valueRequired":true,"valueName":"search_term_string"}}],"inLanguage":"en-US"},{"@type":"Person","@id":"https:\/\/www.ebg.de\/#\/schema\/person\/af645ea1741029d9a44ae532ceb268bc","name":"Stephan Deubner","image":{"@type":"ImageObject","inLanguage":"en-US","@id":"https:\/\/www.ebg.de\/#\/schema\/person\/image\/","url":"https:\/\/secure.gravatar.com\/avatar\/35731f6a08afa0518c45f153077f6135c0f41aa2ae0b76e850ef9508976a7bbe?s=96&d=mm&r=g","contentUrl":"https:\/\/secure.gravatar.com\/avatar\/35731f6a08afa0518c45f153077f6135c0f41aa2ae0b76e850ef9508976a7bbe?s=96&d=mm&r=g","caption":"Stephan Deubner"},"url":"https:\/\/www.ebg.de\/en\/author\/sdeubner\/"}]}},"_links":{"self":[{"href":"https:\/\/www.ebg.de\/en\/wp-json\/wp\/v2\/posts\/8450","targetHints":{"allow":["GET"]}}],"collection":[{"href":"https:\/\/www.ebg.de\/en\/wp-json\/wp\/v2\/posts"}],"about":[{"href":"https:\/\/www.ebg.de\/en\/wp-json\/wp\/v2\/types\/post"}],"author":[{"embeddable":true,"href":"https:\/\/www.ebg.de\/en\/wp-json\/wp\/v2\/users\/22"}],"replies":[{"embeddable":true,"href":"https:\/\/www.ebg.de\/en\/wp-json\/wp\/v2\/comments?post=8450"}],"version-history":[{"count":1,"href":"https:\/\/www.ebg.de\/en\/wp-json\/wp\/v2\/posts\/8450\/revisions"}],"predecessor-version":[{"id":8455,"href":"https:\/\/www.ebg.de\/en\/wp-json\/wp\/v2\/posts\/8450\/revisions\/8455"}],"wp:featuredmedia":[{"embeddable":true,"href":"https:\/\/www.ebg.de\/en\/wp-json\/wp\/v2\/media\/8451"}],"wp:attachment":[{"href":"https:\/\/www.ebg.de\/en\/wp-json\/wp\/v2\/media?parent=8450"}],"wp:term":[{"taxonomy":"category","embeddable":true,"href":"https:\/\/www.ebg.de\/en\/wp-json\/wp\/v2\/categories?post=8450"},{"taxonomy":"post_tag","embeddable":true,"href":"https:\/\/www.ebg.de\/en\/wp-json\/wp\/v2\/tags?post=8450"}],"curies":[{"name":"wp","href":"https:\/\/api.w.org\/{rel}","templated":true}]}}