{"id":8012,"date":"2021-03-12T11:48:00","date_gmt":"2021-03-12T10:48:00","guid":{"rendered":"https:\/\/www.ebg.de\/?p=8012"},"modified":"2021-04-29T15:44:22","modified_gmt":"2021-04-29T13:44:22","slug":"virtueller-tag-der-offenen-tuer-20-03-2021","status":"publish","type":"post","link":"https:\/\/www.ebg.de\/en\/virtueller-tag-der-offenen-tuer-20-03-2021\/","title":{"rendered":"Tag der offenen T\u00fcr  online"},"content":{"rendered":"\n<h3 class=\"wp-block-heading\">Videochat in der Fachschule Halle<\/h3>\n\n\n\n<p>Wir lie\u00dfen uns nicht unterkriegen und veranstalteten am 20.03. trotz Virus unseren Tag der offenen T\u00fcr. Nur wurde diesmal die T\u00fcr durch ein Fenster ersetzt, durch das auf digitalem Wege mit der Leitung unseres Schulzentrums in Halle verbunden war. Fragen zu  jeglichen Ausbildungen an unserer Schule wurden zahlreich gestellt. Des Weiteren befanden sich in unserem Videochat ALLE Fachbereichsleiter unserer Ausbildungen:<\/p>\n\n\n\n<ul class=\"wp-block-list\"><li>Staatlich anerkannte\/r Erzieher\/in (Vollzeit und berufsbegleitend)<\/li><li> Staatlich anerkannte\/r Ergotherapeuth\/in (Vollzeit)<\/li><li> Staatlich anerkannte\/r Heilerziehungspfleger\/in (Vollzeit und berufsbegleitend)<\/li><li> Staatlich anerkannte\/r Heilp\u00e4dagoge\/in (berufsbegleitend)<\/li><li> Staatlich gepr\u00fcfte(r) Sozialassistent\/in<\/li><\/ul>\n\n\n\n<p>Die <strong>FAQs<\/strong><\/p>\n\n\n\n<p><br>      <br><br> <br><\/p>\n\n\n\n<p><\/p>\n","protected":false},"excerpt":{"rendered":"<p>Sei dabei im Livechat mit allen Fachbereichsleitern samt Schulleitung und werde Deine Fragen los!<\/p>\n","protected":false},"author":22,"featured_media":8901,"comment_status":"closed","ping_status":"closed","sticky":false,"template":"","format":"standard","meta":{"_acf_changed":false,"footnotes":""},"categories":[29],"tags":[],"class_list":["post-8012","post","type-post","status-publish","format-standard","has-post-thumbnail","hentry","category-news-halle-schulen"],"acf":[],"yoast_head":"<!-- This site is optimized with the Yoast SEO plugin v26.9 - https:\/\/yoast.com\/product\/yoast-seo-wordpress\/ -->\n<title>Tag der offenen T\u00fcr online - Europ\u00e4isches Bildungswerk f\u00fcr Beruf und Gesellschaft<\/title>\n<meta name=\"robots\" content=\"index, follow, max-snippet:-1, max-image-preview:large, max-video-preview:-1\" \/>\n<link rel=\"canonical\" href=\"https:\/\/www.ebg.de\/virtueller-tag-der-offenen-tuer-20-03-2021\/\" \/>\n<meta property=\"og:locale\" content=\"en_US\" \/>\n<meta property=\"og:type\" content=\"article\" \/>\n<meta property=\"og:title\" content=\"Tag der offenen T\u00fcr online - Europ\u00e4isches Bildungswerk f\u00fcr Beruf und Gesellschaft\" \/>\n<meta property=\"og:description\" content=\"Sei dabei im Livechat mit allen Fachbereichsleitern samt Schulleitung und werde Deine Fragen los!\" \/>\n<meta property=\"og:url\" content=\"https:\/\/www.ebg.de\/virtueller-tag-der-offenen-tuer-20-03-2021\/\" \/>\n<meta property=\"og:site_name\" content=\"Europ\u00e4isches Bildungswerk f\u00fcr Beruf und Gesellschaft\" \/>\n<meta property=\"article:published_time\" content=\"2021-03-12T10:48:00+00:00\" \/>\n<meta property=\"article:modified_time\" content=\"2021-04-29T13:44:22+00:00\" \/>\n<meta property=\"og:image\" content=\"https:\/\/www.ebg.de\/wp-content\/uploads\/2021\/03\/2021-halle-webinar-screen-3.jpg\" \/>\n\t<meta property=\"og:image:width\" content=\"900\" \/>\n\t<meta property=\"og:image:height\" content=\"453\" \/>\n\t<meta property=\"og:image:type\" content=\"image\/jpeg\" \/>\n<meta name=\"author\" content=\"Stephan Deubner\" \/>\n<meta name=\"twitter:card\" content=\"summary_large_image\" \/>\n<meta name=\"twitter:label1\" content=\"Written by\" \/>\n\t<meta name=\"twitter:data1\" content=\"Stephan Deubner\" \/>\n\t<meta name=\"twitter:label2\" content=\"Est. reading time\" \/>\n\t<meta name=\"twitter:data2\" content=\"1 minute\" \/>\n<!-- \/ Yoast SEO plugin. -->","yoast_head_json":{"title":"Tag der offenen T\u00fcr online - Europ\u00e4isches Bildungswerk f\u00fcr Beruf und Gesellschaft","robots":{"index":"index","follow":"follow","max-snippet":"max-snippet:-1","max-image-preview":"max-image-preview:large","max-video-preview":"max-video-preview:-1"},"canonical":"https:\/\/www.ebg.de\/virtueller-tag-der-offenen-tuer-20-03-2021\/","og_locale":"en_US","og_type":"article","og_title":"Tag der offenen T\u00fcr online - Europ\u00e4isches Bildungswerk f\u00fcr Beruf und Gesellschaft","og_description":"Sei dabei im Livechat mit allen Fachbereichsleitern samt Schulleitung und werde Deine Fragen los!","og_url":"https:\/\/www.ebg.de\/virtueller-tag-der-offenen-tuer-20-03-2021\/","og_site_name":"Europ\u00e4isches Bildungswerk f\u00fcr Beruf und Gesellschaft","article_published_time":"2021-03-12T10:48:00+00:00","article_modified_time":"2021-04-29T13:44:22+00:00","og_image":[{"width":900,"height":453,"url":"https:\/\/www.ebg.de\/wp-content\/uploads\/2021\/03\/2021-halle-webinar-screen-3.jpg","type":"image\/jpeg"}],"author":"Stephan Deubner","twitter_card":"summary_large_image","twitter_misc":{"Written by":"Stephan Deubner","Est. reading time":"1 minute"},"schema":{"@context":"https:\/\/schema.org","@graph":[{"@type":"Article","@id":"https:\/\/www.ebg.de\/virtueller-tag-der-offenen-tuer-20-03-2021\/#article","isPartOf":{"@id":"https:\/\/www.ebg.de\/virtueller-tag-der-offenen-tuer-20-03-2021\/"},"author":{"name":"Stephan Deubner","@id":"https:\/\/www.ebg.de\/#\/schema\/person\/af645ea1741029d9a44ae532ceb268bc"},"headline":"Tag der offenen T\u00fcr online","datePublished":"2021-03-12T10:48:00+00:00","dateModified":"2021-04-29T13:44:22+00:00","mainEntityOfPage":{"@id":"https:\/\/www.ebg.de\/virtueller-tag-der-offenen-tuer-20-03-2021\/"},"wordCount":110,"image":{"@id":"https:\/\/www.ebg.de\/virtueller-tag-der-offenen-tuer-20-03-2021\/#primaryimage"},"thumbnailUrl":"https:\/\/www.ebg.de\/wp-content\/uploads\/2021\/03\/2021-halle-webinar-screen-3.jpg","articleSection":["News - Halle Schulen"],"inLanguage":"en-US"},{"@type":"WebPage","@id":"https:\/\/www.ebg.de\/virtueller-tag-der-offenen-tuer-20-03-2021\/","url":"https:\/\/www.ebg.de\/virtueller-tag-der-offenen-tuer-20-03-2021\/","name":"Tag der offenen T\u00fcr online - Europ\u00e4isches Bildungswerk f\u00fcr Beruf und Gesellschaft","isPartOf":{"@id":"https:\/\/www.ebg.de\/#website"},"primaryImageOfPage":{"@id":"https:\/\/www.ebg.de\/virtueller-tag-der-offenen-tuer-20-03-2021\/#primaryimage"},"image":{"@id":"https:\/\/www.ebg.de\/virtueller-tag-der-offenen-tuer-20-03-2021\/#primaryimage"},"thumbnailUrl":"https:\/\/www.ebg.de\/wp-content\/uploads\/2021\/03\/2021-halle-webinar-screen-3.jpg","datePublished":"2021-03-12T10:48:00+00:00","dateModified":"2021-04-29T13:44:22+00:00","author":{"@id":"https:\/\/www.ebg.de\/#\/schema\/person\/af645ea1741029d9a44ae532ceb268bc"},"breadcrumb":{"@id":"https:\/\/www.ebg.de\/virtueller-tag-der-offenen-tuer-20-03-2021\/#breadcrumb"},"inLanguage":"en-US","potentialAction":[{"@type":"ReadAction","target":["https:\/\/www.ebg.de\/virtueller-tag-der-offenen-tuer-20-03-2021\/"]}]},{"@type":"ImageObject","inLanguage":"en-US","@id":"https:\/\/www.ebg.de\/virtueller-tag-der-offenen-tuer-20-03-2021\/#primaryimage","url":"https:\/\/www.ebg.de\/wp-content\/uploads\/2021\/03\/2021-halle-webinar-screen-3.jpg","contentUrl":"https:\/\/www.ebg.de\/wp-content\/uploads\/2021\/03\/2021-halle-webinar-screen-3.jpg","width":900,"height":453,"caption":"Keyvisual Infotag online"},{"@type":"BreadcrumbList","@id":"https:\/\/www.ebg.de\/virtueller-tag-der-offenen-tuer-20-03-2021\/#breadcrumb","itemListElement":[{"@type":"ListItem","position":1,"name":"Startseite","item":"https:\/\/www.ebg.de\/"},{"@type":"ListItem","position":2,"name":"Tag der offenen T\u00fcr online"}]},{"@type":"WebSite","@id":"https:\/\/www.ebg.de\/#website","url":"https:\/\/www.ebg.de\/","name":"Europ\u00e4isches Bildungswerk f\u00fcr Beruf und Gesellschaft","description":"Bildung, Ausbildung und Weiterbildung","potentialAction":[{"@type":"SearchAction","target":{"@type":"EntryPoint","urlTemplate":"https:\/\/www.ebg.de\/?s={search_term_string}"},"query-input":{"@type":"PropertyValueSpecification","valueRequired":true,"valueName":"search_term_string"}}],"inLanguage":"en-US"},{"@type":"Person","@id":"https:\/\/www.ebg.de\/#\/schema\/person\/af645ea1741029d9a44ae532ceb268bc","name":"Stephan Deubner","image":{"@type":"ImageObject","inLanguage":"en-US","@id":"https:\/\/www.ebg.de\/#\/schema\/person\/image\/","url":"https:\/\/secure.gravatar.com\/avatar\/35731f6a08afa0518c45f153077f6135c0f41aa2ae0b76e850ef9508976a7bbe?s=96&d=mm&r=g","contentUrl":"https:\/\/secure.gravatar.com\/avatar\/35731f6a08afa0518c45f153077f6135c0f41aa2ae0b76e850ef9508976a7bbe?s=96&d=mm&r=g","caption":"Stephan Deubner"},"url":"https:\/\/www.ebg.de\/en\/author\/sdeubner\/"}]}},"_links":{"self":[{"href":"https:\/\/www.ebg.de\/en\/wp-json\/wp\/v2\/posts\/8012","targetHints":{"allow":["GET"]}}],"collection":[{"href":"https:\/\/www.ebg.de\/en\/wp-json\/wp\/v2\/posts"}],"about":[{"href":"https:\/\/www.ebg.de\/en\/wp-json\/wp\/v2\/types\/post"}],"author":[{"embeddable":true,"href":"https:\/\/www.ebg.de\/en\/wp-json\/wp\/v2\/users\/22"}],"replies":[{"embeddable":true,"href":"https:\/\/www.ebg.de\/en\/wp-json\/wp\/v2\/comments?post=8012"}],"version-history":[{"count":14,"href":"https:\/\/www.ebg.de\/en\/wp-json\/wp\/v2\/posts\/8012\/revisions"}],"predecessor-version":[{"id":9306,"href":"https:\/\/www.ebg.de\/en\/wp-json\/wp\/v2\/posts\/8012\/revisions\/9306"}],"wp:featuredmedia":[{"embeddable":true,"href":"https:\/\/www.ebg.de\/en\/wp-json\/wp\/v2\/media\/8901"}],"wp:attachment":[{"href":"https:\/\/www.ebg.de\/en\/wp-json\/wp\/v2\/media?parent=8012"}],"wp:term":[{"taxonomy":"category","embeddable":true,"href":"https:\/\/www.ebg.de\/en\/wp-json\/wp\/v2\/categories?post=8012"},{"taxonomy":"post_tag","embeddable":true,"href":"https:\/\/www.ebg.de\/en\/wp-json\/wp\/v2\/tags?post=8012"}],"curies":[{"name":"wp","href":"https:\/\/api.w.org\/{rel}","templated":true}]}}