{"id":7483,"date":"2020-11-24T10:18:10","date_gmt":"2020-11-24T09:18:10","guid":{"rendered":"https:\/\/www.ebg.de\/?p=7483"},"modified":"2020-11-24T10:33:25","modified_gmt":"2020-11-24T09:33:25","slug":"eigenes-lernen-im-blick","status":"publish","type":"post","link":"https:\/\/www.ebg.de\/en\/eigenes-lernen-im-blick\/","title":{"rendered":"Eigenes Lernen im Blick"},"content":{"rendered":"\n<p>Wir Generalisten haben uns in unserer Wahlpflichtwoche nicht nur mit berufspraktischen Themen, wie Erste Hilfe am Kind besch\u00e4ftigt. In Vorbereitung auf unsere lange Praxisphase haben wir uns die Zeit genommen, unser eigenes Lernen unter die Lupe zu nehmen. Wir haben uns sowohl theoretisch mit dem Lernprozess und dem Ged\u00e4chtnis besch\u00e4ftigt als auch den bisherigen Unterrichtsstoff der Theorieausbildung genau angesehen und nach m\u00f6glichen Wissensl\u00fccken \u00fcberpr\u00fcft.<\/p>\n\n\n\n<p>Damit wir gut ger\u00fcstet in die n\u00e4chste Phase der Theorieausbildung starten und auf das bereits erlernte Wissen aufbauen k\u00f6nnen, hat sich jeder von uns ein individuelles \u201eLerntagebuch\u201c angelegt, den Lernstoff in \u201eTagesdosen\u201c eingeteilt und in Kalendern vermerkt. Einige Beispiele verschiedener Lernmethoden stellen wir hier vor und werden zuk\u00fcnftig vom Erfolg aber auch von neuen Erkenntnissen zur Verbesserung berichten.<\/p>\n\n\n\n<p><\/p>\n\n\n\n<figure class=\"wp-block-image size-large\"><img loading=\"lazy\" decoding=\"async\" width=\"683\" height=\"1024\" src=\"https:\/\/www.ebg.de\/wp-content\/uploads\/2020\/11\/lerntagebuch-bsp.1-ebg-leipzig-683x1024.jpg\" alt=\"Lerntageb\u00fccher: Lern\u00fcbersicht in Form einer Mindmap\" class=\"wp-image-7484\" srcset=\"https:\/\/www.ebg.de\/wp-content\/uploads\/2020\/11\/lerntagebuch-bsp.1-ebg-leipzig-683x1024.jpg 683w, https:\/\/www.ebg.de\/wp-content\/uploads\/2020\/11\/lerntagebuch-bsp.1-ebg-leipzig-200x300.jpg 200w, https:\/\/www.ebg.de\/wp-content\/uploads\/2020\/11\/lerntagebuch-bsp.1-ebg-leipzig-768x1152.jpg 768w, https:\/\/www.ebg.de\/wp-content\/uploads\/2020\/11\/lerntagebuch-bsp.1-ebg-leipzig-900x1350.jpg 900w, https:\/\/www.ebg.de\/wp-content\/uploads\/2020\/11\/lerntagebuch-bsp.1-ebg-leipzig.jpg 1000w\" sizes=\"auto, (max-width: 683px) 100vw, 683px\" \/><figcaption>Lernstoff\u00fcbersicht in Form einer Mindmap<\/figcaption><\/figure>\n\n\n\n<figure class=\"wp-block-image size-large\"><img loading=\"lazy\" decoding=\"async\" width=\"1000\" height=\"667\" src=\"https:\/\/www.ebg.de\/wp-content\/uploads\/2020\/11\/lerntagebuch-bsp.2-ebg-leipzig.jpg\" alt=\"Lerntageb\u00fccher: sauber gegliedertes Inhaltsverzeichnis\" class=\"wp-image-7486\" srcset=\"https:\/\/www.ebg.de\/wp-content\/uploads\/2020\/11\/lerntagebuch-bsp.2-ebg-leipzig.jpg 1000w, https:\/\/www.ebg.de\/wp-content\/uploads\/2020\/11\/lerntagebuch-bsp.2-ebg-leipzig-300x200.jpg 300w, https:\/\/www.ebg.de\/wp-content\/uploads\/2020\/11\/lerntagebuch-bsp.2-ebg-leipzig-768x512.jpg 768w, https:\/\/www.ebg.de\/wp-content\/uploads\/2020\/11\/lerntagebuch-bsp.2-ebg-leipzig-900x600.jpg 900w\" sizes=\"auto, (max-width: 1000px) 100vw, 1000px\" \/><figcaption>Gliederung eines Inhaltsverzeichnisses<\/figcaption><\/figure>\n\n\n\n<figure class=\"wp-block-image size-large\"><img loading=\"lazy\" decoding=\"async\" width=\"1000\" height=\"667\" src=\"https:\/\/www.ebg.de\/wp-content\/uploads\/2020\/11\/lerntagebuch-bsp.3-ebg-leipzig.jpg\" alt=\"Lerntageb\u00fccher: durchstrukturierter Lernkalender\" class=\"wp-image-7488\" srcset=\"https:\/\/www.ebg.de\/wp-content\/uploads\/2020\/11\/lerntagebuch-bsp.3-ebg-leipzig.jpg 1000w, https:\/\/www.ebg.de\/wp-content\/uploads\/2020\/11\/lerntagebuch-bsp.3-ebg-leipzig-300x200.jpg 300w, https:\/\/www.ebg.de\/wp-content\/uploads\/2020\/11\/lerntagebuch-bsp.3-ebg-leipzig-768x512.jpg 768w, https:\/\/www.ebg.de\/wp-content\/uploads\/2020\/11\/lerntagebuch-bsp.3-ebg-leipzig-900x600.jpg 900w\" sizes=\"auto, (max-width: 1000px) 100vw, 1000px\" \/><figcaption>Durchstrukturierter Lernkalender<\/figcaption><\/figure>\n","protected":false},"excerpt":{"rendered":"<p>Die Auszubildenden der generalistischen Pflege stellen einige Beispiele von Lerntageb\u00fcchern vor.<\/p>\n","protected":false},"author":8,"featured_media":7490,"comment_status":"closed","ping_status":"closed","sticky":false,"template":"","format":"standard","meta":{"_acf_changed":false,"footnotes":""},"categories":[27],"tags":[],"class_list":["post-7483","post","type-post","status-publish","format-standard","has-post-thumbnail","hentry","category-news-leipzig-schulen"],"acf":[],"yoast_head":"<!-- This site is optimized with the Yoast SEO plugin v26.9 - https:\/\/yoast.com\/product\/yoast-seo-wordpress\/ -->\n<title>Eigenes Lernen im Blick - Europ\u00e4isches Bildungswerk f\u00fcr Beruf und Gesellschaft<\/title>\n<meta name=\"robots\" content=\"index, follow, max-snippet:-1, max-image-preview:large, max-video-preview:-1\" \/>\n<link rel=\"canonical\" href=\"https:\/\/www.ebg.de\/eigenes-lernen-im-blick\/\" \/>\n<meta property=\"og:locale\" content=\"en_US\" \/>\n<meta property=\"og:type\" content=\"article\" \/>\n<meta property=\"og:title\" content=\"Eigenes Lernen im Blick - Europ\u00e4isches Bildungswerk f\u00fcr Beruf und Gesellschaft\" \/>\n<meta property=\"og:description\" content=\"Die Auszubildenden der generalistischen Pflege stellen einige Beispiele von Lerntageb\u00fcchern vor.\" \/>\n<meta property=\"og:url\" content=\"https:\/\/www.ebg.de\/eigenes-lernen-im-blick\/\" \/>\n<meta property=\"og:site_name\" content=\"Europ\u00e4isches Bildungswerk f\u00fcr Beruf und Gesellschaft\" \/>\n<meta property=\"article:published_time\" content=\"2020-11-24T09:18:10+00:00\" \/>\n<meta property=\"article:modified_time\" content=\"2020-11-24T09:33:25+00:00\" \/>\n<meta property=\"og:image\" content=\"https:\/\/www.ebg.de\/wp-content\/uploads\/2020\/11\/lerntagebuch-bsp.4-ebg-leipzig.jpg\" \/>\n\t<meta property=\"og:image:width\" content=\"1000\" \/>\n\t<meta property=\"og:image:height\" content=\"667\" \/>\n\t<meta property=\"og:image:type\" content=\"image\/jpeg\" \/>\n<meta name=\"author\" content=\"Christiane Selbig\" \/>\n<meta name=\"twitter:card\" content=\"summary_large_image\" \/>\n<meta name=\"twitter:label1\" content=\"Written by\" \/>\n\t<meta name=\"twitter:data1\" content=\"Christiane Selbig\" \/>\n\t<meta name=\"twitter:label2\" content=\"Est. reading time\" \/>\n\t<meta name=\"twitter:data2\" content=\"1 minute\" \/>\n<!-- \/ Yoast SEO plugin. -->","yoast_head_json":{"title":"Eigenes Lernen im Blick - Europ\u00e4isches Bildungswerk f\u00fcr Beruf und Gesellschaft","robots":{"index":"index","follow":"follow","max-snippet":"max-snippet:-1","max-image-preview":"max-image-preview:large","max-video-preview":"max-video-preview:-1"},"canonical":"https:\/\/www.ebg.de\/eigenes-lernen-im-blick\/","og_locale":"en_US","og_type":"article","og_title":"Eigenes Lernen im Blick - Europ\u00e4isches Bildungswerk f\u00fcr Beruf und Gesellschaft","og_description":"Die Auszubildenden der generalistischen Pflege stellen einige Beispiele von Lerntageb\u00fcchern vor.","og_url":"https:\/\/www.ebg.de\/eigenes-lernen-im-blick\/","og_site_name":"Europ\u00e4isches Bildungswerk f\u00fcr Beruf und Gesellschaft","article_published_time":"2020-11-24T09:18:10+00:00","article_modified_time":"2020-11-24T09:33:25+00:00","og_image":[{"width":1000,"height":667,"url":"https:\/\/www.ebg.de\/wp-content\/uploads\/2020\/11\/lerntagebuch-bsp.4-ebg-leipzig.jpg","type":"image\/jpeg"}],"author":"Christiane Selbig","twitter_card":"summary_large_image","twitter_misc":{"Written by":"Christiane Selbig","Est. reading time":"1 minute"},"schema":{"@context":"https:\/\/schema.org","@graph":[{"@type":"Article","@id":"https:\/\/www.ebg.de\/eigenes-lernen-im-blick\/#article","isPartOf":{"@id":"https:\/\/www.ebg.de\/eigenes-lernen-im-blick\/"},"author":{"name":"Christiane Selbig","@id":"https:\/\/www.ebg.de\/#\/schema\/person\/841de16928f485ad75bab4e688fe3436"},"headline":"Eigenes Lernen im Blick","datePublished":"2020-11-24T09:18:10+00:00","dateModified":"2020-11-24T09:33:25+00:00","mainEntityOfPage":{"@id":"https:\/\/www.ebg.de\/eigenes-lernen-im-blick\/"},"wordCount":147,"image":{"@id":"https:\/\/www.ebg.de\/eigenes-lernen-im-blick\/#primaryimage"},"thumbnailUrl":"https:\/\/www.ebg.de\/wp-content\/uploads\/2020\/11\/lerntagebuch-bsp.4-ebg-leipzig.jpg","articleSection":["News - Leipzig Schulen"],"inLanguage":"en-US"},{"@type":"WebPage","@id":"https:\/\/www.ebg.de\/eigenes-lernen-im-blick\/","url":"https:\/\/www.ebg.de\/eigenes-lernen-im-blick\/","name":"Eigenes Lernen im Blick - Europ\u00e4isches Bildungswerk f\u00fcr Beruf und Gesellschaft","isPartOf":{"@id":"https:\/\/www.ebg.de\/#website"},"primaryImageOfPage":{"@id":"https:\/\/www.ebg.de\/eigenes-lernen-im-blick\/#primaryimage"},"image":{"@id":"https:\/\/www.ebg.de\/eigenes-lernen-im-blick\/#primaryimage"},"thumbnailUrl":"https:\/\/www.ebg.de\/wp-content\/uploads\/2020\/11\/lerntagebuch-bsp.4-ebg-leipzig.jpg","datePublished":"2020-11-24T09:18:10+00:00","dateModified":"2020-11-24T09:33:25+00:00","author":{"@id":"https:\/\/www.ebg.de\/#\/schema\/person\/841de16928f485ad75bab4e688fe3436"},"breadcrumb":{"@id":"https:\/\/www.ebg.de\/eigenes-lernen-im-blick\/#breadcrumb"},"inLanguage":"en-US","potentialAction":[{"@type":"ReadAction","target":["https:\/\/www.ebg.de\/eigenes-lernen-im-blick\/"]}]},{"@type":"ImageObject","inLanguage":"en-US","@id":"https:\/\/www.ebg.de\/eigenes-lernen-im-blick\/#primaryimage","url":"https:\/\/www.ebg.de\/wp-content\/uploads\/2020\/11\/lerntagebuch-bsp.4-ebg-leipzig.jpg","contentUrl":"https:\/\/www.ebg.de\/wp-content\/uploads\/2020\/11\/lerntagebuch-bsp.4-ebg-leipzig.jpg","width":1000,"height":667,"caption":"Lerntagebuch generalistische Pflegeausbildung, Beispiel 1"},{"@type":"BreadcrumbList","@id":"https:\/\/www.ebg.de\/eigenes-lernen-im-blick\/#breadcrumb","itemListElement":[{"@type":"ListItem","position":1,"name":"Startseite","item":"https:\/\/www.ebg.de\/"},{"@type":"ListItem","position":2,"name":"Eigenes Lernen im Blick"}]},{"@type":"WebSite","@id":"https:\/\/www.ebg.de\/#website","url":"https:\/\/www.ebg.de\/","name":"Europ\u00e4isches Bildungswerk f\u00fcr Beruf und Gesellschaft","description":"Bildung, Ausbildung und Weiterbildung","potentialAction":[{"@type":"SearchAction","target":{"@type":"EntryPoint","urlTemplate":"https:\/\/www.ebg.de\/?s={search_term_string}"},"query-input":{"@type":"PropertyValueSpecification","valueRequired":true,"valueName":"search_term_string"}}],"inLanguage":"en-US"},{"@type":"Person","@id":"https:\/\/www.ebg.de\/#\/schema\/person\/841de16928f485ad75bab4e688fe3436","name":"Christiane Selbig","image":{"@type":"ImageObject","inLanguage":"en-US","@id":"https:\/\/www.ebg.de\/#\/schema\/person\/image\/","url":"https:\/\/secure.gravatar.com\/avatar\/2cc1d2ea88bd46e448d57ac18ac9f028486b7c08a90951b9d99326eeec001739?s=96&d=mm&r=g","contentUrl":"https:\/\/secure.gravatar.com\/avatar\/2cc1d2ea88bd46e448d57ac18ac9f028486b7c08a90951b9d99326eeec001739?s=96&d=mm&r=g","caption":"Christiane Selbig"},"url":"https:\/\/www.ebg.de\/en\/author\/cselbig\/"}]}},"_links":{"self":[{"href":"https:\/\/www.ebg.de\/en\/wp-json\/wp\/v2\/posts\/7483","targetHints":{"allow":["GET"]}}],"collection":[{"href":"https:\/\/www.ebg.de\/en\/wp-json\/wp\/v2\/posts"}],"about":[{"href":"https:\/\/www.ebg.de\/en\/wp-json\/wp\/v2\/types\/post"}],"author":[{"embeddable":true,"href":"https:\/\/www.ebg.de\/en\/wp-json\/wp\/v2\/users\/8"}],"replies":[{"embeddable":true,"href":"https:\/\/www.ebg.de\/en\/wp-json\/wp\/v2\/comments?post=7483"}],"version-history":[{"count":4,"href":"https:\/\/www.ebg.de\/en\/wp-json\/wp\/v2\/posts\/7483\/revisions"}],"predecessor-version":[{"id":7496,"href":"https:\/\/www.ebg.de\/en\/wp-json\/wp\/v2\/posts\/7483\/revisions\/7496"}],"wp:featuredmedia":[{"embeddable":true,"href":"https:\/\/www.ebg.de\/en\/wp-json\/wp\/v2\/media\/7490"}],"wp:attachment":[{"href":"https:\/\/www.ebg.de\/en\/wp-json\/wp\/v2\/media?parent=7483"}],"wp:term":[{"taxonomy":"category","embeddable":true,"href":"https:\/\/www.ebg.de\/en\/wp-json\/wp\/v2\/categories?post=7483"},{"taxonomy":"post_tag","embeddable":true,"href":"https:\/\/www.ebg.de\/en\/wp-json\/wp\/v2\/tags?post=7483"}],"curies":[{"name":"wp","href":"https:\/\/api.w.org\/{rel}","templated":true}]}}