{"id":7193,"date":"2020-10-09T07:41:53","date_gmt":"2020-10-09T05:41:53","guid":{"rendered":"https:\/\/www.ebg.de\/?p=7193"},"modified":"2020-10-09T07:41:55","modified_gmt":"2020-10-09T05:41:55","slug":"mens-sana-in-corpore-sano-ein-gesunder-geist-wohnt-in-einem-gesunden-koerper","status":"publish","type":"post","link":"https:\/\/www.ebg.de\/en\/mens-sana-in-corpore-sano-ein-gesunder-geist-wohnt-in-einem-gesunden-koerper\/","title":{"rendered":"Mens sana in corpore sano! (Ein gesunder Geist wohnt in einem gesunden K\u00f6rper!)"},"content":{"rendered":"\n<p>Was den alten R\u00f6mern bestens vertraut war, ist unseren Lehrkr\u00e4ften am EBG nat\u00fcrlich auch nicht unbekannt. Daher traten sieben von ihnen beim diesj\u00e4hrig digitalen Firmenstaffellauf vom 01.06.-31.08.2020 an. Drei Monate Wettbewerb, 178 gegnerische Teams, 194 Laufaktivit\u00e4ten und sportliche 1.308 gelaufene Kilometer liegen hinter unserer Mannschaft. Dies entspricht der Fu\u00dfstrecke von Magdeburg nach Rom \u2013 letztendlich f\u00fchren bekannterma\u00dfen ja alle Wege dorthin.<\/p>\n\n\n\n<p>Und das Endergebnis kann sich sehen lassen: Platz 98 in der \u201eFirmenwertung Gesamtkilometer\u201c sowie Platz 43 (!) in der \u201eFirmenwertung Kilometer pro Mitarbeiter\u201c.<\/p>\n\n\n\n<figure class=\"wp-block-image size-large\"><img loading=\"lazy\" decoding=\"async\" width=\"671\" height=\"943\" src=\"https:\/\/www.ebg.de\/wp-content\/uploads\/2020\/10\/Urkunde1.png\" alt=\"\" class=\"wp-image-7197\" srcset=\"https:\/\/www.ebg.de\/wp-content\/uploads\/2020\/10\/Urkunde1.png 671w, https:\/\/www.ebg.de\/wp-content\/uploads\/2020\/10\/Urkunde1-213x300.png 213w\" sizes=\"auto, (max-width: 671px) 100vw, 671px\" \/><\/figure>\n\n\n\n<figure class=\"wp-block-image size-large\"><img loading=\"lazy\" decoding=\"async\" width=\"667\" height=\"939\" src=\"https:\/\/www.ebg.de\/wp-content\/uploads\/2020\/10\/Urkunde2.png\" alt=\"\" class=\"wp-image-7199\" srcset=\"https:\/\/www.ebg.de\/wp-content\/uploads\/2020\/10\/Urkunde2.png 667w, https:\/\/www.ebg.de\/wp-content\/uploads\/2020\/10\/Urkunde2-213x300.png 213w\" sizes=\"auto, (max-width: 667px) 100vw, 667px\" \/><\/figure>\n\n\n\n<p>Wir streben im n\u00e4chsten Jahr zweifellos auch wieder an, dabei zu sein und hoffen dar\u00fcber hinaus, auch ein Team aus unserer Sch\u00fclerschaft mit an den Start zu schicken. Ob Laufanf\u00e4nger*innen oder Profisportler*innen, ob begeisterte Walker*innen oder Sprinter*innen, jede*r ist willkommen und kann einen eigenen Einsatz beizusteuern.<\/p>\n\n\n\n<p>Bis dahin: Sport frei!<\/p>\n","protected":false},"excerpt":{"rendered":"<p>Was den alten R\u00f6mern bestens vertraut war, ist unseren Lehrkr\u00e4ften am EBG nat\u00fcrlich auch nicht unbekannt&#8230;<\/p>\n","protected":false},"author":22,"featured_media":7194,"comment_status":"closed","ping_status":"closed","sticky":false,"template":"","format":"standard","meta":{"_acf_changed":false,"footnotes":""},"categories":[19],"tags":[],"class_list":["post-7193","post","type-post","status-publish","format-standard","has-post-thumbnail","hentry","category-news-magdeburg-schulen"],"acf":[],"yoast_head":"<!-- This site is optimized with the Yoast SEO plugin v26.9 - https:\/\/yoast.com\/product\/yoast-seo-wordpress\/ -->\n<title>Mens sana in corpore sano! (Ein gesunder Geist wohnt in einem gesunden K\u00f6rper!) - Europ\u00e4isches Bildungswerk f\u00fcr Beruf und Gesellschaft<\/title>\n<meta name=\"robots\" content=\"index, follow, max-snippet:-1, max-image-preview:large, max-video-preview:-1\" \/>\n<link rel=\"canonical\" href=\"https:\/\/www.ebg.de\/mens-sana-in-corpore-sano-ein-gesunder-geist-wohnt-in-einem-gesunden-koerper\/\" \/>\n<meta property=\"og:locale\" content=\"en_US\" \/>\n<meta property=\"og:type\" content=\"article\" \/>\n<meta property=\"og:title\" content=\"Mens sana in corpore sano! (Ein gesunder Geist wohnt in einem gesunden K\u00f6rper!) - Europ\u00e4isches Bildungswerk f\u00fcr Beruf und Gesellschaft\" \/>\n<meta property=\"og:description\" content=\"Was den alten R\u00f6mern bestens vertraut war, ist unseren Lehrkr\u00e4ften am EBG nat\u00fcrlich auch nicht unbekannt...\" \/>\n<meta property=\"og:url\" content=\"https:\/\/www.ebg.de\/mens-sana-in-corpore-sano-ein-gesunder-geist-wohnt-in-einem-gesunden-koerper\/\" \/>\n<meta property=\"og:site_name\" content=\"Europ\u00e4isches Bildungswerk f\u00fcr Beruf und Gesellschaft\" \/>\n<meta property=\"article:published_time\" content=\"2020-10-09T05:41:53+00:00\" \/>\n<meta property=\"article:modified_time\" content=\"2020-10-09T05:41:55+00:00\" \/>\n<meta property=\"og:image\" content=\"https:\/\/www.ebg.de\/wp-content\/uploads\/2020\/10\/Laufshirt.png\" \/>\n\t<meta property=\"og:image:width\" content=\"637\" \/>\n\t<meta property=\"og:image:height\" content=\"897\" \/>\n\t<meta property=\"og:image:type\" content=\"image\/png\" \/>\n<meta name=\"author\" content=\"Stephan Deubner\" \/>\n<meta name=\"twitter:card\" content=\"summary_large_image\" \/>\n<meta name=\"twitter:label1\" content=\"Written by\" \/>\n\t<meta name=\"twitter:data1\" content=\"Stephan Deubner\" \/>\n\t<meta name=\"twitter:label2\" content=\"Est. reading time\" \/>\n\t<meta name=\"twitter:data2\" content=\"1 minute\" \/>\n<!-- \/ Yoast SEO plugin. -->","yoast_head_json":{"title":"Mens sana in corpore sano! (Ein gesunder Geist wohnt in einem gesunden K\u00f6rper!) - Europ\u00e4isches Bildungswerk f\u00fcr Beruf und Gesellschaft","robots":{"index":"index","follow":"follow","max-snippet":"max-snippet:-1","max-image-preview":"max-image-preview:large","max-video-preview":"max-video-preview:-1"},"canonical":"https:\/\/www.ebg.de\/mens-sana-in-corpore-sano-ein-gesunder-geist-wohnt-in-einem-gesunden-koerper\/","og_locale":"en_US","og_type":"article","og_title":"Mens sana in corpore sano! (Ein gesunder Geist wohnt in einem gesunden K\u00f6rper!) - Europ\u00e4isches Bildungswerk f\u00fcr Beruf und Gesellschaft","og_description":"Was den alten R\u00f6mern bestens vertraut war, ist unseren Lehrkr\u00e4ften am EBG nat\u00fcrlich auch nicht unbekannt...","og_url":"https:\/\/www.ebg.de\/mens-sana-in-corpore-sano-ein-gesunder-geist-wohnt-in-einem-gesunden-koerper\/","og_site_name":"Europ\u00e4isches Bildungswerk f\u00fcr Beruf und Gesellschaft","article_published_time":"2020-10-09T05:41:53+00:00","article_modified_time":"2020-10-09T05:41:55+00:00","og_image":[{"width":637,"height":897,"url":"https:\/\/www.ebg.de\/wp-content\/uploads\/2020\/10\/Laufshirt.png","type":"image\/png"}],"author":"Stephan Deubner","twitter_card":"summary_large_image","twitter_misc":{"Written by":"Stephan Deubner","Est. reading time":"1 minute"},"schema":{"@context":"https:\/\/schema.org","@graph":[{"@type":"Article","@id":"https:\/\/www.ebg.de\/mens-sana-in-corpore-sano-ein-gesunder-geist-wohnt-in-einem-gesunden-koerper\/#article","isPartOf":{"@id":"https:\/\/www.ebg.de\/mens-sana-in-corpore-sano-ein-gesunder-geist-wohnt-in-einem-gesunden-koerper\/"},"author":{"name":"Stephan Deubner","@id":"https:\/\/www.ebg.de\/#\/schema\/person\/af645ea1741029d9a44ae532ceb268bc"},"headline":"Mens sana in corpore sano! (Ein gesunder Geist wohnt in einem gesunden K\u00f6rper!)","datePublished":"2020-10-09T05:41:53+00:00","dateModified":"2020-10-09T05:41:55+00:00","mainEntityOfPage":{"@id":"https:\/\/www.ebg.de\/mens-sana-in-corpore-sano-ein-gesunder-geist-wohnt-in-einem-gesunden-koerper\/"},"wordCount":158,"image":{"@id":"https:\/\/www.ebg.de\/mens-sana-in-corpore-sano-ein-gesunder-geist-wohnt-in-einem-gesunden-koerper\/#primaryimage"},"thumbnailUrl":"https:\/\/www.ebg.de\/wp-content\/uploads\/2020\/10\/Laufshirt.png","articleSection":["News - Magdeburg Schulen"],"inLanguage":"en-US"},{"@type":"WebPage","@id":"https:\/\/www.ebg.de\/mens-sana-in-corpore-sano-ein-gesunder-geist-wohnt-in-einem-gesunden-koerper\/","url":"https:\/\/www.ebg.de\/mens-sana-in-corpore-sano-ein-gesunder-geist-wohnt-in-einem-gesunden-koerper\/","name":"Mens sana in corpore sano! (Ein gesunder Geist wohnt in einem gesunden K\u00f6rper!) - Europ\u00e4isches Bildungswerk f\u00fcr Beruf und Gesellschaft","isPartOf":{"@id":"https:\/\/www.ebg.de\/#website"},"primaryImageOfPage":{"@id":"https:\/\/www.ebg.de\/mens-sana-in-corpore-sano-ein-gesunder-geist-wohnt-in-einem-gesunden-koerper\/#primaryimage"},"image":{"@id":"https:\/\/www.ebg.de\/mens-sana-in-corpore-sano-ein-gesunder-geist-wohnt-in-einem-gesunden-koerper\/#primaryimage"},"thumbnailUrl":"https:\/\/www.ebg.de\/wp-content\/uploads\/2020\/10\/Laufshirt.png","datePublished":"2020-10-09T05:41:53+00:00","dateModified":"2020-10-09T05:41:55+00:00","author":{"@id":"https:\/\/www.ebg.de\/#\/schema\/person\/af645ea1741029d9a44ae532ceb268bc"},"breadcrumb":{"@id":"https:\/\/www.ebg.de\/mens-sana-in-corpore-sano-ein-gesunder-geist-wohnt-in-einem-gesunden-koerper\/#breadcrumb"},"inLanguage":"en-US","potentialAction":[{"@type":"ReadAction","target":["https:\/\/www.ebg.de\/mens-sana-in-corpore-sano-ein-gesunder-geist-wohnt-in-einem-gesunden-koerper\/"]}]},{"@type":"ImageObject","inLanguage":"en-US","@id":"https:\/\/www.ebg.de\/mens-sana-in-corpore-sano-ein-gesunder-geist-wohnt-in-einem-gesunden-koerper\/#primaryimage","url":"https:\/\/www.ebg.de\/wp-content\/uploads\/2020\/10\/Laufshirt.png","contentUrl":"https:\/\/www.ebg.de\/wp-content\/uploads\/2020\/10\/Laufshirt.png","width":637,"height":897},{"@type":"BreadcrumbList","@id":"https:\/\/www.ebg.de\/mens-sana-in-corpore-sano-ein-gesunder-geist-wohnt-in-einem-gesunden-koerper\/#breadcrumb","itemListElement":[{"@type":"ListItem","position":1,"name":"Startseite","item":"https:\/\/www.ebg.de\/"},{"@type":"ListItem","position":2,"name":"Mens sana in corpore sano! (Ein gesunder Geist wohnt in einem gesunden K\u00f6rper!)"}]},{"@type":"WebSite","@id":"https:\/\/www.ebg.de\/#website","url":"https:\/\/www.ebg.de\/","name":"Europ\u00e4isches Bildungswerk f\u00fcr Beruf und Gesellschaft","description":"Bildung, Ausbildung und Weiterbildung","potentialAction":[{"@type":"SearchAction","target":{"@type":"EntryPoint","urlTemplate":"https:\/\/www.ebg.de\/?s={search_term_string}"},"query-input":{"@type":"PropertyValueSpecification","valueRequired":true,"valueName":"search_term_string"}}],"inLanguage":"en-US"},{"@type":"Person","@id":"https:\/\/www.ebg.de\/#\/schema\/person\/af645ea1741029d9a44ae532ceb268bc","name":"Stephan Deubner","image":{"@type":"ImageObject","inLanguage":"en-US","@id":"https:\/\/www.ebg.de\/#\/schema\/person\/image\/","url":"https:\/\/secure.gravatar.com\/avatar\/35731f6a08afa0518c45f153077f6135c0f41aa2ae0b76e850ef9508976a7bbe?s=96&d=mm&r=g","contentUrl":"https:\/\/secure.gravatar.com\/avatar\/35731f6a08afa0518c45f153077f6135c0f41aa2ae0b76e850ef9508976a7bbe?s=96&d=mm&r=g","caption":"Stephan Deubner"},"url":"https:\/\/www.ebg.de\/en\/author\/sdeubner\/"}]}},"_links":{"self":[{"href":"https:\/\/www.ebg.de\/en\/wp-json\/wp\/v2\/posts\/7193","targetHints":{"allow":["GET"]}}],"collection":[{"href":"https:\/\/www.ebg.de\/en\/wp-json\/wp\/v2\/posts"}],"about":[{"href":"https:\/\/www.ebg.de\/en\/wp-json\/wp\/v2\/types\/post"}],"author":[{"embeddable":true,"href":"https:\/\/www.ebg.de\/en\/wp-json\/wp\/v2\/users\/22"}],"replies":[{"embeddable":true,"href":"https:\/\/www.ebg.de\/en\/wp-json\/wp\/v2\/comments?post=7193"}],"version-history":[{"count":3,"href":"https:\/\/www.ebg.de\/en\/wp-json\/wp\/v2\/posts\/7193\/revisions"}],"predecessor-version":[{"id":7202,"href":"https:\/\/www.ebg.de\/en\/wp-json\/wp\/v2\/posts\/7193\/revisions\/7202"}],"wp:featuredmedia":[{"embeddable":true,"href":"https:\/\/www.ebg.de\/en\/wp-json\/wp\/v2\/media\/7194"}],"wp:attachment":[{"href":"https:\/\/www.ebg.de\/en\/wp-json\/wp\/v2\/media?parent=7193"}],"wp:term":[{"taxonomy":"category","embeddable":true,"href":"https:\/\/www.ebg.de\/en\/wp-json\/wp\/v2\/categories?post=7193"},{"taxonomy":"post_tag","embeddable":true,"href":"https:\/\/www.ebg.de\/en\/wp-json\/wp\/v2\/tags?post=7193"}],"curies":[{"name":"wp","href":"https:\/\/api.w.org\/{rel}","templated":true}]}}