{"id":7161,"date":"2020-11-17T14:11:41","date_gmt":"2020-11-17T13:11:41","guid":{"rendered":"https:\/\/www.ebg.de\/?p=7161"},"modified":"2022-01-11T11:36:15","modified_gmt":"2022-01-11T10:36:15","slug":"gemeinsames-treffen-mit-unseren-vietnamesischen-auszubildenden-2","status":"publish","type":"post","link":"https:\/\/www.ebg.de\/en\/gemeinsames-treffen-mit-unseren-vietnamesischen-auszubildenden-2\/","title":{"rendered":"Treffen mit unseren vietnamesischen Auszubildenden"},"content":{"rendered":"\n<p>Am 7. Oktober war es soweit. Unsere neu hinzugekommenden vietnamesischen Auszubildenden waren mit Ihren Mitsch\u00fclern und den zuk\u00fcnftigen Sozialassistenten in der Leipziger Innenstadt verabredet. Die Sozialassistenten haben das Treffen vorbereitet, \u00dcbersichten erstellt, die die wichtigsten Informationen f\u00fcr junge Menschen enthielten und eine App vorgestellt, die den neuen Leipzigern die Orientierung in der Stadt erleichtern kann.<br>Wir sind zuerst in das zeitgeschichtliche Forum gegangen, um ein St\u00fcck deutsche Geschichte kennen zu lernen. Im Gespr\u00e4ch stellten sich einige Parallelen zur vietnamesischen Geschichte heraus und wir freuten uns, dass wir \u00c4hnlichkeiten feststellen konnten und kamen uns auf diese Weise n\u00e4her. Den Ausflug lie\u00dfen wir mit einem gemeinsamen vietnamesischen Essen im Gourmetpalast ausklingen. Die vietnamesische K\u00fcche hat uns allen geschmeckt, auch hier waren wir uns wieder einig.<\/p>\n\n\n\n<figure class=\"wp-block-image size-large\"><img loading=\"lazy\" decoding=\"async\" width=\"1000\" height=\"667\" src=\"https:\/\/www.ebg.de\/wp-content\/uploads\/2020\/10\/IMG_3200.jpg\" alt=\"\" class=\"wp-image-7392\" srcset=\"https:\/\/www.ebg.de\/wp-content\/uploads\/2020\/10\/IMG_3200.jpg 1000w, https:\/\/www.ebg.de\/wp-content\/uploads\/2020\/10\/IMG_3200-300x200.jpg 300w, https:\/\/www.ebg.de\/wp-content\/uploads\/2020\/10\/IMG_3200-768x512.jpg 768w, https:\/\/www.ebg.de\/wp-content\/uploads\/2020\/10\/IMG_3200-900x600.jpg 900w\" sizes=\"auto, (max-width: 1000px) 100vw, 1000px\" \/><\/figure>\n\n\n\n<figure class=\"wp-block-image size-large\"><img loading=\"lazy\" decoding=\"async\" width=\"1000\" height=\"667\" src=\"https:\/\/www.ebg.de\/wp-content\/uploads\/2020\/10\/402EF47E-518F-4A9A-9744-97BCCDB6222A.jpg\" alt=\"\" class=\"wp-image-7386\" srcset=\"https:\/\/www.ebg.de\/wp-content\/uploads\/2020\/10\/402EF47E-518F-4A9A-9744-97BCCDB6222A.jpg 1000w, https:\/\/www.ebg.de\/wp-content\/uploads\/2020\/10\/402EF47E-518F-4A9A-9744-97BCCDB6222A-300x200.jpg 300w, https:\/\/www.ebg.de\/wp-content\/uploads\/2020\/10\/402EF47E-518F-4A9A-9744-97BCCDB6222A-768x512.jpg 768w, https:\/\/www.ebg.de\/wp-content\/uploads\/2020\/10\/402EF47E-518F-4A9A-9744-97BCCDB6222A-900x600.jpg 900w\" sizes=\"auto, (max-width: 1000px) 100vw, 1000px\" \/><\/figure>\n\n\n\n<figure class=\"wp-block-image size-large\"><img loading=\"lazy\" decoding=\"async\" width=\"1000\" height=\"667\" src=\"https:\/\/www.ebg.de\/wp-content\/uploads\/2020\/10\/FB95D7B3-C718-47DB-8C68-69056CB3E66B.jpg\" alt=\"\" class=\"wp-image-7388\" srcset=\"https:\/\/www.ebg.de\/wp-content\/uploads\/2020\/10\/FB95D7B3-C718-47DB-8C68-69056CB3E66B.jpg 1000w, https:\/\/www.ebg.de\/wp-content\/uploads\/2020\/10\/FB95D7B3-C718-47DB-8C68-69056CB3E66B-300x200.jpg 300w, https:\/\/www.ebg.de\/wp-content\/uploads\/2020\/10\/FB95D7B3-C718-47DB-8C68-69056CB3E66B-768x512.jpg 768w, https:\/\/www.ebg.de\/wp-content\/uploads\/2020\/10\/FB95D7B3-C718-47DB-8C68-69056CB3E66B-900x600.jpg 900w\" sizes=\"auto, (max-width: 1000px) 100vw, 1000px\" \/><\/figure>\n","protected":false},"excerpt":{"rendered":"<p>Unsere neu hinzugekommenden vietnamesischen Auszubildenden waren mit Ihren Mitsch\u00fclern in der Leipziger Innenstadt verabredet.<\/p>\n","protected":false},"author":2,"featured_media":7390,"comment_status":"closed","ping_status":"closed","sticky":false,"template":"","format":"standard","meta":{"_acf_changed":false,"footnotes":""},"categories":[27,1],"tags":[],"class_list":["post-7161","post","type-post","status-publish","format-standard","has-post-thumbnail","hentry","category-news-leipzig-schulen","category-unkategorisiert"],"acf":[],"yoast_head":"<!-- This site is optimized with the Yoast SEO plugin v26.9 - https:\/\/yoast.com\/product\/yoast-seo-wordpress\/ -->\n<title>Treffen mit unseren vietnamesischen Auszubildenden - Europ\u00e4isches Bildungswerk f\u00fcr Beruf und Gesellschaft<\/title>\n<meta name=\"robots\" content=\"index, follow, max-snippet:-1, max-image-preview:large, max-video-preview:-1\" \/>\n<link rel=\"canonical\" href=\"https:\/\/www.ebg.de\/gemeinsames-treffen-mit-unseren-vietnamesischen-auszubildenden-2\/\" \/>\n<meta property=\"og:locale\" content=\"en_US\" \/>\n<meta property=\"og:type\" content=\"article\" \/>\n<meta property=\"og:title\" content=\"Treffen mit unseren vietnamesischen Auszubildenden - Europ\u00e4isches Bildungswerk f\u00fcr Beruf und Gesellschaft\" \/>\n<meta property=\"og:description\" content=\"Unsere neu hinzugekommenden vietnamesischen Auszubildenden waren mit Ihren Mitsch\u00fclern in der Leipziger Innenstadt verabredet.\" \/>\n<meta property=\"og:url\" content=\"https:\/\/www.ebg.de\/gemeinsames-treffen-mit-unseren-vietnamesischen-auszubildenden-2\/\" \/>\n<meta property=\"og:site_name\" content=\"Europ\u00e4isches Bildungswerk f\u00fcr Beruf und Gesellschaft\" \/>\n<meta property=\"article:published_time\" content=\"2020-11-17T13:11:41+00:00\" \/>\n<meta property=\"article:modified_time\" content=\"2022-01-11T10:36:15+00:00\" \/>\n<meta property=\"og:image\" content=\"https:\/\/www.ebg.de\/wp-content\/uploads\/2020\/10\/IMG_3195.jpg\" \/>\n\t<meta property=\"og:image:width\" content=\"900\" \/>\n\t<meta property=\"og:image:height\" content=\"453\" \/>\n\t<meta property=\"og:image:type\" content=\"image\/jpeg\" \/>\n<meta name=\"author\" content=\"Carla R\u00f6blitz\" \/>\n<meta name=\"twitter:card\" content=\"summary_large_image\" \/>\n<meta name=\"twitter:label1\" content=\"Written by\" \/>\n\t<meta name=\"twitter:data1\" content=\"Carla R\u00f6blitz\" \/>\n\t<meta name=\"twitter:label2\" content=\"Est. reading time\" \/>\n\t<meta name=\"twitter:data2\" content=\"1 minute\" \/>\n<!-- \/ Yoast SEO plugin. -->","yoast_head_json":{"title":"Treffen mit unseren vietnamesischen Auszubildenden - Europ\u00e4isches Bildungswerk f\u00fcr Beruf und Gesellschaft","robots":{"index":"index","follow":"follow","max-snippet":"max-snippet:-1","max-image-preview":"max-image-preview:large","max-video-preview":"max-video-preview:-1"},"canonical":"https:\/\/www.ebg.de\/gemeinsames-treffen-mit-unseren-vietnamesischen-auszubildenden-2\/","og_locale":"en_US","og_type":"article","og_title":"Treffen mit unseren vietnamesischen Auszubildenden - Europ\u00e4isches Bildungswerk f\u00fcr Beruf und Gesellschaft","og_description":"Unsere neu hinzugekommenden vietnamesischen Auszubildenden waren mit Ihren Mitsch\u00fclern in der Leipziger Innenstadt verabredet.","og_url":"https:\/\/www.ebg.de\/gemeinsames-treffen-mit-unseren-vietnamesischen-auszubildenden-2\/","og_site_name":"Europ\u00e4isches Bildungswerk f\u00fcr Beruf und Gesellschaft","article_published_time":"2020-11-17T13:11:41+00:00","article_modified_time":"2022-01-11T10:36:15+00:00","og_image":[{"width":900,"height":453,"url":"https:\/\/www.ebg.de\/wp-content\/uploads\/2020\/10\/IMG_3195.jpg","type":"image\/jpeg"}],"author":"Carla R\u00f6blitz","twitter_card":"summary_large_image","twitter_misc":{"Written by":"Carla R\u00f6blitz","Est. reading time":"1 minute"},"schema":{"@context":"https:\/\/schema.org","@graph":[{"@type":"Article","@id":"https:\/\/www.ebg.de\/gemeinsames-treffen-mit-unseren-vietnamesischen-auszubildenden-2\/#article","isPartOf":{"@id":"https:\/\/www.ebg.de\/gemeinsames-treffen-mit-unseren-vietnamesischen-auszubildenden-2\/"},"author":{"name":"Carla R\u00f6blitz","@id":"https:\/\/www.ebg.de\/#\/schema\/person\/6194a3051c516578ca559a6b15ac8fd8"},"headline":"Treffen mit unseren vietnamesischen Auszubildenden","datePublished":"2020-11-17T13:11:41+00:00","dateModified":"2022-01-11T10:36:15+00:00","mainEntityOfPage":{"@id":"https:\/\/www.ebg.de\/gemeinsames-treffen-mit-unseren-vietnamesischen-auszubildenden-2\/"},"wordCount":135,"image":{"@id":"https:\/\/www.ebg.de\/gemeinsames-treffen-mit-unseren-vietnamesischen-auszubildenden-2\/#primaryimage"},"thumbnailUrl":"https:\/\/www.ebg.de\/wp-content\/uploads\/2020\/10\/IMG_3195.jpg","articleSection":["News - Leipzig Schulen","Unkategorisiert"],"inLanguage":"en-US"},{"@type":"WebPage","@id":"https:\/\/www.ebg.de\/gemeinsames-treffen-mit-unseren-vietnamesischen-auszubildenden-2\/","url":"https:\/\/www.ebg.de\/gemeinsames-treffen-mit-unseren-vietnamesischen-auszubildenden-2\/","name":"Treffen mit unseren vietnamesischen Auszubildenden - Europ\u00e4isches Bildungswerk f\u00fcr Beruf und Gesellschaft","isPartOf":{"@id":"https:\/\/www.ebg.de\/#website"},"primaryImageOfPage":{"@id":"https:\/\/www.ebg.de\/gemeinsames-treffen-mit-unseren-vietnamesischen-auszubildenden-2\/#primaryimage"},"image":{"@id":"https:\/\/www.ebg.de\/gemeinsames-treffen-mit-unseren-vietnamesischen-auszubildenden-2\/#primaryimage"},"thumbnailUrl":"https:\/\/www.ebg.de\/wp-content\/uploads\/2020\/10\/IMG_3195.jpg","datePublished":"2020-11-17T13:11:41+00:00","dateModified":"2022-01-11T10:36:15+00:00","author":{"@id":"https:\/\/www.ebg.de\/#\/schema\/person\/6194a3051c516578ca559a6b15ac8fd8"},"breadcrumb":{"@id":"https:\/\/www.ebg.de\/gemeinsames-treffen-mit-unseren-vietnamesischen-auszubildenden-2\/#breadcrumb"},"inLanguage":"en-US","potentialAction":[{"@type":"ReadAction","target":["https:\/\/www.ebg.de\/gemeinsames-treffen-mit-unseren-vietnamesischen-auszubildenden-2\/"]}]},{"@type":"ImageObject","inLanguage":"en-US","@id":"https:\/\/www.ebg.de\/gemeinsames-treffen-mit-unseren-vietnamesischen-auszubildenden-2\/#primaryimage","url":"https:\/\/www.ebg.de\/wp-content\/uploads\/2020\/10\/IMG_3195.jpg","contentUrl":"https:\/\/www.ebg.de\/wp-content\/uploads\/2020\/10\/IMG_3195.jpg","width":900,"height":453},{"@type":"BreadcrumbList","@id":"https:\/\/www.ebg.de\/gemeinsames-treffen-mit-unseren-vietnamesischen-auszubildenden-2\/#breadcrumb","itemListElement":[{"@type":"ListItem","position":1,"name":"Startseite","item":"https:\/\/www.ebg.de\/"},{"@type":"ListItem","position":2,"name":"Treffen mit unseren vietnamesischen Auszubildenden"}]},{"@type":"WebSite","@id":"https:\/\/www.ebg.de\/#website","url":"https:\/\/www.ebg.de\/","name":"Europ\u00e4isches Bildungswerk f\u00fcr Beruf und Gesellschaft","description":"Bildung, Ausbildung und Weiterbildung","potentialAction":[{"@type":"SearchAction","target":{"@type":"EntryPoint","urlTemplate":"https:\/\/www.ebg.de\/?s={search_term_string}"},"query-input":{"@type":"PropertyValueSpecification","valueRequired":true,"valueName":"search_term_string"}}],"inLanguage":"en-US"},{"@type":"Person","@id":"https:\/\/www.ebg.de\/#\/schema\/person\/6194a3051c516578ca559a6b15ac8fd8","name":"Carla R\u00f6blitz","image":{"@type":"ImageObject","inLanguage":"en-US","@id":"https:\/\/www.ebg.de\/#\/schema\/person\/image\/","url":"https:\/\/secure.gravatar.com\/avatar\/a857149204a48781b4d141524fc4cbc60c48bb5682271a5e2762174f7ac85a2d?s=96&d=mm&r=g","contentUrl":"https:\/\/secure.gravatar.com\/avatar\/a857149204a48781b4d141524fc4cbc60c48bb5682271a5e2762174f7ac85a2d?s=96&d=mm&r=g","caption":"Carla R\u00f6blitz"},"url":"https:\/\/www.ebg.de\/en\/author\/croeblitz\/"}]}},"_links":{"self":[{"href":"https:\/\/www.ebg.de\/en\/wp-json\/wp\/v2\/posts\/7161","targetHints":{"allow":["GET"]}}],"collection":[{"href":"https:\/\/www.ebg.de\/en\/wp-json\/wp\/v2\/posts"}],"about":[{"href":"https:\/\/www.ebg.de\/en\/wp-json\/wp\/v2\/types\/post"}],"author":[{"embeddable":true,"href":"https:\/\/www.ebg.de\/en\/wp-json\/wp\/v2\/users\/2"}],"replies":[{"embeddable":true,"href":"https:\/\/www.ebg.de\/en\/wp-json\/wp\/v2\/comments?post=7161"}],"version-history":[{"count":4,"href":"https:\/\/www.ebg.de\/en\/wp-json\/wp\/v2\/posts\/7161\/revisions"}],"predecessor-version":[{"id":17049,"href":"https:\/\/www.ebg.de\/en\/wp-json\/wp\/v2\/posts\/7161\/revisions\/17049"}],"wp:featuredmedia":[{"embeddable":true,"href":"https:\/\/www.ebg.de\/en\/wp-json\/wp\/v2\/media\/7390"}],"wp:attachment":[{"href":"https:\/\/www.ebg.de\/en\/wp-json\/wp\/v2\/media?parent=7161"}],"wp:term":[{"taxonomy":"category","embeddable":true,"href":"https:\/\/www.ebg.de\/en\/wp-json\/wp\/v2\/categories?post=7161"},{"taxonomy":"post_tag","embeddable":true,"href":"https:\/\/www.ebg.de\/en\/wp-json\/wp\/v2\/tags?post=7161"}],"curies":[{"name":"wp","href":"https:\/\/api.w.org\/{rel}","templated":true}]}}