{"id":7153,"date":"2020-10-05T12:31:41","date_gmt":"2020-10-05T10:31:41","guid":{"rendered":"https:\/\/www.ebg.de\/?p=7153"},"modified":"2020-10-05T12:41:03","modified_gmt":"2020-10-05T10:41:03","slug":"auszubildende-aus-vietnam","status":"publish","type":"post","link":"https:\/\/www.ebg.de\/en\/auszubildende-aus-vietnam\/","title":{"rendered":"Auszubildende aus Vietnam"},"content":{"rendered":"\n<p>Am vergangenen Freitag (02.10.2020) wurden im Fach- und Berufsfachschulzentrum des Europ\u00e4ischen Bildungswerkes in Leipzig 4 neue Auszubildende aus Vietnam offiziell begr\u00fc\u00dft. Alle Teilnehmer haben das Ausbildungsziel staatlich anerkannte Pflegefachkraft, welches nach 3 Jahren Ausbildung erreicht werden soll.<br>Die theoretische Ausbildung absolvieren die Sch\u00fcler im Fach- und Berufsfachschulzentrum Leipzig und die praktische Ausbildung beim Kooperationspartner Seniorenzentrum Althen. Dar\u00fcber hinaus stehen Deutsch-Sprachkurs auf das Niveau B2 sowie ein interkulturelles Training im Ausbildungsprogramm.<\/p>\n\n\n\n<figure class=\"wp-block-gallery columns-2 is-cropped wp-block-gallery-1 is-layout-flex wp-block-gallery-is-layout-flex\"><ul class=\"blocks-gallery-grid\"><li class=\"blocks-gallery-item\"><figure><img loading=\"lazy\" decoding=\"async\" width=\"1024\" height=\"731\" src=\"https:\/\/www.ebg.de\/wp-content\/uploads\/2020\/10\/EBG-0623-1024x731.jpg\" alt=\"\" data-id=\"7159\" data-full-url=\"https:\/\/www.ebg.de\/wp-content\/uploads\/2020\/10\/EBG-0623.jpg\" data-link=\"https:\/\/www.ebg.de\/ebg-0623\/\" class=\"wp-image-7159\" srcset=\"https:\/\/www.ebg.de\/wp-content\/uploads\/2020\/10\/EBG-0623-1024x731.jpg 1024w, https:\/\/www.ebg.de\/wp-content\/uploads\/2020\/10\/EBG-0623-300x214.jpg 300w, https:\/\/www.ebg.de\/wp-content\/uploads\/2020\/10\/EBG-0623-768x548.jpg 768w, https:\/\/www.ebg.de\/wp-content\/uploads\/2020\/10\/EBG-0623-1536x1097.jpg 1536w, https:\/\/www.ebg.de\/wp-content\/uploads\/2020\/10\/EBG-0623-2048x1462.jpg 2048w, https:\/\/www.ebg.de\/wp-content\/uploads\/2020\/10\/EBG-0623-900x643.jpg 900w, https:\/\/www.ebg.de\/wp-content\/uploads\/2020\/10\/EBG-0623-1200x857.jpg 1200w\" sizes=\"auto, (max-width: 1024px) 100vw, 1024px\" \/><\/figure><\/li><li class=\"blocks-gallery-item\"><figure><img loading=\"lazy\" decoding=\"async\" width=\"1024\" height=\"731\" src=\"https:\/\/www.ebg.de\/wp-content\/uploads\/2020\/10\/EBG-0619-1024x731.jpg\" alt=\"\" data-id=\"7157\" data-full-url=\"https:\/\/www.ebg.de\/wp-content\/uploads\/2020\/10\/EBG-0619.jpg\" data-link=\"https:\/\/www.ebg.de\/ebg-0619\/\" class=\"wp-image-7157\" srcset=\"https:\/\/www.ebg.de\/wp-content\/uploads\/2020\/10\/EBG-0619-1024x731.jpg 1024w, https:\/\/www.ebg.de\/wp-content\/uploads\/2020\/10\/EBG-0619-300x214.jpg 300w, https:\/\/www.ebg.de\/wp-content\/uploads\/2020\/10\/EBG-0619-768x548.jpg 768w, https:\/\/www.ebg.de\/wp-content\/uploads\/2020\/10\/EBG-0619-1536x1097.jpg 1536w, https:\/\/www.ebg.de\/wp-content\/uploads\/2020\/10\/EBG-0619-2048x1462.jpg 2048w, https:\/\/www.ebg.de\/wp-content\/uploads\/2020\/10\/EBG-0619-900x643.jpg 900w, https:\/\/www.ebg.de\/wp-content\/uploads\/2020\/10\/EBG-0619-1200x857.jpg 1200w\" sizes=\"auto, (max-width: 1024px) 100vw, 1024px\" \/><\/figure><\/li><\/ul><\/figure>\n","protected":false},"excerpt":{"rendered":"<p>Am 02.10.2020 wurden im Fach- und Berufsfachschulzentrum des Europ\u00e4ischen Bildungswerkes in Leipzig 4 neue Auszubildende aus Vietnam offiziell begr\u00fc\u00dft<\/p>\n","protected":false},"author":2,"featured_media":7165,"comment_status":"closed","ping_status":"closed","sticky":false,"template":"","format":"standard","meta":{"_acf_changed":false,"footnotes":""},"categories":[22],"tags":[],"class_list":["post-7153","post","type-post","status-publish","format-standard","has-post-thumbnail","hentry","category-news-gf"],"acf":[],"yoast_head":"<!-- This site is optimized with the Yoast SEO plugin v26.9 - https:\/\/yoast.com\/product\/yoast-seo-wordpress\/ -->\n<title>Auszubildende aus Vietnam - Europ\u00e4isches Bildungswerk f\u00fcr Beruf und Gesellschaft<\/title>\n<meta name=\"robots\" content=\"index, follow, max-snippet:-1, max-image-preview:large, max-video-preview:-1\" \/>\n<link rel=\"canonical\" href=\"https:\/\/www.ebg.de\/auszubildende-aus-vietnam\/\" \/>\n<meta property=\"og:locale\" content=\"en_US\" \/>\n<meta property=\"og:type\" content=\"article\" \/>\n<meta property=\"og:title\" content=\"Auszubildende aus Vietnam - Europ\u00e4isches Bildungswerk f\u00fcr Beruf und Gesellschaft\" \/>\n<meta property=\"og:description\" content=\"Am 02.10.2020 wurden im Fach- und Berufsfachschulzentrum des Europ\u00e4ischen Bildungswerkes in Leipzig 4 neue Auszubildende aus Vietnam offiziell begr\u00fc\u00dft\" \/>\n<meta property=\"og:url\" content=\"https:\/\/www.ebg.de\/auszubildende-aus-vietnam\/\" \/>\n<meta property=\"og:site_name\" content=\"Europ\u00e4isches Bildungswerk f\u00fcr Beruf und Gesellschaft\" \/>\n<meta property=\"article:published_time\" content=\"2020-10-05T10:31:41+00:00\" \/>\n<meta property=\"article:modified_time\" content=\"2020-10-05T10:41:03+00:00\" \/>\n<meta property=\"og:image\" content=\"https:\/\/www.ebg.de\/wp-content\/uploads\/2020\/10\/EBG-0617-Beitrag.jpg\" \/>\n\t<meta property=\"og:image:width\" content=\"900\" \/>\n\t<meta property=\"og:image:height\" content=\"453\" \/>\n\t<meta property=\"og:image:type\" content=\"image\/jpeg\" \/>\n<meta name=\"author\" content=\"Carla R\u00f6blitz\" \/>\n<meta name=\"twitter:card\" content=\"summary_large_image\" \/>\n<meta name=\"twitter:label1\" content=\"Written by\" \/>\n\t<meta name=\"twitter:data1\" content=\"Carla R\u00f6blitz\" \/>\n<!-- \/ Yoast SEO plugin. -->","yoast_head_json":{"title":"Auszubildende aus Vietnam - Europ\u00e4isches Bildungswerk f\u00fcr Beruf und Gesellschaft","robots":{"index":"index","follow":"follow","max-snippet":"max-snippet:-1","max-image-preview":"max-image-preview:large","max-video-preview":"max-video-preview:-1"},"canonical":"https:\/\/www.ebg.de\/auszubildende-aus-vietnam\/","og_locale":"en_US","og_type":"article","og_title":"Auszubildende aus Vietnam - Europ\u00e4isches Bildungswerk f\u00fcr Beruf und Gesellschaft","og_description":"Am 02.10.2020 wurden im Fach- und Berufsfachschulzentrum des Europ\u00e4ischen Bildungswerkes in Leipzig 4 neue Auszubildende aus Vietnam offiziell begr\u00fc\u00dft","og_url":"https:\/\/www.ebg.de\/auszubildende-aus-vietnam\/","og_site_name":"Europ\u00e4isches Bildungswerk f\u00fcr Beruf und Gesellschaft","article_published_time":"2020-10-05T10:31:41+00:00","article_modified_time":"2020-10-05T10:41:03+00:00","og_image":[{"width":900,"height":453,"url":"https:\/\/www.ebg.de\/wp-content\/uploads\/2020\/10\/EBG-0617-Beitrag.jpg","type":"image\/jpeg"}],"author":"Carla R\u00f6blitz","twitter_card":"summary_large_image","twitter_misc":{"Written by":"Carla R\u00f6blitz"},"schema":{"@context":"https:\/\/schema.org","@graph":[{"@type":"Article","@id":"https:\/\/www.ebg.de\/auszubildende-aus-vietnam\/#article","isPartOf":{"@id":"https:\/\/www.ebg.de\/auszubildende-aus-vietnam\/"},"author":{"name":"Carla R\u00f6blitz","@id":"https:\/\/www.ebg.de\/#\/schema\/person\/6194a3051c516578ca559a6b15ac8fd8"},"headline":"Auszubildende aus Vietnam","datePublished":"2020-10-05T10:31:41+00:00","dateModified":"2020-10-05T10:41:03+00:00","mainEntityOfPage":{"@id":"https:\/\/www.ebg.de\/auszubildende-aus-vietnam\/"},"wordCount":74,"image":{"@id":"https:\/\/www.ebg.de\/auszubildende-aus-vietnam\/#primaryimage"},"thumbnailUrl":"https:\/\/www.ebg.de\/wp-content\/uploads\/2020\/10\/EBG-0617-Beitrag.jpg","articleSection":["News-GF"],"inLanguage":"en-US"},{"@type":"WebPage","@id":"https:\/\/www.ebg.de\/auszubildende-aus-vietnam\/","url":"https:\/\/www.ebg.de\/auszubildende-aus-vietnam\/","name":"Auszubildende aus Vietnam - Europ\u00e4isches Bildungswerk f\u00fcr Beruf und Gesellschaft","isPartOf":{"@id":"https:\/\/www.ebg.de\/#website"},"primaryImageOfPage":{"@id":"https:\/\/www.ebg.de\/auszubildende-aus-vietnam\/#primaryimage"},"image":{"@id":"https:\/\/www.ebg.de\/auszubildende-aus-vietnam\/#primaryimage"},"thumbnailUrl":"https:\/\/www.ebg.de\/wp-content\/uploads\/2020\/10\/EBG-0617-Beitrag.jpg","datePublished":"2020-10-05T10:31:41+00:00","dateModified":"2020-10-05T10:41:03+00:00","author":{"@id":"https:\/\/www.ebg.de\/#\/schema\/person\/6194a3051c516578ca559a6b15ac8fd8"},"breadcrumb":{"@id":"https:\/\/www.ebg.de\/auszubildende-aus-vietnam\/#breadcrumb"},"inLanguage":"en-US","potentialAction":[{"@type":"ReadAction","target":["https:\/\/www.ebg.de\/auszubildende-aus-vietnam\/"]}]},{"@type":"ImageObject","inLanguage":"en-US","@id":"https:\/\/www.ebg.de\/auszubildende-aus-vietnam\/#primaryimage","url":"https:\/\/www.ebg.de\/wp-content\/uploads\/2020\/10\/EBG-0617-Beitrag.jpg","contentUrl":"https:\/\/www.ebg.de\/wp-content\/uploads\/2020\/10\/EBG-0617-Beitrag.jpg","width":900,"height":453},{"@type":"BreadcrumbList","@id":"https:\/\/www.ebg.de\/auszubildende-aus-vietnam\/#breadcrumb","itemListElement":[{"@type":"ListItem","position":1,"name":"Startseite","item":"https:\/\/www.ebg.de\/"},{"@type":"ListItem","position":2,"name":"Auszubildende aus Vietnam"}]},{"@type":"WebSite","@id":"https:\/\/www.ebg.de\/#website","url":"https:\/\/www.ebg.de\/","name":"Europ\u00e4isches Bildungswerk f\u00fcr Beruf und Gesellschaft","description":"Bildung, Ausbildung und Weiterbildung","potentialAction":[{"@type":"SearchAction","target":{"@type":"EntryPoint","urlTemplate":"https:\/\/www.ebg.de\/?s={search_term_string}"},"query-input":{"@type":"PropertyValueSpecification","valueRequired":true,"valueName":"search_term_string"}}],"inLanguage":"en-US"},{"@type":"Person","@id":"https:\/\/www.ebg.de\/#\/schema\/person\/6194a3051c516578ca559a6b15ac8fd8","name":"Carla R\u00f6blitz","image":{"@type":"ImageObject","inLanguage":"en-US","@id":"https:\/\/www.ebg.de\/#\/schema\/person\/image\/","url":"https:\/\/secure.gravatar.com\/avatar\/a857149204a48781b4d141524fc4cbc60c48bb5682271a5e2762174f7ac85a2d?s=96&d=mm&r=g","contentUrl":"https:\/\/secure.gravatar.com\/avatar\/a857149204a48781b4d141524fc4cbc60c48bb5682271a5e2762174f7ac85a2d?s=96&d=mm&r=g","caption":"Carla R\u00f6blitz"},"url":"https:\/\/www.ebg.de\/en\/author\/croeblitz\/"}]}},"_links":{"self":[{"href":"https:\/\/www.ebg.de\/en\/wp-json\/wp\/v2\/posts\/7153","targetHints":{"allow":["GET"]}}],"collection":[{"href":"https:\/\/www.ebg.de\/en\/wp-json\/wp\/v2\/posts"}],"about":[{"href":"https:\/\/www.ebg.de\/en\/wp-json\/wp\/v2\/types\/post"}],"author":[{"embeddable":true,"href":"https:\/\/www.ebg.de\/en\/wp-json\/wp\/v2\/users\/2"}],"replies":[{"embeddable":true,"href":"https:\/\/www.ebg.de\/en\/wp-json\/wp\/v2\/comments?post=7153"}],"version-history":[{"count":3,"href":"https:\/\/www.ebg.de\/en\/wp-json\/wp\/v2\/posts\/7153\/revisions"}],"predecessor-version":[{"id":7167,"href":"https:\/\/www.ebg.de\/en\/wp-json\/wp\/v2\/posts\/7153\/revisions\/7167"}],"wp:featuredmedia":[{"embeddable":true,"href":"https:\/\/www.ebg.de\/en\/wp-json\/wp\/v2\/media\/7165"}],"wp:attachment":[{"href":"https:\/\/www.ebg.de\/en\/wp-json\/wp\/v2\/media?parent=7153"}],"wp:term":[{"taxonomy":"category","embeddable":true,"href":"https:\/\/www.ebg.de\/en\/wp-json\/wp\/v2\/categories?post=7153"},{"taxonomy":"post_tag","embeddable":true,"href":"https:\/\/www.ebg.de\/en\/wp-json\/wp\/v2\/tags?post=7153"}],"curies":[{"name":"wp","href":"https:\/\/api.w.org\/{rel}","templated":true}]}}