{"id":7114,"date":"2020-09-25T11:31:50","date_gmt":"2020-09-25T09:31:50","guid":{"rendered":"https:\/\/www.ebg.de\/?p=7114"},"modified":"2020-09-25T11:31:52","modified_gmt":"2020-09-25T09:31:52","slug":"abschlussfahrt-hep-16bb-nach-prag","status":"publish","type":"post","link":"https:\/\/www.ebg.de\/en\/abschlussfahrt-hep-16bb-nach-prag\/","title":{"rendered":"Abschlussfahrt HEP 16bb nach Prag"},"content":{"rendered":"\n<p>Die Heilerziehungspfleger f\u00fchrten nach erfolgreichem Abschluss ihrer Ausbildung (4 Jahre) ihre Abschlussfahrt nach Prag mit Ihrer Klassenleiterin Frau Moch durch.<\/p>\n\n\n\n<p>Neben Kultur und Sightseeing bemalten die Sch\u00fcler auch einen Benefiz \u2013 Ziegelstein mit dem Logo des EBG und spendeten f\u00fcr das Leben von Menschen mit besonderen Bed\u00fcrfnissen (geistige Behinderung).<\/p>\n\n\n\n<figure class=\"wp-block-image size-large\"><img loading=\"lazy\" decoding=\"async\" width=\"480\" height=\"640\" src=\"https:\/\/www.ebg.de\/wp-content\/uploads\/2020\/09\/Hep3-rotated.jpg\" alt=\"\" class=\"wp-image-7118\" srcset=\"https:\/\/www.ebg.de\/wp-content\/uploads\/2020\/09\/Hep3-rotated.jpg 480w, https:\/\/www.ebg.de\/wp-content\/uploads\/2020\/09\/Hep3-225x300.jpg 225w\" sizes=\"auto, (max-width: 480px) 100vw, 480px\" \/><\/figure>\n\n\n\n<p><\/p>\n\n\n\n<p>Organisator der tschechienweiten Sammlungs- und Aufkl\u00e4rungskampagne ist Portus Praha, eine gemeinn\u00fctzige Organisation mit dem Slogan:<\/p>\n\n\n\n<p>Portus Praha ist ein Hafen f\u00fcr Menschen mit geistiger Behinderung, damit sie w\u00fcrdevoll wohnen, arbeiten, sich entwickeln und frei zusammen mit anderen Menschen leben k\u00f6nnen!<\/p>\n","protected":false},"excerpt":{"rendered":"<p>Die Heilerziehungspfleger f\u00fchrten nach erfolgreichem Abschluss ihrer Ausbildung ihre Abschlussfahrt nach Prag mit Ihrer Klassenleiterin Frau Moch durch.<\/p>\n","protected":false},"author":22,"featured_media":7116,"comment_status":"closed","ping_status":"closed","sticky":false,"template":"","format":"standard","meta":{"_acf_changed":false,"footnotes":""},"categories":[19],"tags":[],"class_list":["post-7114","post","type-post","status-publish","format-standard","has-post-thumbnail","hentry","category-news-magdeburg-schulen"],"acf":[],"yoast_head":"<!-- This site is optimized with the Yoast SEO plugin v26.9 - https:\/\/yoast.com\/product\/yoast-seo-wordpress\/ -->\n<title>Abschlussfahrt HEP 16bb nach Prag - Europ\u00e4isches Bildungswerk f\u00fcr Beruf und Gesellschaft<\/title>\n<meta name=\"robots\" content=\"index, follow, max-snippet:-1, max-image-preview:large, max-video-preview:-1\" \/>\n<link rel=\"canonical\" href=\"https:\/\/www.ebg.de\/abschlussfahrt-hep-16bb-nach-prag\/\" \/>\n<meta property=\"og:locale\" content=\"en_US\" \/>\n<meta property=\"og:type\" content=\"article\" \/>\n<meta property=\"og:title\" content=\"Abschlussfahrt HEP 16bb nach Prag - Europ\u00e4isches Bildungswerk f\u00fcr Beruf und Gesellschaft\" \/>\n<meta property=\"og:description\" content=\"Die Heilerziehungspfleger f\u00fchrten nach erfolgreichem Abschluss ihrer Ausbildung ihre Abschlussfahrt nach Prag mit Ihrer Klassenleiterin Frau Moch durch.\" \/>\n<meta property=\"og:url\" content=\"https:\/\/www.ebg.de\/abschlussfahrt-hep-16bb-nach-prag\/\" \/>\n<meta property=\"og:site_name\" content=\"Europ\u00e4isches Bildungswerk f\u00fcr Beruf und Gesellschaft\" \/>\n<meta property=\"article:published_time\" content=\"2020-09-25T09:31:50+00:00\" \/>\n<meta property=\"article:modified_time\" content=\"2020-09-25T09:31:52+00:00\" \/>\n<meta property=\"og:image\" content=\"https:\/\/www.ebg.de\/wp-content\/uploads\/2020\/09\/Hep2.jpg\" \/>\n\t<meta property=\"og:image:width\" content=\"640\" \/>\n\t<meta property=\"og:image:height\" content=\"480\" \/>\n\t<meta property=\"og:image:type\" content=\"image\/jpeg\" \/>\n<meta name=\"author\" content=\"Stephan Deubner\" \/>\n<meta name=\"twitter:card\" content=\"summary_large_image\" \/>\n<meta name=\"twitter:label1\" content=\"Written by\" \/>\n\t<meta name=\"twitter:data1\" content=\"Stephan Deubner\" \/>\n<!-- \/ Yoast SEO plugin. -->","yoast_head_json":{"title":"Abschlussfahrt HEP 16bb nach Prag - Europ\u00e4isches Bildungswerk f\u00fcr Beruf und Gesellschaft","robots":{"index":"index","follow":"follow","max-snippet":"max-snippet:-1","max-image-preview":"max-image-preview:large","max-video-preview":"max-video-preview:-1"},"canonical":"https:\/\/www.ebg.de\/abschlussfahrt-hep-16bb-nach-prag\/","og_locale":"en_US","og_type":"article","og_title":"Abschlussfahrt HEP 16bb nach Prag - Europ\u00e4isches Bildungswerk f\u00fcr Beruf und Gesellschaft","og_description":"Die Heilerziehungspfleger f\u00fchrten nach erfolgreichem Abschluss ihrer Ausbildung ihre Abschlussfahrt nach Prag mit Ihrer Klassenleiterin Frau Moch durch.","og_url":"https:\/\/www.ebg.de\/abschlussfahrt-hep-16bb-nach-prag\/","og_site_name":"Europ\u00e4isches Bildungswerk f\u00fcr Beruf und Gesellschaft","article_published_time":"2020-09-25T09:31:50+00:00","article_modified_time":"2020-09-25T09:31:52+00:00","og_image":[{"width":640,"height":480,"url":"https:\/\/www.ebg.de\/wp-content\/uploads\/2020\/09\/Hep2.jpg","type":"image\/jpeg"}],"author":"Stephan Deubner","twitter_card":"summary_large_image","twitter_misc":{"Written by":"Stephan Deubner"},"schema":{"@context":"https:\/\/schema.org","@graph":[{"@type":"Article","@id":"https:\/\/www.ebg.de\/abschlussfahrt-hep-16bb-nach-prag\/#article","isPartOf":{"@id":"https:\/\/www.ebg.de\/abschlussfahrt-hep-16bb-nach-prag\/"},"author":{"name":"Stephan Deubner","@id":"https:\/\/www.ebg.de\/#\/schema\/person\/af645ea1741029d9a44ae532ceb268bc"},"headline":"Abschlussfahrt HEP 16bb nach Prag","datePublished":"2020-09-25T09:31:50+00:00","dateModified":"2020-09-25T09:31:52+00:00","mainEntityOfPage":{"@id":"https:\/\/www.ebg.de\/abschlussfahrt-hep-16bb-nach-prag\/"},"wordCount":101,"image":{"@id":"https:\/\/www.ebg.de\/abschlussfahrt-hep-16bb-nach-prag\/#primaryimage"},"thumbnailUrl":"https:\/\/www.ebg.de\/wp-content\/uploads\/2020\/09\/Hep2.jpg","articleSection":["News - Magdeburg Schulen"],"inLanguage":"en-US"},{"@type":"WebPage","@id":"https:\/\/www.ebg.de\/abschlussfahrt-hep-16bb-nach-prag\/","url":"https:\/\/www.ebg.de\/abschlussfahrt-hep-16bb-nach-prag\/","name":"Abschlussfahrt HEP 16bb nach Prag - Europ\u00e4isches Bildungswerk f\u00fcr Beruf und Gesellschaft","isPartOf":{"@id":"https:\/\/www.ebg.de\/#website"},"primaryImageOfPage":{"@id":"https:\/\/www.ebg.de\/abschlussfahrt-hep-16bb-nach-prag\/#primaryimage"},"image":{"@id":"https:\/\/www.ebg.de\/abschlussfahrt-hep-16bb-nach-prag\/#primaryimage"},"thumbnailUrl":"https:\/\/www.ebg.de\/wp-content\/uploads\/2020\/09\/Hep2.jpg","datePublished":"2020-09-25T09:31:50+00:00","dateModified":"2020-09-25T09:31:52+00:00","author":{"@id":"https:\/\/www.ebg.de\/#\/schema\/person\/af645ea1741029d9a44ae532ceb268bc"},"breadcrumb":{"@id":"https:\/\/www.ebg.de\/abschlussfahrt-hep-16bb-nach-prag\/#breadcrumb"},"inLanguage":"en-US","potentialAction":[{"@type":"ReadAction","target":["https:\/\/www.ebg.de\/abschlussfahrt-hep-16bb-nach-prag\/"]}]},{"@type":"ImageObject","inLanguage":"en-US","@id":"https:\/\/www.ebg.de\/abschlussfahrt-hep-16bb-nach-prag\/#primaryimage","url":"https:\/\/www.ebg.de\/wp-content\/uploads\/2020\/09\/Hep2.jpg","contentUrl":"https:\/\/www.ebg.de\/wp-content\/uploads\/2020\/09\/Hep2.jpg","width":640,"height":480},{"@type":"BreadcrumbList","@id":"https:\/\/www.ebg.de\/abschlussfahrt-hep-16bb-nach-prag\/#breadcrumb","itemListElement":[{"@type":"ListItem","position":1,"name":"Startseite","item":"https:\/\/www.ebg.de\/"},{"@type":"ListItem","position":2,"name":"Abschlussfahrt HEP 16bb nach Prag"}]},{"@type":"WebSite","@id":"https:\/\/www.ebg.de\/#website","url":"https:\/\/www.ebg.de\/","name":"Europ\u00e4isches Bildungswerk f\u00fcr Beruf und Gesellschaft","description":"Bildung, Ausbildung und Weiterbildung","potentialAction":[{"@type":"SearchAction","target":{"@type":"EntryPoint","urlTemplate":"https:\/\/www.ebg.de\/?s={search_term_string}"},"query-input":{"@type":"PropertyValueSpecification","valueRequired":true,"valueName":"search_term_string"}}],"inLanguage":"en-US"},{"@type":"Person","@id":"https:\/\/www.ebg.de\/#\/schema\/person\/af645ea1741029d9a44ae532ceb268bc","name":"Stephan Deubner","image":{"@type":"ImageObject","inLanguage":"en-US","@id":"https:\/\/www.ebg.de\/#\/schema\/person\/image\/","url":"https:\/\/secure.gravatar.com\/avatar\/35731f6a08afa0518c45f153077f6135c0f41aa2ae0b76e850ef9508976a7bbe?s=96&d=mm&r=g","contentUrl":"https:\/\/secure.gravatar.com\/avatar\/35731f6a08afa0518c45f153077f6135c0f41aa2ae0b76e850ef9508976a7bbe?s=96&d=mm&r=g","caption":"Stephan Deubner"},"url":"https:\/\/www.ebg.de\/en\/author\/sdeubner\/"}]}},"_links":{"self":[{"href":"https:\/\/www.ebg.de\/en\/wp-json\/wp\/v2\/posts\/7114","targetHints":{"allow":["GET"]}}],"collection":[{"href":"https:\/\/www.ebg.de\/en\/wp-json\/wp\/v2\/posts"}],"about":[{"href":"https:\/\/www.ebg.de\/en\/wp-json\/wp\/v2\/types\/post"}],"author":[{"embeddable":true,"href":"https:\/\/www.ebg.de\/en\/wp-json\/wp\/v2\/users\/22"}],"replies":[{"embeddable":true,"href":"https:\/\/www.ebg.de\/en\/wp-json\/wp\/v2\/comments?post=7114"}],"version-history":[{"count":2,"href":"https:\/\/www.ebg.de\/en\/wp-json\/wp\/v2\/posts\/7114\/revisions"}],"predecessor-version":[{"id":7120,"href":"https:\/\/www.ebg.de\/en\/wp-json\/wp\/v2\/posts\/7114\/revisions\/7120"}],"wp:featuredmedia":[{"embeddable":true,"href":"https:\/\/www.ebg.de\/en\/wp-json\/wp\/v2\/media\/7116"}],"wp:attachment":[{"href":"https:\/\/www.ebg.de\/en\/wp-json\/wp\/v2\/media?parent=7114"}],"wp:term":[{"taxonomy":"category","embeddable":true,"href":"https:\/\/www.ebg.de\/en\/wp-json\/wp\/v2\/categories?post=7114"},{"taxonomy":"post_tag","embeddable":true,"href":"https:\/\/www.ebg.de\/en\/wp-json\/wp\/v2\/tags?post=7114"}],"curies":[{"name":"wp","href":"https:\/\/api.w.org\/{rel}","templated":true}]}}