{"id":6898,"date":"2020-08-11T10:15:22","date_gmt":"2020-08-11T08:15:22","guid":{"rendered":"https:\/\/www.ebg.de\/?p=6898"},"modified":"2020-09-02T12:05:10","modified_gmt":"2020-09-02T10:05:10","slug":"gosses-lob-und-anerkennung","status":"publish","type":"post","link":"https:\/\/www.ebg.de\/en\/gosses-lob-und-anerkennung\/","title":{"rendered":"Gro\u00dfes Lob und Anerkennung!!"},"content":{"rendered":"\n<p>\u201eUnsere\u201c zwei Kolleginnen haben erfolgreich die Ausbildung zur Kauffrau f\u00fcr B\u00fcromanagement abgeschlossen. Der Gesch\u00e4ftsf\u00fchrer Thilo Reichelt sowie &nbsp;Mentorin Dagmar Keller gratulierten herzlich zur bestandenen Pr\u00fcfung und zur \u00dcbernahme in die zentrale Verwaltung bei bestem Wetter!<\/p>\n\n\n\n<div class=\"wp-block-image is-style-default\"><figure class=\"aligncenter size-ebg-medium is-resized\"><img loading=\"lazy\" decoding=\"async\" src=\"https:\/\/www.ebg.de\/wp-content\/uploads\/2020\/08\/IMG_1860-900x587.jpg\" alt=\"\" class=\"wp-image-6899\" width=\"675\" height=\"440\" srcset=\"https:\/\/www.ebg.de\/wp-content\/uploads\/2020\/08\/IMG_1860-900x587.jpg 900w, https:\/\/www.ebg.de\/wp-content\/uploads\/2020\/08\/IMG_1860-300x196.jpg 300w, https:\/\/www.ebg.de\/wp-content\/uploads\/2020\/08\/IMG_1860-1024x668.jpg 1024w, https:\/\/www.ebg.de\/wp-content\/uploads\/2020\/08\/IMG_1860-768x501.jpg 768w, https:\/\/www.ebg.de\/wp-content\/uploads\/2020\/08\/IMG_1860-1536x1002.jpg 1536w, https:\/\/www.ebg.de\/wp-content\/uploads\/2020\/08\/IMG_1860-2048x1336.jpg 2048w, https:\/\/www.ebg.de\/wp-content\/uploads\/2020\/08\/IMG_1860-1200x783.jpg 1200w\" sizes=\"auto, (max-width: 675px) 100vw, 675px\" \/><\/figure><\/div>\n\n\n\n<p><\/p>\n","protected":false},"excerpt":{"rendered":"<p>Geschafft.<\/p>\n","protected":false},"author":22,"featured_media":6901,"comment_status":"closed","ping_status":"closed","sticky":false,"template":"","format":"standard","meta":{"_acf_changed":false,"footnotes":""},"categories":[22],"tags":[],"class_list":["post-6898","post","type-post","status-publish","format-standard","has-post-thumbnail","hentry","category-news-gf"],"acf":[],"yoast_head":"<!-- This site is optimized with the Yoast SEO plugin v26.9 - https:\/\/yoast.com\/product\/yoast-seo-wordpress\/ -->\n<title>Gro\u00dfes Lob und Anerkennung!! - Europ\u00e4isches Bildungswerk f\u00fcr Beruf und Gesellschaft<\/title>\n<meta name=\"robots\" content=\"index, follow, max-snippet:-1, max-image-preview:large, max-video-preview:-1\" \/>\n<link rel=\"canonical\" href=\"https:\/\/www.ebg.de\/gosses-lob-und-anerkennung\/\" \/>\n<meta property=\"og:locale\" content=\"en_US\" \/>\n<meta property=\"og:type\" content=\"article\" \/>\n<meta property=\"og:title\" content=\"Gro\u00dfes Lob und Anerkennung!! - Europ\u00e4isches Bildungswerk f\u00fcr Beruf und Gesellschaft\" \/>\n<meta property=\"og:description\" content=\"Geschafft.\" \/>\n<meta property=\"og:url\" content=\"https:\/\/www.ebg.de\/gosses-lob-und-anerkennung\/\" \/>\n<meta property=\"og:site_name\" content=\"Europ\u00e4isches Bildungswerk f\u00fcr Beruf und Gesellschaft\" \/>\n<meta property=\"article:published_time\" content=\"2020-08-11T08:15:22+00:00\" \/>\n<meta property=\"article:modified_time\" content=\"2020-09-02T10:05:10+00:00\" \/>\n<meta property=\"og:image\" content=\"https:\/\/www.ebg.de\/wp-content\/uploads\/2020\/08\/Azubis1-Kopie-scaled.jpg\" \/>\n\t<meta property=\"og:image:width\" content=\"2560\" \/>\n\t<meta property=\"og:image:height\" content=\"1606\" \/>\n\t<meta property=\"og:image:type\" content=\"image\/jpeg\" \/>\n<meta name=\"author\" content=\"Stephan Deubner\" \/>\n<meta name=\"twitter:card\" content=\"summary_large_image\" \/>\n<meta name=\"twitter:label1\" content=\"Written by\" \/>\n\t<meta name=\"twitter:data1\" content=\"Stephan Deubner\" \/>\n<!-- \/ Yoast SEO plugin. -->","yoast_head_json":{"title":"Gro\u00dfes Lob und Anerkennung!! - Europ\u00e4isches Bildungswerk f\u00fcr Beruf und Gesellschaft","robots":{"index":"index","follow":"follow","max-snippet":"max-snippet:-1","max-image-preview":"max-image-preview:large","max-video-preview":"max-video-preview:-1"},"canonical":"https:\/\/www.ebg.de\/gosses-lob-und-anerkennung\/","og_locale":"en_US","og_type":"article","og_title":"Gro\u00dfes Lob und Anerkennung!! - Europ\u00e4isches Bildungswerk f\u00fcr Beruf und Gesellschaft","og_description":"Geschafft.","og_url":"https:\/\/www.ebg.de\/gosses-lob-und-anerkennung\/","og_site_name":"Europ\u00e4isches Bildungswerk f\u00fcr Beruf und Gesellschaft","article_published_time":"2020-08-11T08:15:22+00:00","article_modified_time":"2020-09-02T10:05:10+00:00","og_image":[{"width":2560,"height":1606,"url":"https:\/\/www.ebg.de\/wp-content\/uploads\/2020\/08\/Azubis1-Kopie-scaled.jpg","type":"image\/jpeg"}],"author":"Stephan Deubner","twitter_card":"summary_large_image","twitter_misc":{"Written by":"Stephan Deubner"},"schema":{"@context":"https:\/\/schema.org","@graph":[{"@type":"Article","@id":"https:\/\/www.ebg.de\/gosses-lob-und-anerkennung\/#article","isPartOf":{"@id":"https:\/\/www.ebg.de\/gosses-lob-und-anerkennung\/"},"author":{"name":"Stephan Deubner","@id":"https:\/\/www.ebg.de\/#\/schema\/person\/af645ea1741029d9a44ae532ceb268bc"},"headline":"Gro\u00dfes Lob und Anerkennung!!","datePublished":"2020-08-11T08:15:22+00:00","dateModified":"2020-09-02T10:05:10+00:00","mainEntityOfPage":{"@id":"https:\/\/www.ebg.de\/gosses-lob-und-anerkennung\/"},"wordCount":46,"image":{"@id":"https:\/\/www.ebg.de\/gosses-lob-und-anerkennung\/#primaryimage"},"thumbnailUrl":"https:\/\/www.ebg.de\/wp-content\/uploads\/2020\/08\/Azubis1-Kopie-scaled.jpg","articleSection":["News-GF"],"inLanguage":"en-US"},{"@type":"WebPage","@id":"https:\/\/www.ebg.de\/gosses-lob-und-anerkennung\/","url":"https:\/\/www.ebg.de\/gosses-lob-und-anerkennung\/","name":"Gro\u00dfes Lob und Anerkennung!! - Europ\u00e4isches Bildungswerk f\u00fcr Beruf und Gesellschaft","isPartOf":{"@id":"https:\/\/www.ebg.de\/#website"},"primaryImageOfPage":{"@id":"https:\/\/www.ebg.de\/gosses-lob-und-anerkennung\/#primaryimage"},"image":{"@id":"https:\/\/www.ebg.de\/gosses-lob-und-anerkennung\/#primaryimage"},"thumbnailUrl":"https:\/\/www.ebg.de\/wp-content\/uploads\/2020\/08\/Azubis1-Kopie-scaled.jpg","datePublished":"2020-08-11T08:15:22+00:00","dateModified":"2020-09-02T10:05:10+00:00","author":{"@id":"https:\/\/www.ebg.de\/#\/schema\/person\/af645ea1741029d9a44ae532ceb268bc"},"breadcrumb":{"@id":"https:\/\/www.ebg.de\/gosses-lob-und-anerkennung\/#breadcrumb"},"inLanguage":"en-US","potentialAction":[{"@type":"ReadAction","target":["https:\/\/www.ebg.de\/gosses-lob-und-anerkennung\/"]}]},{"@type":"ImageObject","inLanguage":"en-US","@id":"https:\/\/www.ebg.de\/gosses-lob-und-anerkennung\/#primaryimage","url":"https:\/\/www.ebg.de\/wp-content\/uploads\/2020\/08\/Azubis1-Kopie-scaled.jpg","contentUrl":"https:\/\/www.ebg.de\/wp-content\/uploads\/2020\/08\/Azubis1-Kopie-scaled.jpg","width":2560,"height":1606,"caption":"EBG Magdeburg Azubi Ausbildung"},{"@type":"BreadcrumbList","@id":"https:\/\/www.ebg.de\/gosses-lob-und-anerkennung\/#breadcrumb","itemListElement":[{"@type":"ListItem","position":1,"name":"Startseite","item":"https:\/\/www.ebg.de\/"},{"@type":"ListItem","position":2,"name":"Gro\u00dfes Lob und Anerkennung!!"}]},{"@type":"WebSite","@id":"https:\/\/www.ebg.de\/#website","url":"https:\/\/www.ebg.de\/","name":"Europ\u00e4isches Bildungswerk f\u00fcr Beruf und Gesellschaft","description":"Bildung, Ausbildung und Weiterbildung","potentialAction":[{"@type":"SearchAction","target":{"@type":"EntryPoint","urlTemplate":"https:\/\/www.ebg.de\/?s={search_term_string}"},"query-input":{"@type":"PropertyValueSpecification","valueRequired":true,"valueName":"search_term_string"}}],"inLanguage":"en-US"},{"@type":"Person","@id":"https:\/\/www.ebg.de\/#\/schema\/person\/af645ea1741029d9a44ae532ceb268bc","name":"Stephan Deubner","image":{"@type":"ImageObject","inLanguage":"en-US","@id":"https:\/\/www.ebg.de\/#\/schema\/person\/image\/","url":"https:\/\/secure.gravatar.com\/avatar\/35731f6a08afa0518c45f153077f6135c0f41aa2ae0b76e850ef9508976a7bbe?s=96&d=mm&r=g","contentUrl":"https:\/\/secure.gravatar.com\/avatar\/35731f6a08afa0518c45f153077f6135c0f41aa2ae0b76e850ef9508976a7bbe?s=96&d=mm&r=g","caption":"Stephan Deubner"},"url":"https:\/\/www.ebg.de\/en\/author\/sdeubner\/"}]}},"_links":{"self":[{"href":"https:\/\/www.ebg.de\/en\/wp-json\/wp\/v2\/posts\/6898","targetHints":{"allow":["GET"]}}],"collection":[{"href":"https:\/\/www.ebg.de\/en\/wp-json\/wp\/v2\/posts"}],"about":[{"href":"https:\/\/www.ebg.de\/en\/wp-json\/wp\/v2\/types\/post"}],"author":[{"embeddable":true,"href":"https:\/\/www.ebg.de\/en\/wp-json\/wp\/v2\/users\/22"}],"replies":[{"embeddable":true,"href":"https:\/\/www.ebg.de\/en\/wp-json\/wp\/v2\/comments?post=6898"}],"version-history":[{"count":16,"href":"https:\/\/www.ebg.de\/en\/wp-json\/wp\/v2\/posts\/6898\/revisions"}],"predecessor-version":[{"id":6966,"href":"https:\/\/www.ebg.de\/en\/wp-json\/wp\/v2\/posts\/6898\/revisions\/6966"}],"wp:featuredmedia":[{"embeddable":true,"href":"https:\/\/www.ebg.de\/en\/wp-json\/wp\/v2\/media\/6901"}],"wp:attachment":[{"href":"https:\/\/www.ebg.de\/en\/wp-json\/wp\/v2\/media?parent=6898"}],"wp:term":[{"taxonomy":"category","embeddable":true,"href":"https:\/\/www.ebg.de\/en\/wp-json\/wp\/v2\/categories?post=6898"},{"taxonomy":"post_tag","embeddable":true,"href":"https:\/\/www.ebg.de\/en\/wp-json\/wp\/v2\/tags?post=6898"}],"curies":[{"name":"wp","href":"https:\/\/api.w.org\/{rel}","templated":true}]}}