{"id":6509,"date":"2020-06-19T12:54:49","date_gmt":"2020-06-19T10:54:49","guid":{"rendered":"https:\/\/www.ebg.de\/?p=6509"},"modified":"2020-06-19T12:55:39","modified_gmt":"2020-06-19T10:55:39","slug":"lift-up-nach-shut-down-2-juli-2020","status":"publish","type":"post","link":"https:\/\/www.ebg.de\/en\/lift-up-nach-shut-down-2-juli-2020\/","title":{"rendered":"Lift up nach shut down!                 2. Juli 2020"},"content":{"rendered":"\n<p>Das Fach und Berufsfachschulzentrum Naumburg gibt nach den turbolenten Zeiten am <strong>02.Juli 2020<\/strong> wichtige Informationen zur <strong>generalistischen Pflegeausbildung<\/strong> im neuen Schulgeb\u00e4ude am J<strong>akobsring 4a in Naumburg !<\/strong><\/p>\n\n\n\n<p>Wir beginnen f\u00fcr alle Interessierten <strong>ab 14:00 Uhr<\/strong> und zeigen Informationen und M\u00f6glichkeiten der <strong>Voll- sowie berufsbegleitenden Ausbildung pr\u00e4gnant <\/strong>und verst\u00e4ndlich auf.<\/p>\n\n\n\n<p>Da noch wenige Pl\u00e4tze der Ausbildung Pflegefachkraft in Vollzeit sowie auch berufsbegleitend vorhanden sind, helfen wir auch an diesem Tag gerne bei den Vorbereitungen um Sie m\u00f6glicherweise zu Beginn Ihrer Ausbildung schon am 01. August 2020 bei uns begr\u00fc\u00dfen zu d\u00fcrfen!<\/p>\n","protected":false},"excerpt":{"rendered":"<p>Infotag Pflege am 02.Juli 2020<br \/>\n14.00 Uhr<\/p>\n","protected":false},"author":22,"featured_media":6514,"comment_status":"closed","ping_status":"closed","sticky":false,"template":"","format":"standard","meta":{"_acf_changed":false,"footnotes":""},"categories":[30,1],"tags":[],"class_list":["post-6509","post","type-post","status-publish","format-standard","has-post-thumbnail","hentry","category-news-naumburg-schulen","category-unkategorisiert"],"acf":[],"yoast_head":"<!-- This site is optimized with the Yoast SEO plugin v26.9 - https:\/\/yoast.com\/product\/yoast-seo-wordpress\/ -->\n<title>Lift up nach shut down!         2. Juli 2020 - Europ\u00e4isches Bildungswerk f\u00fcr Beruf und Gesellschaft<\/title>\n<meta name=\"robots\" content=\"index, follow, max-snippet:-1, max-image-preview:large, max-video-preview:-1\" \/>\n<link rel=\"canonical\" href=\"https:\/\/www.ebg.de\/lift-up-nach-shut-down-2-juli-2020\/\" \/>\n<meta property=\"og:locale\" content=\"en_US\" \/>\n<meta property=\"og:type\" content=\"article\" \/>\n<meta property=\"og:title\" content=\"Lift up nach shut down!         2. Juli 2020 - Europ\u00e4isches Bildungswerk f\u00fcr Beruf und Gesellschaft\" \/>\n<meta property=\"og:description\" content=\"Infotag Pflege am 02.Juli 2020 14.00 Uhr\" \/>\n<meta property=\"og:url\" content=\"https:\/\/www.ebg.de\/lift-up-nach-shut-down-2-juli-2020\/\" \/>\n<meta property=\"og:site_name\" content=\"Europ\u00e4isches Bildungswerk f\u00fcr Beruf und Gesellschaft\" \/>\n<meta property=\"article:published_time\" content=\"2020-06-19T10:54:49+00:00\" \/>\n<meta property=\"article:modified_time\" content=\"2020-06-19T10:55:39+00:00\" \/>\n<meta property=\"og:image\" content=\"https:\/\/www.ebg.de\/wp-content\/uploads\/2020\/06\/InfotagNmb-1.png\" \/>\n\t<meta property=\"og:image:width\" content=\"777\" \/>\n\t<meta property=\"og:image:height\" content=\"692\" \/>\n\t<meta property=\"og:image:type\" content=\"image\/png\" \/>\n<meta name=\"author\" content=\"Stephan Deubner\" \/>\n<meta name=\"twitter:card\" content=\"summary_large_image\" \/>\n<meta name=\"twitter:label1\" content=\"Written by\" \/>\n\t<meta name=\"twitter:data1\" content=\"Stephan Deubner\" \/>\n<!-- \/ Yoast SEO plugin. -->","yoast_head_json":{"title":"Lift up nach shut down!         2. Juli 2020 - Europ\u00e4isches Bildungswerk f\u00fcr Beruf und Gesellschaft","robots":{"index":"index","follow":"follow","max-snippet":"max-snippet:-1","max-image-preview":"max-image-preview:large","max-video-preview":"max-video-preview:-1"},"canonical":"https:\/\/www.ebg.de\/lift-up-nach-shut-down-2-juli-2020\/","og_locale":"en_US","og_type":"article","og_title":"Lift up nach shut down!         2. Juli 2020 - Europ\u00e4isches Bildungswerk f\u00fcr Beruf und Gesellschaft","og_description":"Infotag Pflege am 02.Juli 2020 14.00 Uhr","og_url":"https:\/\/www.ebg.de\/lift-up-nach-shut-down-2-juli-2020\/","og_site_name":"Europ\u00e4isches Bildungswerk f\u00fcr Beruf und Gesellschaft","article_published_time":"2020-06-19T10:54:49+00:00","article_modified_time":"2020-06-19T10:55:39+00:00","og_image":[{"width":777,"height":692,"url":"https:\/\/www.ebg.de\/wp-content\/uploads\/2020\/06\/InfotagNmb-1.png","type":"image\/png"}],"author":"Stephan Deubner","twitter_card":"summary_large_image","twitter_misc":{"Written by":"Stephan Deubner"},"schema":{"@context":"https:\/\/schema.org","@graph":[{"@type":"Article","@id":"https:\/\/www.ebg.de\/lift-up-nach-shut-down-2-juli-2020\/#article","isPartOf":{"@id":"https:\/\/www.ebg.de\/lift-up-nach-shut-down-2-juli-2020\/"},"author":{"name":"Stephan Deubner","@id":"https:\/\/www.ebg.de\/#\/schema\/person\/af645ea1741029d9a44ae532ceb268bc"},"headline":"Lift up nach shut down! 2. Juli 2020","datePublished":"2020-06-19T10:54:49+00:00","dateModified":"2020-06-19T10:55:39+00:00","mainEntityOfPage":{"@id":"https:\/\/www.ebg.de\/lift-up-nach-shut-down-2-juli-2020\/"},"wordCount":100,"image":{"@id":"https:\/\/www.ebg.de\/lift-up-nach-shut-down-2-juli-2020\/#primaryimage"},"thumbnailUrl":"https:\/\/www.ebg.de\/wp-content\/uploads\/2020\/06\/InfotagNmb-1.png","articleSection":["News - Naumburg Schulen","Unkategorisiert"],"inLanguage":"en-US"},{"@type":"WebPage","@id":"https:\/\/www.ebg.de\/lift-up-nach-shut-down-2-juli-2020\/","url":"https:\/\/www.ebg.de\/lift-up-nach-shut-down-2-juli-2020\/","name":"Lift up nach shut down! 2. Juli 2020 - Europ\u00e4isches Bildungswerk f\u00fcr Beruf und Gesellschaft","isPartOf":{"@id":"https:\/\/www.ebg.de\/#website"},"primaryImageOfPage":{"@id":"https:\/\/www.ebg.de\/lift-up-nach-shut-down-2-juli-2020\/#primaryimage"},"image":{"@id":"https:\/\/www.ebg.de\/lift-up-nach-shut-down-2-juli-2020\/#primaryimage"},"thumbnailUrl":"https:\/\/www.ebg.de\/wp-content\/uploads\/2020\/06\/InfotagNmb-1.png","datePublished":"2020-06-19T10:54:49+00:00","dateModified":"2020-06-19T10:55:39+00:00","author":{"@id":"https:\/\/www.ebg.de\/#\/schema\/person\/af645ea1741029d9a44ae532ceb268bc"},"breadcrumb":{"@id":"https:\/\/www.ebg.de\/lift-up-nach-shut-down-2-juli-2020\/#breadcrumb"},"inLanguage":"en-US","potentialAction":[{"@type":"ReadAction","target":["https:\/\/www.ebg.de\/lift-up-nach-shut-down-2-juli-2020\/"]}]},{"@type":"ImageObject","inLanguage":"en-US","@id":"https:\/\/www.ebg.de\/lift-up-nach-shut-down-2-juli-2020\/#primaryimage","url":"https:\/\/www.ebg.de\/wp-content\/uploads\/2020\/06\/InfotagNmb-1.png","contentUrl":"https:\/\/www.ebg.de\/wp-content\/uploads\/2020\/06\/InfotagNmb-1.png","width":777,"height":692,"caption":"Pflege Pflegefachkraft Ausbildung Naumburg Europ\u00e4isches Bildungswerk"},{"@type":"BreadcrumbList","@id":"https:\/\/www.ebg.de\/lift-up-nach-shut-down-2-juli-2020\/#breadcrumb","itemListElement":[{"@type":"ListItem","position":1,"name":"Startseite","item":"https:\/\/www.ebg.de\/"},{"@type":"ListItem","position":2,"name":"Lift up nach shut down! 2. Juli 2020"}]},{"@type":"WebSite","@id":"https:\/\/www.ebg.de\/#website","url":"https:\/\/www.ebg.de\/","name":"Europ\u00e4isches Bildungswerk f\u00fcr Beruf und Gesellschaft","description":"Bildung, Ausbildung und Weiterbildung","potentialAction":[{"@type":"SearchAction","target":{"@type":"EntryPoint","urlTemplate":"https:\/\/www.ebg.de\/?s={search_term_string}"},"query-input":{"@type":"PropertyValueSpecification","valueRequired":true,"valueName":"search_term_string"}}],"inLanguage":"en-US"},{"@type":"Person","@id":"https:\/\/www.ebg.de\/#\/schema\/person\/af645ea1741029d9a44ae532ceb268bc","name":"Stephan Deubner","image":{"@type":"ImageObject","inLanguage":"en-US","@id":"https:\/\/www.ebg.de\/#\/schema\/person\/image\/","url":"https:\/\/secure.gravatar.com\/avatar\/35731f6a08afa0518c45f153077f6135c0f41aa2ae0b76e850ef9508976a7bbe?s=96&d=mm&r=g","contentUrl":"https:\/\/secure.gravatar.com\/avatar\/35731f6a08afa0518c45f153077f6135c0f41aa2ae0b76e850ef9508976a7bbe?s=96&d=mm&r=g","caption":"Stephan Deubner"},"url":"https:\/\/www.ebg.de\/en\/author\/sdeubner\/"}]}},"_links":{"self":[{"href":"https:\/\/www.ebg.de\/en\/wp-json\/wp\/v2\/posts\/6509","targetHints":{"allow":["GET"]}}],"collection":[{"href":"https:\/\/www.ebg.de\/en\/wp-json\/wp\/v2\/posts"}],"about":[{"href":"https:\/\/www.ebg.de\/en\/wp-json\/wp\/v2\/types\/post"}],"author":[{"embeddable":true,"href":"https:\/\/www.ebg.de\/en\/wp-json\/wp\/v2\/users\/22"}],"replies":[{"embeddable":true,"href":"https:\/\/www.ebg.de\/en\/wp-json\/wp\/v2\/comments?post=6509"}],"version-history":[{"count":4,"href":"https:\/\/www.ebg.de\/en\/wp-json\/wp\/v2\/posts\/6509\/revisions"}],"predecessor-version":[{"id":6558,"href":"https:\/\/www.ebg.de\/en\/wp-json\/wp\/v2\/posts\/6509\/revisions\/6558"}],"wp:featuredmedia":[{"embeddable":true,"href":"https:\/\/www.ebg.de\/en\/wp-json\/wp\/v2\/media\/6514"}],"wp:attachment":[{"href":"https:\/\/www.ebg.de\/en\/wp-json\/wp\/v2\/media?parent=6509"}],"wp:term":[{"taxonomy":"category","embeddable":true,"href":"https:\/\/www.ebg.de\/en\/wp-json\/wp\/v2\/categories?post=6509"},{"taxonomy":"post_tag","embeddable":true,"href":"https:\/\/www.ebg.de\/en\/wp-json\/wp\/v2\/tags?post=6509"}],"curies":[{"name":"wp","href":"https:\/\/api.w.org\/{rel}","templated":true}]}}