{"id":6451,"date":"2020-06-09T11:31:25","date_gmt":"2020-06-09T09:31:25","guid":{"rendered":"https:\/\/www.ebg.de\/?p=6451"},"modified":"2020-06-15T08:19:11","modified_gmt":"2020-06-15T06:19:11","slug":"tag-der-offenen-tuer-im-livestream","status":"publish","type":"post","link":"https:\/\/www.ebg.de\/en\/tag-der-offenen-tuer-im-livestream\/","title":{"rendered":"Tag der offenen T\u00fcr im livestream"},"content":{"rendered":"\n<p><strong>Wann: <\/strong><br>Samstag 13. Juni 2020 ab 10:00<br><strong>Wo: <\/strong><br>Fach- und Berufsfachschulzentrum Magdeburg<br> Maxim-Gorki-Stra\u00dfe 14<\/p>\n\n\n\n<p>Die Live \u00dcbertragung wird \u00f6ffentlich stattfinden und kann somit von jedem potentiellen Sch\u00fcler problemlos von zu Hause aus betrachtet werden, ebenso besteht die M\u00f6glichkeit, dass die Zuschauer Ihre Fragen in den Live Chat schreiben \u2013 diese k\u00f6nnen dann sofort aufgegriffen werden.<\/p>\n\n\n\n<p>Der Link zu dem Stream:<\/p>\n\n\n\n<figure class=\"wp-block-embed-youtube wp-block-embed is-type-video is-provider-youtube wp-embed-aspect-16-9 wp-has-aspect-ratio\"><div class=\"wp-block-embed__wrapper\">\nhttps:\/\/www.youtube.com\/watch?v=7mzUuc1mI1k\n<\/div><\/figure>\n","protected":false},"excerpt":{"rendered":"<p>Neben dem Tag der offenen T\u00fcr in unserem Schulgeb\u00e4ude wird eine Live \u00dcbertragung bei YouTube am selbigen Tag starten!<\/p>\n","protected":false},"author":22,"featured_media":608,"comment_status":"closed","ping_status":"closed","sticky":false,"template":"","format":"standard","meta":{"_acf_changed":false,"footnotes":""},"categories":[19],"tags":[],"class_list":["post-6451","post","type-post","status-publish","format-standard","has-post-thumbnail","hentry","category-news-magdeburg-schulen"],"acf":[],"yoast_head":"<!-- This site is optimized with the Yoast SEO plugin v26.9 - https:\/\/yoast.com\/product\/yoast-seo-wordpress\/ -->\n<title>Tag der offenen T\u00fcr im livestream - Europ\u00e4isches Bildungswerk f\u00fcr Beruf und Gesellschaft<\/title>\n<meta name=\"robots\" content=\"index, follow, max-snippet:-1, max-image-preview:large, max-video-preview:-1\" \/>\n<link rel=\"canonical\" href=\"https:\/\/www.ebg.de\/tag-der-offenen-tuer-im-livestream\/\" \/>\n<meta property=\"og:locale\" content=\"en_US\" \/>\n<meta property=\"og:type\" content=\"article\" \/>\n<meta property=\"og:title\" content=\"Tag der offenen T\u00fcr im livestream - Europ\u00e4isches Bildungswerk f\u00fcr Beruf und Gesellschaft\" \/>\n<meta property=\"og:description\" content=\"Neben dem Tag der offenen T\u00fcr in unserem Schulgeb\u00e4ude wird eine Live \u00dcbertragung bei YouTube am selbigen Tag starten!\" \/>\n<meta property=\"og:url\" content=\"https:\/\/www.ebg.de\/tag-der-offenen-tuer-im-livestream\/\" \/>\n<meta property=\"og:site_name\" content=\"Europ\u00e4isches Bildungswerk f\u00fcr Beruf und Gesellschaft\" \/>\n<meta property=\"article:published_time\" content=\"2020-06-09T09:31:25+00:00\" \/>\n<meta property=\"article:modified_time\" content=\"2020-06-15T06:19:11+00:00\" \/>\n<meta property=\"og:image\" content=\"https:\/\/www.ebg.de\/wp-content\/uploads\/2017\/08\/DSC3236_small.jpg\" \/>\n\t<meta property=\"og:image:width\" content=\"403\" \/>\n\t<meta property=\"og:image:height\" content=\"268\" \/>\n\t<meta property=\"og:image:type\" content=\"image\/jpeg\" \/>\n<meta name=\"author\" content=\"Stephan Deubner\" \/>\n<meta name=\"twitter:card\" content=\"summary_large_image\" \/>\n<meta name=\"twitter:label1\" content=\"Written by\" \/>\n\t<meta name=\"twitter:data1\" content=\"Stephan Deubner\" \/>\n<!-- \/ Yoast SEO plugin. -->","yoast_head_json":{"title":"Tag der offenen T\u00fcr im livestream - Europ\u00e4isches Bildungswerk f\u00fcr Beruf und Gesellschaft","robots":{"index":"index","follow":"follow","max-snippet":"max-snippet:-1","max-image-preview":"max-image-preview:large","max-video-preview":"max-video-preview:-1"},"canonical":"https:\/\/www.ebg.de\/tag-der-offenen-tuer-im-livestream\/","og_locale":"en_US","og_type":"article","og_title":"Tag der offenen T\u00fcr im livestream - Europ\u00e4isches Bildungswerk f\u00fcr Beruf und Gesellschaft","og_description":"Neben dem Tag der offenen T\u00fcr in unserem Schulgeb\u00e4ude wird eine Live \u00dcbertragung bei YouTube am selbigen Tag starten!","og_url":"https:\/\/www.ebg.de\/tag-der-offenen-tuer-im-livestream\/","og_site_name":"Europ\u00e4isches Bildungswerk f\u00fcr Beruf und Gesellschaft","article_published_time":"2020-06-09T09:31:25+00:00","article_modified_time":"2020-06-15T06:19:11+00:00","og_image":[{"width":403,"height":268,"url":"https:\/\/www.ebg.de\/wp-content\/uploads\/2017\/08\/DSC3236_small.jpg","type":"image\/jpeg"}],"author":"Stephan Deubner","twitter_card":"summary_large_image","twitter_misc":{"Written by":"Stephan Deubner"},"schema":{"@context":"https:\/\/schema.org","@graph":[{"@type":"Article","@id":"https:\/\/www.ebg.de\/tag-der-offenen-tuer-im-livestream\/#article","isPartOf":{"@id":"https:\/\/www.ebg.de\/tag-der-offenen-tuer-im-livestream\/"},"author":{"name":"Stephan Deubner","@id":"https:\/\/www.ebg.de\/#\/schema\/person\/af645ea1741029d9a44ae532ceb268bc"},"headline":"Tag der offenen T\u00fcr im livestream","datePublished":"2020-06-09T09:31:25+00:00","dateModified":"2020-06-15T06:19:11+00:00","mainEntityOfPage":{"@id":"https:\/\/www.ebg.de\/tag-der-offenen-tuer-im-livestream\/"},"wordCount":75,"image":{"@id":"https:\/\/www.ebg.de\/tag-der-offenen-tuer-im-livestream\/#primaryimage"},"thumbnailUrl":"https:\/\/www.ebg.de\/wp-content\/uploads\/2017\/08\/DSC3236_small.jpg","articleSection":["News - Magdeburg Schulen"],"inLanguage":"en-US"},{"@type":"WebPage","@id":"https:\/\/www.ebg.de\/tag-der-offenen-tuer-im-livestream\/","url":"https:\/\/www.ebg.de\/tag-der-offenen-tuer-im-livestream\/","name":"Tag der offenen T\u00fcr im livestream - Europ\u00e4isches Bildungswerk f\u00fcr Beruf und Gesellschaft","isPartOf":{"@id":"https:\/\/www.ebg.de\/#website"},"primaryImageOfPage":{"@id":"https:\/\/www.ebg.de\/tag-der-offenen-tuer-im-livestream\/#primaryimage"},"image":{"@id":"https:\/\/www.ebg.de\/tag-der-offenen-tuer-im-livestream\/#primaryimage"},"thumbnailUrl":"https:\/\/www.ebg.de\/wp-content\/uploads\/2017\/08\/DSC3236_small.jpg","datePublished":"2020-06-09T09:31:25+00:00","dateModified":"2020-06-15T06:19:11+00:00","author":{"@id":"https:\/\/www.ebg.de\/#\/schema\/person\/af645ea1741029d9a44ae532ceb268bc"},"breadcrumb":{"@id":"https:\/\/www.ebg.de\/tag-der-offenen-tuer-im-livestream\/#breadcrumb"},"inLanguage":"en-US","potentialAction":[{"@type":"ReadAction","target":["https:\/\/www.ebg.de\/tag-der-offenen-tuer-im-livestream\/"]}]},{"@type":"ImageObject","inLanguage":"en-US","@id":"https:\/\/www.ebg.de\/tag-der-offenen-tuer-im-livestream\/#primaryimage","url":"https:\/\/www.ebg.de\/wp-content\/uploads\/2017\/08\/DSC3236_small.jpg","contentUrl":"https:\/\/www.ebg.de\/wp-content\/uploads\/2017\/08\/DSC3236_small.jpg","width":403,"height":268},{"@type":"BreadcrumbList","@id":"https:\/\/www.ebg.de\/tag-der-offenen-tuer-im-livestream\/#breadcrumb","itemListElement":[{"@type":"ListItem","position":1,"name":"Startseite","item":"https:\/\/www.ebg.de\/"},{"@type":"ListItem","position":2,"name":"Tag der offenen T\u00fcr im livestream"}]},{"@type":"WebSite","@id":"https:\/\/www.ebg.de\/#website","url":"https:\/\/www.ebg.de\/","name":"Europ\u00e4isches Bildungswerk f\u00fcr Beruf und Gesellschaft","description":"Bildung, Ausbildung und Weiterbildung","potentialAction":[{"@type":"SearchAction","target":{"@type":"EntryPoint","urlTemplate":"https:\/\/www.ebg.de\/?s={search_term_string}"},"query-input":{"@type":"PropertyValueSpecification","valueRequired":true,"valueName":"search_term_string"}}],"inLanguage":"en-US"},{"@type":"Person","@id":"https:\/\/www.ebg.de\/#\/schema\/person\/af645ea1741029d9a44ae532ceb268bc","name":"Stephan Deubner","image":{"@type":"ImageObject","inLanguage":"en-US","@id":"https:\/\/www.ebg.de\/#\/schema\/person\/image\/","url":"https:\/\/secure.gravatar.com\/avatar\/35731f6a08afa0518c45f153077f6135c0f41aa2ae0b76e850ef9508976a7bbe?s=96&d=mm&r=g","contentUrl":"https:\/\/secure.gravatar.com\/avatar\/35731f6a08afa0518c45f153077f6135c0f41aa2ae0b76e850ef9508976a7bbe?s=96&d=mm&r=g","caption":"Stephan Deubner"},"url":"https:\/\/www.ebg.de\/en\/author\/sdeubner\/"}]}},"_links":{"self":[{"href":"https:\/\/www.ebg.de\/en\/wp-json\/wp\/v2\/posts\/6451","targetHints":{"allow":["GET"]}}],"collection":[{"href":"https:\/\/www.ebg.de\/en\/wp-json\/wp\/v2\/posts"}],"about":[{"href":"https:\/\/www.ebg.de\/en\/wp-json\/wp\/v2\/types\/post"}],"author":[{"embeddable":true,"href":"https:\/\/www.ebg.de\/en\/wp-json\/wp\/v2\/users\/22"}],"replies":[{"embeddable":true,"href":"https:\/\/www.ebg.de\/en\/wp-json\/wp\/v2\/comments?post=6451"}],"version-history":[{"count":3,"href":"https:\/\/www.ebg.de\/en\/wp-json\/wp\/v2\/posts\/6451\/revisions"}],"predecessor-version":[{"id":6477,"href":"https:\/\/www.ebg.de\/en\/wp-json\/wp\/v2\/posts\/6451\/revisions\/6477"}],"wp:featuredmedia":[{"embeddable":true,"href":"https:\/\/www.ebg.de\/en\/wp-json\/wp\/v2\/media\/608"}],"wp:attachment":[{"href":"https:\/\/www.ebg.de\/en\/wp-json\/wp\/v2\/media?parent=6451"}],"wp:term":[{"taxonomy":"category","embeddable":true,"href":"https:\/\/www.ebg.de\/en\/wp-json\/wp\/v2\/categories?post=6451"},{"taxonomy":"post_tag","embeddable":true,"href":"https:\/\/www.ebg.de\/en\/wp-json\/wp\/v2\/tags?post=6451"}],"curies":[{"name":"wp","href":"https:\/\/api.w.org\/{rel}","templated":true}]}}