{"id":6362,"date":"2020-05-15T07:58:12","date_gmt":"2020-05-15T05:58:12","guid":{"rendered":"https:\/\/www.ebg.de\/?p=6362"},"modified":"2020-06-02T09:59:00","modified_gmt":"2020-06-02T07:59:00","slug":"einbrandfrei","status":"publish","type":"post","link":"https:\/\/www.ebg.de\/en\/einbrandfrei\/","title":{"rendered":"Einbrandfrei !"},"content":{"rendered":"\n<p>Neben der Theorie welche in der Aula -selbstverst\u00e4ndlich mit ausreichendem Sicherheitsabstand zwischen allen Teilnehmenden stattfand- gab es am \u201eBeachvolleyballfeld\u201c auf dem Au\u00dfengel\u00e4nde den praktischen Teil mit Feuerl\u00f6sch\u00fcbungen f\u00fcr alle Teilnehmer. Weitere Themen waren der Brandschutz aus arbeitsmedizinischer Sicht sowie ein \u00dcberblick von Aufgaben der Sicherheitsbeauftragten des EBG 2020 und   Arbeitsschutz in der Corona Pandemie, vorgetragen vom Qualit\u00e4tsmanagementbeauftragten und Fachkraft f\u00fcr Arbeitssicherheit und Brandschutz Herrn Dr. Siebeck.<br><br><\/p>\n\n\n\n<p><\/p>\n\n\n\n<figure class=\"wp-block-image size-large\"><img loading=\"lazy\" decoding=\"async\" width=\"1024\" height=\"794\" src=\"https:\/\/www.ebg.de\/wp-content\/uploads\/2020\/05\/L\u00f6schung-1024x794.jpg\" alt=\"EBG Brandschutz L\u00f6schung\" class=\"wp-image-6368\" srcset=\"https:\/\/www.ebg.de\/wp-content\/uploads\/2020\/05\/L\u00f6schung-1024x794.jpg 1024w, https:\/\/www.ebg.de\/wp-content\/uploads\/2020\/05\/L\u00f6schung-300x233.jpg 300w, https:\/\/www.ebg.de\/wp-content\/uploads\/2020\/05\/L\u00f6schung-768x595.jpg 768w, https:\/\/www.ebg.de\/wp-content\/uploads\/2020\/05\/L\u00f6schung-900x698.jpg 900w, https:\/\/www.ebg.de\/wp-content\/uploads\/2020\/05\/L\u00f6schung-1200x930.jpg 1200w, https:\/\/www.ebg.de\/wp-content\/uploads\/2020\/05\/L\u00f6schung.jpg 1280w\" sizes=\"auto, (max-width: 1024px) 100vw, 1024px\" \/><\/figure>\n","protected":false},"excerpt":{"rendered":"<p>Am 14.05.2020 fand auf dem Gel\u00e4nde des EBG in Alt Westerh\u00fcsen die Brandschutzhelferausbildung statt.<\/p>\n","protected":false},"author":22,"featured_media":6363,"comment_status":"closed","ping_status":"closed","sticky":false,"template":"","format":"standard","meta":{"_acf_changed":false,"footnotes":""},"categories":[22],"tags":[],"class_list":["post-6362","post","type-post","status-publish","format-standard","has-post-thumbnail","hentry","category-news-gf"],"acf":[],"yoast_head":"<!-- This site is optimized with the Yoast SEO plugin v26.9 - https:\/\/yoast.com\/product\/yoast-seo-wordpress\/ -->\n<title>Einbrandfrei ! - Europ\u00e4isches Bildungswerk f\u00fcr Beruf und Gesellschaft<\/title>\n<meta name=\"robots\" content=\"index, follow, max-snippet:-1, max-image-preview:large, max-video-preview:-1\" \/>\n<link rel=\"canonical\" href=\"https:\/\/www.ebg.de\/einbrandfrei\/\" \/>\n<meta property=\"og:locale\" content=\"en_US\" \/>\n<meta property=\"og:type\" content=\"article\" \/>\n<meta property=\"og:title\" content=\"Einbrandfrei ! - Europ\u00e4isches Bildungswerk f\u00fcr Beruf und Gesellschaft\" \/>\n<meta property=\"og:description\" content=\"Am 14.05.2020 fand auf dem Gel\u00e4nde des EBG in Alt Westerh\u00fcsen die Brandschutzhelferausbildung statt.\" \/>\n<meta property=\"og:url\" content=\"https:\/\/www.ebg.de\/einbrandfrei\/\" \/>\n<meta property=\"og:site_name\" content=\"Europ\u00e4isches Bildungswerk f\u00fcr Beruf und Gesellschaft\" \/>\n<meta property=\"article:published_time\" content=\"2020-05-15T05:58:12+00:00\" \/>\n<meta property=\"article:modified_time\" content=\"2020-06-02T07:59:00+00:00\" \/>\n<meta property=\"og:image\" content=\"https:\/\/www.ebg.de\/wp-content\/uploads\/2020\/05\/Brandschutz\u00fcbung.png\" \/>\n\t<meta property=\"og:image:width\" content=\"2048\" \/>\n\t<meta property=\"og:image:height\" content=\"1771\" \/>\n\t<meta property=\"og:image:type\" content=\"image\/png\" \/>\n<meta name=\"author\" content=\"Stephan Deubner\" \/>\n<meta name=\"twitter:card\" content=\"summary_large_image\" \/>\n<meta name=\"twitter:label1\" content=\"Written by\" \/>\n\t<meta name=\"twitter:data1\" content=\"Stephan Deubner\" \/>\n<!-- \/ Yoast SEO plugin. -->","yoast_head_json":{"title":"Einbrandfrei ! - Europ\u00e4isches Bildungswerk f\u00fcr Beruf und Gesellschaft","robots":{"index":"index","follow":"follow","max-snippet":"max-snippet:-1","max-image-preview":"max-image-preview:large","max-video-preview":"max-video-preview:-1"},"canonical":"https:\/\/www.ebg.de\/einbrandfrei\/","og_locale":"en_US","og_type":"article","og_title":"Einbrandfrei ! - Europ\u00e4isches Bildungswerk f\u00fcr Beruf und Gesellschaft","og_description":"Am 14.05.2020 fand auf dem Gel\u00e4nde des EBG in Alt Westerh\u00fcsen die Brandschutzhelferausbildung statt.","og_url":"https:\/\/www.ebg.de\/einbrandfrei\/","og_site_name":"Europ\u00e4isches Bildungswerk f\u00fcr Beruf und Gesellschaft","article_published_time":"2020-05-15T05:58:12+00:00","article_modified_time":"2020-06-02T07:59:00+00:00","og_image":[{"width":2048,"height":1771,"url":"https:\/\/www.ebg.de\/wp-content\/uploads\/2020\/05\/Brandschutz\u00fcbung.png","type":"image\/png"}],"author":"Stephan Deubner","twitter_card":"summary_large_image","twitter_misc":{"Written by":"Stephan Deubner"},"schema":{"@context":"https:\/\/schema.org","@graph":[{"@type":"Article","@id":"https:\/\/www.ebg.de\/einbrandfrei\/#article","isPartOf":{"@id":"https:\/\/www.ebg.de\/einbrandfrei\/"},"author":{"name":"Stephan Deubner","@id":"https:\/\/www.ebg.de\/#\/schema\/person\/af645ea1741029d9a44ae532ceb268bc"},"headline":"Einbrandfrei !","datePublished":"2020-05-15T05:58:12+00:00","dateModified":"2020-06-02T07:59:00+00:00","mainEntityOfPage":{"@id":"https:\/\/www.ebg.de\/einbrandfrei\/"},"wordCount":74,"image":{"@id":"https:\/\/www.ebg.de\/einbrandfrei\/#primaryimage"},"thumbnailUrl":"https:\/\/www.ebg.de\/wp-content\/uploads\/2020\/05\/Brandschutz\u00fcbung.png","articleSection":["News-GF"],"inLanguage":"en-US"},{"@type":"WebPage","@id":"https:\/\/www.ebg.de\/einbrandfrei\/","url":"https:\/\/www.ebg.de\/einbrandfrei\/","name":"Einbrandfrei ! - Europ\u00e4isches Bildungswerk f\u00fcr Beruf und Gesellschaft","isPartOf":{"@id":"https:\/\/www.ebg.de\/#website"},"primaryImageOfPage":{"@id":"https:\/\/www.ebg.de\/einbrandfrei\/#primaryimage"},"image":{"@id":"https:\/\/www.ebg.de\/einbrandfrei\/#primaryimage"},"thumbnailUrl":"https:\/\/www.ebg.de\/wp-content\/uploads\/2020\/05\/Brandschutz\u00fcbung.png","datePublished":"2020-05-15T05:58:12+00:00","dateModified":"2020-06-02T07:59:00+00:00","author":{"@id":"https:\/\/www.ebg.de\/#\/schema\/person\/af645ea1741029d9a44ae532ceb268bc"},"breadcrumb":{"@id":"https:\/\/www.ebg.de\/einbrandfrei\/#breadcrumb"},"inLanguage":"en-US","potentialAction":[{"@type":"ReadAction","target":["https:\/\/www.ebg.de\/einbrandfrei\/"]}]},{"@type":"ImageObject","inLanguage":"en-US","@id":"https:\/\/www.ebg.de\/einbrandfrei\/#primaryimage","url":"https:\/\/www.ebg.de\/wp-content\/uploads\/2020\/05\/Brandschutz\u00fcbung.png","contentUrl":"https:\/\/www.ebg.de\/wp-content\/uploads\/2020\/05\/Brandschutz\u00fcbung.png","width":2048,"height":1771},{"@type":"BreadcrumbList","@id":"https:\/\/www.ebg.de\/einbrandfrei\/#breadcrumb","itemListElement":[{"@type":"ListItem","position":1,"name":"Startseite","item":"https:\/\/www.ebg.de\/"},{"@type":"ListItem","position":2,"name":"Einbrandfrei !"}]},{"@type":"WebSite","@id":"https:\/\/www.ebg.de\/#website","url":"https:\/\/www.ebg.de\/","name":"Europ\u00e4isches Bildungswerk f\u00fcr Beruf und Gesellschaft","description":"Bildung, Ausbildung und Weiterbildung","potentialAction":[{"@type":"SearchAction","target":{"@type":"EntryPoint","urlTemplate":"https:\/\/www.ebg.de\/?s={search_term_string}"},"query-input":{"@type":"PropertyValueSpecification","valueRequired":true,"valueName":"search_term_string"}}],"inLanguage":"en-US"},{"@type":"Person","@id":"https:\/\/www.ebg.de\/#\/schema\/person\/af645ea1741029d9a44ae532ceb268bc","name":"Stephan Deubner","image":{"@type":"ImageObject","inLanguage":"en-US","@id":"https:\/\/www.ebg.de\/#\/schema\/person\/image\/","url":"https:\/\/secure.gravatar.com\/avatar\/35731f6a08afa0518c45f153077f6135c0f41aa2ae0b76e850ef9508976a7bbe?s=96&d=mm&r=g","contentUrl":"https:\/\/secure.gravatar.com\/avatar\/35731f6a08afa0518c45f153077f6135c0f41aa2ae0b76e850ef9508976a7bbe?s=96&d=mm&r=g","caption":"Stephan Deubner"},"url":"https:\/\/www.ebg.de\/en\/author\/sdeubner\/"}]}},"_links":{"self":[{"href":"https:\/\/www.ebg.de\/en\/wp-json\/wp\/v2\/posts\/6362","targetHints":{"allow":["GET"]}}],"collection":[{"href":"https:\/\/www.ebg.de\/en\/wp-json\/wp\/v2\/posts"}],"about":[{"href":"https:\/\/www.ebg.de\/en\/wp-json\/wp\/v2\/types\/post"}],"author":[{"embeddable":true,"href":"https:\/\/www.ebg.de\/en\/wp-json\/wp\/v2\/users\/22"}],"replies":[{"embeddable":true,"href":"https:\/\/www.ebg.de\/en\/wp-json\/wp\/v2\/comments?post=6362"}],"version-history":[{"count":3,"href":"https:\/\/www.ebg.de\/en\/wp-json\/wp\/v2\/posts\/6362\/revisions"}],"predecessor-version":[{"id":6395,"href":"https:\/\/www.ebg.de\/en\/wp-json\/wp\/v2\/posts\/6362\/revisions\/6395"}],"wp:featuredmedia":[{"embeddable":true,"href":"https:\/\/www.ebg.de\/en\/wp-json\/wp\/v2\/media\/6363"}],"wp:attachment":[{"href":"https:\/\/www.ebg.de\/en\/wp-json\/wp\/v2\/media?parent=6362"}],"wp:term":[{"taxonomy":"category","embeddable":true,"href":"https:\/\/www.ebg.de\/en\/wp-json\/wp\/v2\/categories?post=6362"},{"taxonomy":"post_tag","embeddable":true,"href":"https:\/\/www.ebg.de\/en\/wp-json\/wp\/v2\/tags?post=6362"}],"curies":[{"name":"wp","href":"https:\/\/api.w.org\/{rel}","templated":true}]}}