{"id":6304,"date":"2020-04-30T14:34:23","date_gmt":"2020-04-30T12:34:23","guid":{"rendered":"https:\/\/www.ebg.de\/?p=6304"},"modified":"2020-07-14T11:08:01","modified_gmt":"2020-07-14T09:08:01","slug":"aenderung-der-zugangsvoraussetzungen-fuer-ausbildungen","status":"publish","type":"post","link":"https:\/\/www.ebg.de\/en\/aenderung-der-zugangsvoraussetzungen-fuer-ausbildungen\/","title":{"rendered":""},"content":{"rendered":"\n<p><strong>F\u00fcr alle Interessenten einer Ausbildungsaufnahme ab August 2020: \u00c4nderung der Zugangsvoraussetzungen laut BbS-VO \u00a7146 Absatz 6<\/strong><\/p>\n\n\n\n<p>\u201e\u00a7 146a Sonderregelungen f\u00fcr das Schuljahr 2019\/2020&#8243;<\/p>\n\n\n\n<ol class=\"wp-block-list\" start=\"6\"><li>K\u00f6nnen aufgrund der Umst\u00e4nde der Ma\u00dfnahmen zur Eind\u00e4mmung der Ausbreitung des neuartigen Corona Virus SARS-CoV 2 die f\u00fcr die Zuerkennung der Abschl\u00fcsse erforderlichen Pflichtstunden, auch im Hinblick auf die praktische Ausbildung gem\u00e4\u00df \u00a7 23, nicht eingehalten werden, bleiben diese bei der Vergabe der Abschl\u00fcsse hiervon unber\u00fchrt. <br>Dies gilt auch f\u00fcr ein im Rahmen einer praktischen T\u00e4tigkeit zu absolvierendem Vorpraktikum, das f\u00fcr die Zulassung zu einem Bildungsgang mit einer Mindeststundenzahl Voraussetzung ist.<\/li><\/ol>\n","protected":false},"excerpt":{"rendered":"<p>F\u00fcr alle Interessenten einer Ausbildungsaufnahme ab August 2020: \u00c4nderung der Zugangsvoraussetzungen laut BbS-VO \u00a7146 Absatz 6<\/p>\n","protected":false},"author":8,"featured_media":6308,"comment_status":"closed","ping_status":"closed","sticky":false,"template":"","format":"standard","meta":{"_acf_changed":false,"footnotes":""},"categories":[28],"tags":[],"class_list":["post-6304","post","type-post","status-publish","format-standard","has-post-thumbnail","hentry","category-news-halberstadt-schulen"],"acf":[],"yoast_head":"<!-- This site is optimized with the Yoast SEO plugin v26.9 - https:\/\/yoast.com\/product\/yoast-seo-wordpress\/ -->\n<title>- Europ\u00e4isches Bildungswerk f\u00fcr Beruf und Gesellschaft<\/title>\n<meta name=\"robots\" content=\"index, follow, max-snippet:-1, max-image-preview:large, max-video-preview:-1\" \/>\n<link rel=\"canonical\" href=\"https:\/\/www.ebg.de\/aenderung-der-zugangsvoraussetzungen-fuer-ausbildungen\/\" \/>\n<meta property=\"og:locale\" content=\"en_US\" \/>\n<meta property=\"og:type\" content=\"article\" \/>\n<meta property=\"og:title\" content=\"- Europ\u00e4isches Bildungswerk f\u00fcr Beruf und Gesellschaft\" \/>\n<meta property=\"og:description\" content=\"F\u00fcr alle Interessenten einer Ausbildungsaufnahme ab August 2020: \u00c4nderung der Zugangsvoraussetzungen laut BbS-VO \u00a7146 Absatz 6\" \/>\n<meta property=\"og:url\" content=\"https:\/\/www.ebg.de\/aenderung-der-zugangsvoraussetzungen-fuer-ausbildungen\/\" \/>\n<meta property=\"og:site_name\" content=\"Europ\u00e4isches Bildungswerk f\u00fcr Beruf und Gesellschaft\" \/>\n<meta property=\"article:published_time\" content=\"2020-04-30T12:34:23+00:00\" \/>\n<meta property=\"article:modified_time\" content=\"2020-07-14T09:08:01+00:00\" \/>\n<meta property=\"og:image\" content=\"https:\/\/www.ebg.de\/wp-content\/uploads\/2020\/04\/2020-news-halberstadt.jpg\" \/>\n\t<meta property=\"og:image:width\" content=\"900\" \/>\n\t<meta property=\"og:image:height\" content=\"435\" \/>\n\t<meta property=\"og:image:type\" content=\"image\/jpeg\" \/>\n<meta name=\"author\" content=\"Christiane Selbig\" \/>\n<meta name=\"twitter:card\" content=\"summary_large_image\" \/>\n<meta name=\"twitter:label1\" content=\"Written by\" \/>\n\t<meta name=\"twitter:data1\" content=\"Christiane Selbig\" \/>\n<!-- \/ Yoast SEO plugin. -->","yoast_head_json":{"title":"- Europ\u00e4isches Bildungswerk f\u00fcr Beruf und Gesellschaft","robots":{"index":"index","follow":"follow","max-snippet":"max-snippet:-1","max-image-preview":"max-image-preview:large","max-video-preview":"max-video-preview:-1"},"canonical":"https:\/\/www.ebg.de\/aenderung-der-zugangsvoraussetzungen-fuer-ausbildungen\/","og_locale":"en_US","og_type":"article","og_title":"- Europ\u00e4isches Bildungswerk f\u00fcr Beruf und Gesellschaft","og_description":"F\u00fcr alle Interessenten einer Ausbildungsaufnahme ab August 2020: \u00c4nderung der Zugangsvoraussetzungen laut BbS-VO \u00a7146 Absatz 6","og_url":"https:\/\/www.ebg.de\/aenderung-der-zugangsvoraussetzungen-fuer-ausbildungen\/","og_site_name":"Europ\u00e4isches Bildungswerk f\u00fcr Beruf und Gesellschaft","article_published_time":"2020-04-30T12:34:23+00:00","article_modified_time":"2020-07-14T09:08:01+00:00","og_image":[{"width":900,"height":435,"url":"https:\/\/www.ebg.de\/wp-content\/uploads\/2020\/04\/2020-news-halberstadt.jpg","type":"image\/jpeg"}],"author":"Christiane Selbig","twitter_card":"summary_large_image","twitter_misc":{"Written by":"Christiane Selbig"},"schema":{"@context":"https:\/\/schema.org","@graph":[{"@type":"Article","@id":"https:\/\/www.ebg.de\/aenderung-der-zugangsvoraussetzungen-fuer-ausbildungen\/#article","isPartOf":{"@id":"https:\/\/www.ebg.de\/aenderung-der-zugangsvoraussetzungen-fuer-ausbildungen\/"},"author":{"name":"Christiane Selbig","@id":"https:\/\/www.ebg.de\/#\/schema\/person\/841de16928f485ad75bab4e688fe3436"},"headline":"No title","datePublished":"2020-04-30T12:34:23+00:00","dateModified":"2020-07-14T09:08:01+00:00","mainEntityOfPage":{"@id":"https:\/\/www.ebg.de\/aenderung-der-zugangsvoraussetzungen-fuer-ausbildungen\/"},"wordCount":99,"image":{"@id":"https:\/\/www.ebg.de\/aenderung-der-zugangsvoraussetzungen-fuer-ausbildungen\/#primaryimage"},"thumbnailUrl":"https:\/\/www.ebg.de\/wp-content\/uploads\/2020\/04\/2020-news-halberstadt.jpg","articleSection":["News - Halberstadt Schulen"],"inLanguage":"en-US"},{"@type":"WebPage","@id":"https:\/\/www.ebg.de\/aenderung-der-zugangsvoraussetzungen-fuer-ausbildungen\/","url":"https:\/\/www.ebg.de\/aenderung-der-zugangsvoraussetzungen-fuer-ausbildungen\/","name":"- Europ\u00e4isches Bildungswerk f\u00fcr Beruf und Gesellschaft","isPartOf":{"@id":"https:\/\/www.ebg.de\/#website"},"primaryImageOfPage":{"@id":"https:\/\/www.ebg.de\/aenderung-der-zugangsvoraussetzungen-fuer-ausbildungen\/#primaryimage"},"image":{"@id":"https:\/\/www.ebg.de\/aenderung-der-zugangsvoraussetzungen-fuer-ausbildungen\/#primaryimage"},"thumbnailUrl":"https:\/\/www.ebg.de\/wp-content\/uploads\/2020\/04\/2020-news-halberstadt.jpg","datePublished":"2020-04-30T12:34:23+00:00","dateModified":"2020-07-14T09:08:01+00:00","author":{"@id":"https:\/\/www.ebg.de\/#\/schema\/person\/841de16928f485ad75bab4e688fe3436"},"inLanguage":"en-US","potentialAction":[{"@type":"ReadAction","target":["https:\/\/www.ebg.de\/aenderung-der-zugangsvoraussetzungen-fuer-ausbildungen\/"]}]},{"@type":"ImageObject","inLanguage":"en-US","@id":"https:\/\/www.ebg.de\/aenderung-der-zugangsvoraussetzungen-fuer-ausbildungen\/#primaryimage","url":"https:\/\/www.ebg.de\/wp-content\/uploads\/2020\/04\/2020-news-halberstadt.jpg","contentUrl":"https:\/\/www.ebg.de\/wp-content\/uploads\/2020\/04\/2020-news-halberstadt.jpg","width":900,"height":435,"caption":"\u00c4nderung der Zugangsvoraussetzung"},{"@type":"WebSite","@id":"https:\/\/www.ebg.de\/#website","url":"https:\/\/www.ebg.de\/","name":"Europ\u00e4isches Bildungswerk f\u00fcr Beruf und Gesellschaft","description":"Bildung, Ausbildung und Weiterbildung","potentialAction":[{"@type":"SearchAction","target":{"@type":"EntryPoint","urlTemplate":"https:\/\/www.ebg.de\/?s={search_term_string}"},"query-input":{"@type":"PropertyValueSpecification","valueRequired":true,"valueName":"search_term_string"}}],"inLanguage":"en-US"},{"@type":"Person","@id":"https:\/\/www.ebg.de\/#\/schema\/person\/841de16928f485ad75bab4e688fe3436","name":"Christiane Selbig","image":{"@type":"ImageObject","inLanguage":"en-US","@id":"https:\/\/www.ebg.de\/#\/schema\/person\/image\/","url":"https:\/\/secure.gravatar.com\/avatar\/2cc1d2ea88bd46e448d57ac18ac9f028486b7c08a90951b9d99326eeec001739?s=96&d=mm&r=g","contentUrl":"https:\/\/secure.gravatar.com\/avatar\/2cc1d2ea88bd46e448d57ac18ac9f028486b7c08a90951b9d99326eeec001739?s=96&d=mm&r=g","caption":"Christiane Selbig"},"url":"https:\/\/www.ebg.de\/en\/author\/cselbig\/"}]}},"_links":{"self":[{"href":"https:\/\/www.ebg.de\/en\/wp-json\/wp\/v2\/posts\/6304","targetHints":{"allow":["GET"]}}],"collection":[{"href":"https:\/\/www.ebg.de\/en\/wp-json\/wp\/v2\/posts"}],"about":[{"href":"https:\/\/www.ebg.de\/en\/wp-json\/wp\/v2\/types\/post"}],"author":[{"embeddable":true,"href":"https:\/\/www.ebg.de\/en\/wp-json\/wp\/v2\/users\/8"}],"replies":[{"embeddable":true,"href":"https:\/\/www.ebg.de\/en\/wp-json\/wp\/v2\/comments?post=6304"}],"version-history":[{"count":8,"href":"https:\/\/www.ebg.de\/en\/wp-json\/wp\/v2\/posts\/6304\/revisions"}],"predecessor-version":[{"id":6735,"href":"https:\/\/www.ebg.de\/en\/wp-json\/wp\/v2\/posts\/6304\/revisions\/6735"}],"wp:featuredmedia":[{"embeddable":true,"href":"https:\/\/www.ebg.de\/en\/wp-json\/wp\/v2\/media\/6308"}],"wp:attachment":[{"href":"https:\/\/www.ebg.de\/en\/wp-json\/wp\/v2\/media?parent=6304"}],"wp:term":[{"taxonomy":"category","embeddable":true,"href":"https:\/\/www.ebg.de\/en\/wp-json\/wp\/v2\/categories?post=6304"},{"taxonomy":"post_tag","embeddable":true,"href":"https:\/\/www.ebg.de\/en\/wp-json\/wp\/v2\/tags?post=6304"}],"curies":[{"name":"wp","href":"https:\/\/api.w.org\/{rel}","templated":true}]}}