{"id":6002,"date":"2020-03-25T14:46:27","date_gmt":"2020-03-25T13:46:27","guid":{"rendered":"https:\/\/www.ebg.de\/?p=6002"},"modified":"2026-03-30T13:31:33","modified_gmt":"2026-03-30T11:31:33","slug":"herr-dr-adalbert-kitsche","status":"publish","type":"post","link":"https:\/\/www.ebg.de\/en\/herr-dr-adalbert-kitsche\/","title":{"rendered":"Dr. Adalbert Kitsche"},"content":{"rendered":"\n<p>Am 21. M\u00e4rz 2020, nur f\u00fcnf Tage vor seinem 94. Geburtstag, verstarb Herr Dr. Adalbert Kitsche. <\/p>\n\n\n\n<figure class=\"wp-block-image size-ebg-medium\"><img loading=\"lazy\" decoding=\"async\" width=\"900\" height=\"675\" src=\"https:\/\/www.ebg.de\/wp-content\/uploads\/2020\/03\/IMG_0438-900x675.jpg\" alt=\"\" class=\"wp-image-6031\" srcset=\"https:\/\/www.ebg.de\/wp-content\/uploads\/2020\/03\/IMG_0438-900x675.jpg 900w, https:\/\/www.ebg.de\/wp-content\/uploads\/2020\/03\/IMG_0438-300x225.jpg 300w, https:\/\/www.ebg.de\/wp-content\/uploads\/2020\/03\/IMG_0438-1024x768.jpg 1024w, https:\/\/www.ebg.de\/wp-content\/uploads\/2020\/03\/IMG_0438-768x576.jpg 768w, https:\/\/www.ebg.de\/wp-content\/uploads\/2020\/03\/IMG_0438-1536x1152.jpg 1536w, https:\/\/www.ebg.de\/wp-content\/uploads\/2020\/03\/IMG_0438-1200x900.jpg 1200w, https:\/\/www.ebg.de\/wp-content\/uploads\/2020\/03\/IMG_0438.jpg 1606w\" sizes=\"auto, (max-width: 900px) 100vw, 900px\" \/><\/figure>\n\n\n\n<p>Vor\n30 Jahren, in den turbulenten Zeiten der deutschen Wiedervereinigung, war der\n\u00fcberzeugte Europ\u00e4er Dr. Adalbert Kitsche, damals Stellvertretender\nHauptgesch\u00e4ftsf\u00fchrer und Leiter des Bildungswerkes der Wirtschaft der Arbeitgeberverb\u00e4nde\nNordrhein-Westfalens, nach Kontakten zum Institut f\u00fcr Berufsp\u00e4dagogik in\nMagdeburg, \u00fcberzeugt, gemeinsam eine europ\u00e4isch ausgerichtete Bildungseinrichtung\nzu schaffen. Im August 1990 bot sich die M\u00f6glichkeit, mit einer F\u00f6rderung der\nBundesrepublik an Arbeitgeberverb\u00e4nde und Gewerkschaften\nWeiterbildungseinrichtungen in der DDR zu errichten. Ziel war, die fortgeschrittenen technologischen und \u00f6konomischen Entwicklungen\nder Bundesrepublik in die DDR zu \u00fcbertragen. Dr. Kitsche lud Personen des\nInstituts f\u00fcr Berufsp\u00e4dagogik Magdeburg, der Technischen Universit\u00e4t Berlin,\nder Universit\u00e4t Magdeburg und des ESTA-Bildungswerkes zur Gr\u00fcndung des\nEurop\u00e4ischen Bildungswerkes f\u00fcr Beruf und Gesellschaft nach D\u00fcsseldorf ein. Er\nbildete Teams aus Ost und West, die an drei Bildungsstandorten, so Magdeburg (gleichzeitig\nSitz des gemeinn\u00fctzigen Vereins), Potsdam\/Brandenburg und Leipzig, das\nEurop\u00e4ische Bildungswerk f\u00fcr Beruf und Gesellschaft aufbauten. Damit schuf er\nin dieser Zeit des Umbruchs ein wirkliches deutsch-deutsches Projekt, aus dem\nsich in nunmehr 30 Jahren das heutige Europ\u00e4ische Bildungswerk f\u00fcr Beruf und\nGesellschaft entwickelte. <\/p>\n\n\n\n<figure class=\"wp-block-image size-ebg-medium\"><img loading=\"lazy\" decoding=\"async\" width=\"900\" height=\"675\" src=\"https:\/\/www.ebg.de\/wp-content\/uploads\/2020\/03\/IMG_428-900x675.jpg\" alt=\"\" class=\"wp-image-6029\" srcset=\"https:\/\/www.ebg.de\/wp-content\/uploads\/2020\/03\/IMG_428-900x675.jpg 900w, https:\/\/www.ebg.de\/wp-content\/uploads\/2020\/03\/IMG_428-300x225.jpg 300w, https:\/\/www.ebg.de\/wp-content\/uploads\/2020\/03\/IMG_428-1024x768.jpg 1024w, https:\/\/www.ebg.de\/wp-content\/uploads\/2020\/03\/IMG_428-768x576.jpg 768w, https:\/\/www.ebg.de\/wp-content\/uploads\/2020\/03\/IMG_428-1536x1152.jpg 1536w, https:\/\/www.ebg.de\/wp-content\/uploads\/2020\/03\/IMG_428-1200x900.jpg 1200w, https:\/\/www.ebg.de\/wp-content\/uploads\/2020\/03\/IMG_428.jpg 2000w\" sizes=\"auto, (max-width: 900px) 100vw, 900px\" \/><\/figure>\n\n\n\n<p>Das\nEBG begleitete Dr. Kitsche auch bei der Gr\u00fcndung des Europ\u00e4ischen Verbandes\nBeruflicher Bildungstr\u00e4ger (EVBB) e. V. am 14.12.1992 als Gr\u00fcndungsmitglied und\nhat bis heute wichtige Positionen im Pr\u00e4sidium des Verbandes. Als Dr. Kitsche\n2003 mit der Adalbert Kitsche Stiftung auch den Preis \u201eDIE EUROPA\u201c ins Leben\nrief, waren an seiner Seite im Vorstand der Stiftung bis heute zwei\nVerantwortungstr\u00e4ger des EBG. Mit diesem Preis \u201eDIE EUROPA\u201c wurden erfolgreiche\nProjekte zur Verminderung der Jugendarbeitslosigkeit, zur Verminderung der\nLangzeitarbeitslosigkeit und der F\u00f6rderung von Benachteiligten in besonderer\nWeise gew\u00fcrdigt. <\/p>\n\n\n\n<figure class=\"wp-block-image size-full\"><img loading=\"lazy\" decoding=\"async\" width=\"781\" height=\"586\" src=\"https:\/\/www.ebg.de\/wp-content\/uploads\/2020\/03\/17-9-09-EVBB-Rom-DIE-EUROPA-26.jpg\" alt=\"\" class=\"wp-image-6003\" srcset=\"https:\/\/www.ebg.de\/wp-content\/uploads\/2020\/03\/17-9-09-EVBB-Rom-DIE-EUROPA-26.jpg 781w, https:\/\/www.ebg.de\/wp-content\/uploads\/2020\/03\/17-9-09-EVBB-Rom-DIE-EUROPA-26-300x225.jpg 300w, https:\/\/www.ebg.de\/wp-content\/uploads\/2020\/03\/17-9-09-EVBB-Rom-DIE-EUROPA-26-768x576.jpg 768w\" sizes=\"auto, (max-width: 781px) 100vw, 781px\" \/><\/figure>\n\n\n\n<p>Auch\ndas EBG konnte auf der internationalen Konferenz des EVBB in Rom f\u00fcr sein\nProjekt \u201eMOVES zur Reintegration von Strafgefangenen\u201c mit diesem Preis\nausgezeichnet werden. Im Jahr 2019 errang das Gemeinschaftsprojekt\n\u201eJugendworkcamp\u201c Deutschland\/Slowakei des Volksbundes Deutsche\nKriegsgr\u00e4berf\u00fcrsorge Sachsen-Anhalt, der Landeszentrale f\u00fcr politische Bildung\nSachsen-Anhalt und der Deutsch-Slowakischen Gesellschaft Sachsen-Anhalt den 2.\nPlatz.<\/p>\n\n\n\n<figure class=\"wp-block-gallery has-nested-images columns-default is-cropped wp-block-gallery-1 is-layout-flex wp-block-gallery-is-layout-flex\">\n<figure class=\"wp-block-image size-large\"><img loading=\"lazy\" decoding=\"async\" width=\"1000\" height=\"750\" data-id=\"6061\" src=\"https:\/\/www.ebg.de\/wp-content\/uploads\/2020\/03\/evbb_5338.jpg\" alt=\"\" class=\"wp-image-6061\" srcset=\"https:\/\/www.ebg.de\/wp-content\/uploads\/2020\/03\/evbb_5338.jpg 1000w, https:\/\/www.ebg.de\/wp-content\/uploads\/2020\/03\/evbb_5338-300x225.jpg 300w, https:\/\/www.ebg.de\/wp-content\/uploads\/2020\/03\/evbb_5338-768x576.jpg 768w, https:\/\/www.ebg.de\/wp-content\/uploads\/2020\/03\/evbb_5338-900x675.jpg 900w\" sizes=\"auto, (max-width: 1000px) 100vw, 1000px\" \/><\/figure>\n\n\n\n<figure class=\"wp-block-image size-large\"><img loading=\"lazy\" decoding=\"async\" width=\"1000\" height=\"750\" data-id=\"6063\" src=\"https:\/\/www.ebg.de\/wp-content\/uploads\/2020\/03\/evbb_5343.jpg\" alt=\"\" class=\"wp-image-6063\" srcset=\"https:\/\/www.ebg.de\/wp-content\/uploads\/2020\/03\/evbb_5343.jpg 1000w, https:\/\/www.ebg.de\/wp-content\/uploads\/2020\/03\/evbb_5343-300x225.jpg 300w, https:\/\/www.ebg.de\/wp-content\/uploads\/2020\/03\/evbb_5343-768x576.jpg 768w, https:\/\/www.ebg.de\/wp-content\/uploads\/2020\/03\/evbb_5343-900x675.jpg 900w\" sizes=\"auto, (max-width: 1000px) 100vw, 1000px\" \/><\/figure>\n\n\n\n<figure class=\"wp-block-image size-large\"><img loading=\"lazy\" decoding=\"async\" width=\"640\" height=\"480\" data-id=\"6065\" src=\"https:\/\/www.ebg.de\/wp-content\/uploads\/2020\/03\/evbb_5519.jpg\" alt=\"\" class=\"wp-image-6065\" srcset=\"https:\/\/www.ebg.de\/wp-content\/uploads\/2020\/03\/evbb_5519.jpg 640w, https:\/\/www.ebg.de\/wp-content\/uploads\/2020\/03\/evbb_5519-300x225.jpg 300w\" sizes=\"auto, (max-width: 640px) 100vw, 640px\" \/><\/figure>\n\n\n\n<figure class=\"wp-block-image size-large\"><img loading=\"lazy\" decoding=\"async\" width=\"640\" height=\"480\" data-id=\"6067\" src=\"https:\/\/www.ebg.de\/wp-content\/uploads\/2020\/03\/evbb_5526.jpg\" alt=\"\" class=\"wp-image-6067\" srcset=\"https:\/\/www.ebg.de\/wp-content\/uploads\/2020\/03\/evbb_5526.jpg 640w, https:\/\/www.ebg.de\/wp-content\/uploads\/2020\/03\/evbb_5526-300x225.jpg 300w\" sizes=\"auto, (max-width: 640px) 100vw, 640px\" \/><\/figure>\n<\/figure>\n\n\n\n<p>Die\nenge Verbindung zu Herrn Dr. Kitsche wurde bis zu seinem Lebensende gewahrt.\nStets stand er uns mit richtungsweisenden Ideen und Anregungen zur Seite. Kunst\nund Kultur im EBG gehen auf ihn zur\u00fcck. Sein Lebensbaum, eine Eiche, hat sich\ngleich dem EBG zu einem m\u00e4chtigen Baum entwickelt. Der Europagarten des EBG und\nseine Kunststiftungen erinnern uns neben dem EBG selbst an unseren Europ\u00e4er Dr.\nAdalbert Kitsche. <\/p>\n\n\n\n<figure class=\"wp-block-gallery has-nested-images columns-2 wp-block-gallery-2 is-layout-flex wp-block-gallery-is-layout-flex\">\n<figure class=\"wp-block-image size-large\"><img loading=\"lazy\" decoding=\"async\" width=\"768\" height=\"1024\" data-id=\"6043\" src=\"https:\/\/www.ebg.de\/wp-content\/uploads\/2020\/03\/imm002_3-768x1024.jpg\" alt=\"\" class=\"wp-image-6043\" srcset=\"https:\/\/www.ebg.de\/wp-content\/uploads\/2020\/03\/imm002_3-768x1025.jpg 768w, https:\/\/www.ebg.de\/wp-content\/uploads\/2020\/03\/imm002_3-225x300.jpg 225w, https:\/\/www.ebg.de\/wp-content\/uploads\/2020\/03\/imm002_3-900x1201.jpg 900w, https:\/\/www.ebg.de\/wp-content\/uploads\/2020\/03\/imm002_3.jpg 1024w\" sizes=\"auto, (max-width: 768px) 100vw, 768px\" \/><\/figure>\n\n\n\n<figure class=\"wp-block-image size-large\"><img loading=\"lazy\" decoding=\"async\" width=\"1024\" height=\"768\" data-id=\"6017\" src=\"https:\/\/www.ebg.de\/wp-content\/uploads\/2020\/03\/Ero\u0308ffnung-EKF-235-1024x768.jpg\" alt=\"\" class=\"wp-image-6017\" srcset=\"https:\/\/www.ebg.de\/wp-content\/uploads\/2020\/03\/Ero\u0308ffnung-EKF-235-1024x768.jpg 1024w, https:\/\/www.ebg.de\/wp-content\/uploads\/2020\/03\/Ero\u0308ffnung-EKF-235-300x225.jpg 300w, https:\/\/www.ebg.de\/wp-content\/uploads\/2020\/03\/Ero\u0308ffnung-EKF-235-768x576.jpg 768w, https:\/\/www.ebg.de\/wp-content\/uploads\/2020\/03\/Ero\u0308ffnung-EKF-235-900x675.jpg 900w, https:\/\/www.ebg.de\/wp-content\/uploads\/2020\/03\/Ero\u0308ffnung-EKF-235-1200x900.jpg 1200w, https:\/\/www.ebg.de\/wp-content\/uploads\/2020\/03\/Ero\u0308ffnung-EKF-235.jpg 1419w\" sizes=\"auto, (max-width: 1024px) 100vw, 1024px\" \/><\/figure>\n\n\n\n<figure class=\"wp-block-image size-large\"><img loading=\"lazy\" decoding=\"async\" width=\"1024\" height=\"768\" data-id=\"6015\" src=\"https:\/\/www.ebg.de\/wp-content\/uploads\/2020\/03\/Ero\u0308ffnung-EKF-202-1024x768.jpg\" alt=\"\" class=\"wp-image-6015\" srcset=\"https:\/\/www.ebg.de\/wp-content\/uploads\/2020\/03\/Ero\u0308ffnung-EKF-202-1024x768.jpg 1024w, https:\/\/www.ebg.de\/wp-content\/uploads\/2020\/03\/Ero\u0308ffnung-EKF-202-300x225.jpg 300w, https:\/\/www.ebg.de\/wp-content\/uploads\/2020\/03\/Ero\u0308ffnung-EKF-202-768x576.jpg 768w, https:\/\/www.ebg.de\/wp-content\/uploads\/2020\/03\/Ero\u0308ffnung-EKF-202-1536x1152.jpg 1536w, https:\/\/www.ebg.de\/wp-content\/uploads\/2020\/03\/Ero\u0308ffnung-EKF-202-900x675.jpg 900w, https:\/\/www.ebg.de\/wp-content\/uploads\/2020\/03\/Ero\u0308ffnung-EKF-202-1200x900.jpg 1200w, https:\/\/www.ebg.de\/wp-content\/uploads\/2020\/03\/Ero\u0308ffnung-EKF-202.jpg 2000w\" sizes=\"auto, (max-width: 1024px) 100vw, 1024px\" \/><\/figure>\n\n\n\n<figure class=\"wp-block-image size-large\"><img loading=\"lazy\" decoding=\"async\" width=\"1024\" height=\"768\" data-id=\"6021\" src=\"https:\/\/www.ebg.de\/wp-content\/uploads\/2020\/03\/Ero\u0308ffnung-EKF-241-1024x768.jpg\" alt=\"\" class=\"wp-image-6021\" srcset=\"https:\/\/www.ebg.de\/wp-content\/uploads\/2020\/03\/Ero\u0308ffnung-EKF-241-1024x768.jpg 1024w, https:\/\/www.ebg.de\/wp-content\/uploads\/2020\/03\/Ero\u0308ffnung-EKF-241-300x225.jpg 300w, https:\/\/www.ebg.de\/wp-content\/uploads\/2020\/03\/Ero\u0308ffnung-EKF-241-768x576.jpg 768w, https:\/\/www.ebg.de\/wp-content\/uploads\/2020\/03\/Ero\u0308ffnung-EKF-241-1536x1152.jpg 1536w, https:\/\/www.ebg.de\/wp-content\/uploads\/2020\/03\/Ero\u0308ffnung-EKF-241-900x675.jpg 900w, https:\/\/www.ebg.de\/wp-content\/uploads\/2020\/03\/Ero\u0308ffnung-EKF-241-1200x900.jpg 1200w, https:\/\/www.ebg.de\/wp-content\/uploads\/2020\/03\/Ero\u0308ffnung-EKF-241.jpg 2000w\" sizes=\"auto, (max-width: 1024px) 100vw, 1024px\" \/><\/figure>\n\n\n\n<figure class=\"wp-block-image size-large\"><img loading=\"lazy\" decoding=\"async\" width=\"1024\" height=\"768\" data-id=\"6025\" src=\"https:\/\/www.ebg.de\/wp-content\/uploads\/2020\/03\/IMG_420-1024x768.jpg\" alt=\"\" class=\"wp-image-6025\" srcset=\"https:\/\/www.ebg.de\/wp-content\/uploads\/2020\/03\/IMG_420-1024x768.jpg 1024w, https:\/\/www.ebg.de\/wp-content\/uploads\/2020\/03\/IMG_420-300x225.jpg 300w, https:\/\/www.ebg.de\/wp-content\/uploads\/2020\/03\/IMG_420-768x576.jpg 768w, https:\/\/www.ebg.de\/wp-content\/uploads\/2020\/03\/IMG_420-1536x1152.jpg 1536w, https:\/\/www.ebg.de\/wp-content\/uploads\/2020\/03\/IMG_420-900x675.jpg 900w, https:\/\/www.ebg.de\/wp-content\/uploads\/2020\/03\/IMG_420-1200x900.jpg 1200w, https:\/\/www.ebg.de\/wp-content\/uploads\/2020\/03\/IMG_420.jpg 2000w\" sizes=\"auto, (max-width: 1024px) 100vw, 1024px\" \/><\/figure>\n\n\n\n<figure class=\"wp-block-image size-large\"><img loading=\"lazy\" decoding=\"async\" width=\"1024\" height=\"769\" data-id=\"6037\" src=\"https:\/\/www.ebg.de\/wp-content\/uploads\/2020\/03\/IMG_4138-1024x769.jpg\" alt=\"\" class=\"wp-image-6037\" srcset=\"https:\/\/www.ebg.de\/wp-content\/uploads\/2020\/03\/IMG_4138-1024x769.jpg 1024w, https:\/\/www.ebg.de\/wp-content\/uploads\/2020\/03\/IMG_4138-300x225.jpg 300w, https:\/\/www.ebg.de\/wp-content\/uploads\/2020\/03\/IMG_4138-768x576.jpg 768w, https:\/\/www.ebg.de\/wp-content\/uploads\/2020\/03\/IMG_4138-1536x1153.jpg 1536w, https:\/\/www.ebg.de\/wp-content\/uploads\/2020\/03\/IMG_4138-900x675.jpg 900w, https:\/\/www.ebg.de\/wp-content\/uploads\/2020\/03\/IMG_4138-1200x901.jpg 1200w, https:\/\/www.ebg.de\/wp-content\/uploads\/2020\/03\/IMG_4138.jpg 2000w\" sizes=\"auto, (max-width: 1024px) 100vw, 1024px\" \/><\/figure>\n\n\n\n<figure class=\"wp-block-image size-large\"><img loading=\"lazy\" decoding=\"async\" width=\"1024\" height=\"768\" data-id=\"6027\" src=\"https:\/\/www.ebg.de\/wp-content\/uploads\/2020\/03\/IMG_424-1024x768.jpg\" alt=\"\" class=\"wp-image-6027\" srcset=\"https:\/\/www.ebg.de\/wp-content\/uploads\/2020\/03\/IMG_424-1024x768.jpg 1024w, https:\/\/www.ebg.de\/wp-content\/uploads\/2020\/03\/IMG_424-300x225.jpg 300w, https:\/\/www.ebg.de\/wp-content\/uploads\/2020\/03\/IMG_424-768x576.jpg 768w, https:\/\/www.ebg.de\/wp-content\/uploads\/2020\/03\/IMG_424-1536x1152.jpg 1536w, https:\/\/www.ebg.de\/wp-content\/uploads\/2020\/03\/IMG_424-900x675.jpg 900w, https:\/\/www.ebg.de\/wp-content\/uploads\/2020\/03\/IMG_424-1200x900.jpg 1200w, https:\/\/www.ebg.de\/wp-content\/uploads\/2020\/03\/IMG_424.jpg 2000w\" sizes=\"auto, (max-width: 1024px) 100vw, 1024px\" \/><\/figure>\n\n\n\n<figure class=\"wp-block-image size-large\"><img loading=\"lazy\" decoding=\"async\" width=\"1024\" height=\"768\" data-id=\"6039\" src=\"https:\/\/www.ebg.de\/wp-content\/uploads\/2020\/03\/IMG_4139-1024x768.jpg\" alt=\"\" class=\"wp-image-6039\" srcset=\"https:\/\/www.ebg.de\/wp-content\/uploads\/2020\/03\/IMG_4139-1024x768.jpg 1024w, https:\/\/www.ebg.de\/wp-content\/uploads\/2020\/03\/IMG_4139-300x225.jpg 300w, https:\/\/www.ebg.de\/wp-content\/uploads\/2020\/03\/IMG_4139-768x576.jpg 768w, https:\/\/www.ebg.de\/wp-content\/uploads\/2020\/03\/IMG_4139-1536x1152.jpg 1536w, https:\/\/www.ebg.de\/wp-content\/uploads\/2020\/03\/IMG_4139-900x675.jpg 900w, https:\/\/www.ebg.de\/wp-content\/uploads\/2020\/03\/IMG_4139-1200x900.jpg 1200w, https:\/\/www.ebg.de\/wp-content\/uploads\/2020\/03\/IMG_4139.jpg 2000w\" sizes=\"auto, (max-width: 1024px) 100vw, 1024px\" \/><\/figure>\n\n\n\n<figure class=\"wp-block-image size-large\"><img loading=\"lazy\" decoding=\"async\" width=\"1024\" height=\"769\" data-id=\"6041\" src=\"https:\/\/www.ebg.de\/wp-content\/uploads\/2020\/03\/IMG_4175-1024x769.jpg\" alt=\"\" class=\"wp-image-6041\" srcset=\"https:\/\/www.ebg.de\/wp-content\/uploads\/2020\/03\/IMG_4175-1024x769.jpg 1024w, https:\/\/www.ebg.de\/wp-content\/uploads\/2020\/03\/IMG_4175-300x225.jpg 300w, https:\/\/www.ebg.de\/wp-content\/uploads\/2020\/03\/IMG_4175-768x576.jpg 768w, https:\/\/www.ebg.de\/wp-content\/uploads\/2020\/03\/IMG_4175-1536x1153.jpg 1536w, https:\/\/www.ebg.de\/wp-content\/uploads\/2020\/03\/IMG_4175-900x675.jpg 900w, https:\/\/www.ebg.de\/wp-content\/uploads\/2020\/03\/IMG_4175-1200x901.jpg 1200w, https:\/\/www.ebg.de\/wp-content\/uploads\/2020\/03\/IMG_4175.jpg 2000w\" sizes=\"auto, (max-width: 1024px) 100vw, 1024px\" \/><\/figure>\n<\/figure>\n\n\n\n<figure class=\"wp-block-gallery has-nested-images columns-default is-cropped wp-block-gallery-3 is-layout-flex wp-block-gallery-is-layout-flex\">\n<figure class=\"wp-block-image size-large\"><img loading=\"lazy\" decoding=\"async\" width=\"768\" height=\"1024\" data-id=\"6023\" src=\"https:\/\/www.ebg.de\/wp-content\/uploads\/2020\/03\/genscher32-768x1024.jpg\" alt=\"\" class=\"wp-image-6023\" srcset=\"https:\/\/www.ebg.de\/wp-content\/uploads\/2020\/03\/genscher32-768x1024.jpg 768w, https:\/\/www.ebg.de\/wp-content\/uploads\/2020\/03\/genscher32-225x300.jpg 225w, https:\/\/www.ebg.de\/wp-content\/uploads\/2020\/03\/genscher32.jpg 816w\" sizes=\"auto, (max-width: 768px) 100vw, 768px\" \/><\/figure>\n<\/figure>\n\n\n\n<p><\/p>\n\n\n\n<p>Prof. Dr. Bernhard Beckmann<\/p>\n","protected":false},"excerpt":{"rendered":"<p>Der Gr\u00fcndungsinitiator des Europ\u00e4ischen Bildungswerkes f\u00fcr Beruf und Gesellschaft,          Herr Dr. Adalbert Kitsche, ist am 21. M\u00e4rz 2020 von uns gegangen.<\/p>\n","protected":false},"author":2,"featured_media":6005,"comment_status":"closed","ping_status":"closed","sticky":false,"template":"","format":"standard","meta":{"_acf_changed":false,"footnotes":""},"categories":[22],"tags":[153,78,154],"class_list":["post-6002","post","type-post","status-publish","format-standard","has-post-thumbnail","hentry","category-news-gf","tag-dr-kitsche","tag-ebg","tag-nachruf"],"acf":[],"yoast_head":"<!-- This site is optimized with the Yoast SEO plugin v26.9 - https:\/\/yoast.com\/product\/yoast-seo-wordpress\/ -->\n<title>Dr. Adalbert Kitsche - Europ\u00e4isches Bildungswerk f\u00fcr Beruf und Gesellschaft<\/title>\n<meta name=\"robots\" content=\"index, follow, max-snippet:-1, max-image-preview:large, max-video-preview:-1\" \/>\n<link rel=\"canonical\" href=\"https:\/\/www.ebg.de\/herr-dr-adalbert-kitsche\/\" \/>\n<meta property=\"og:locale\" content=\"en_US\" \/>\n<meta property=\"og:type\" content=\"article\" \/>\n<meta property=\"og:title\" content=\"Dr. Adalbert Kitsche - Europ\u00e4isches Bildungswerk f\u00fcr Beruf und Gesellschaft\" \/>\n<meta property=\"og:description\" content=\"Der Gr\u00fcndungsinitiator des Europ\u00e4ischen Bildungswerkes f\u00fcr Beruf und Gesellschaft,     Herr Dr. Adalbert Kitsche, ist am 21. M\u00e4rz 2020 von uns gegangen.\" \/>\n<meta property=\"og:url\" content=\"https:\/\/www.ebg.de\/herr-dr-adalbert-kitsche\/\" \/>\n<meta property=\"og:site_name\" content=\"Europ\u00e4isches Bildungswerk f\u00fcr Beruf und Gesellschaft\" \/>\n<meta property=\"article:published_time\" content=\"2020-03-25T13:46:27+00:00\" \/>\n<meta property=\"article:modified_time\" content=\"2026-03-30T11:31:33+00:00\" \/>\n<meta property=\"og:image\" content=\"https:\/\/www.ebg.de\/wp-content\/uploads\/2020\/03\/beitrag_ak_0418.jpg\" \/>\n\t<meta property=\"og:image:width\" content=\"900\" \/>\n\t<meta property=\"og:image:height\" content=\"453\" \/>\n\t<meta property=\"og:image:type\" content=\"image\/jpeg\" \/>\n<meta name=\"author\" content=\"Carla R\u00f6blitz\" \/>\n<meta name=\"twitter:card\" content=\"summary_large_image\" \/>\n<meta name=\"twitter:label1\" content=\"Written by\" \/>\n\t<meta name=\"twitter:data1\" content=\"Carla R\u00f6blitz\" \/>\n\t<meta name=\"twitter:label2\" content=\"Est. reading time\" \/>\n\t<meta name=\"twitter:data2\" content=\"6 minutes\" \/>\n<!-- \/ Yoast SEO plugin. -->","yoast_head_json":{"title":"Dr. Adalbert Kitsche - Europ\u00e4isches Bildungswerk f\u00fcr Beruf und Gesellschaft","robots":{"index":"index","follow":"follow","max-snippet":"max-snippet:-1","max-image-preview":"max-image-preview:large","max-video-preview":"max-video-preview:-1"},"canonical":"https:\/\/www.ebg.de\/herr-dr-adalbert-kitsche\/","og_locale":"en_US","og_type":"article","og_title":"Dr. Adalbert Kitsche - Europ\u00e4isches Bildungswerk f\u00fcr Beruf und Gesellschaft","og_description":"Der Gr\u00fcndungsinitiator des Europ\u00e4ischen Bildungswerkes f\u00fcr Beruf und Gesellschaft,     Herr Dr. Adalbert Kitsche, ist am 21. M\u00e4rz 2020 von uns gegangen.","og_url":"https:\/\/www.ebg.de\/herr-dr-adalbert-kitsche\/","og_site_name":"Europ\u00e4isches Bildungswerk f\u00fcr Beruf und Gesellschaft","article_published_time":"2020-03-25T13:46:27+00:00","article_modified_time":"2026-03-30T11:31:33+00:00","og_image":[{"width":900,"height":453,"url":"https:\/\/www.ebg.de\/wp-content\/uploads\/2020\/03\/beitrag_ak_0418.jpg","type":"image\/jpeg"}],"author":"Carla R\u00f6blitz","twitter_card":"summary_large_image","twitter_misc":{"Written by":"Carla R\u00f6blitz","Est. reading time":"6 minutes"},"schema":{"@context":"https:\/\/schema.org","@graph":[{"@type":"Article","@id":"https:\/\/www.ebg.de\/herr-dr-adalbert-kitsche\/#article","isPartOf":{"@id":"https:\/\/www.ebg.de\/herr-dr-adalbert-kitsche\/"},"author":{"name":"Carla R\u00f6blitz","@id":"https:\/\/www.ebg.de\/#\/schema\/person\/6194a3051c516578ca559a6b15ac8fd8"},"headline":"Dr. Adalbert Kitsche","datePublished":"2020-03-25T13:46:27+00:00","dateModified":"2026-03-30T11:31:33+00:00","mainEntityOfPage":{"@id":"https:\/\/www.ebg.de\/herr-dr-adalbert-kitsche\/"},"wordCount":430,"image":{"@id":"https:\/\/www.ebg.de\/herr-dr-adalbert-kitsche\/#primaryimage"},"thumbnailUrl":"https:\/\/www.ebg.de\/wp-content\/uploads\/2020\/03\/beitrag_ak_0418.jpg","keywords":["Dr. Kitsche","EBG","Nachruf"],"articleSection":["News-GF"],"inLanguage":"en-US"},{"@type":"WebPage","@id":"https:\/\/www.ebg.de\/herr-dr-adalbert-kitsche\/","url":"https:\/\/www.ebg.de\/herr-dr-adalbert-kitsche\/","name":"Dr. Adalbert Kitsche - Europ\u00e4isches Bildungswerk f\u00fcr Beruf und Gesellschaft","isPartOf":{"@id":"https:\/\/www.ebg.de\/#website"},"primaryImageOfPage":{"@id":"https:\/\/www.ebg.de\/herr-dr-adalbert-kitsche\/#primaryimage"},"image":{"@id":"https:\/\/www.ebg.de\/herr-dr-adalbert-kitsche\/#primaryimage"},"thumbnailUrl":"https:\/\/www.ebg.de\/wp-content\/uploads\/2020\/03\/beitrag_ak_0418.jpg","datePublished":"2020-03-25T13:46:27+00:00","dateModified":"2026-03-30T11:31:33+00:00","author":{"@id":"https:\/\/www.ebg.de\/#\/schema\/person\/6194a3051c516578ca559a6b15ac8fd8"},"breadcrumb":{"@id":"https:\/\/www.ebg.de\/herr-dr-adalbert-kitsche\/#breadcrumb"},"inLanguage":"en-US","potentialAction":[{"@type":"ReadAction","target":["https:\/\/www.ebg.de\/herr-dr-adalbert-kitsche\/"]}]},{"@type":"ImageObject","inLanguage":"en-US","@id":"https:\/\/www.ebg.de\/herr-dr-adalbert-kitsche\/#primaryimage","url":"https:\/\/www.ebg.de\/wp-content\/uploads\/2020\/03\/beitrag_ak_0418.jpg","contentUrl":"https:\/\/www.ebg.de\/wp-content\/uploads\/2020\/03\/beitrag_ak_0418.jpg","width":900,"height":453},{"@type":"BreadcrumbList","@id":"https:\/\/www.ebg.de\/herr-dr-adalbert-kitsche\/#breadcrumb","itemListElement":[{"@type":"ListItem","position":1,"name":"Startseite","item":"https:\/\/www.ebg.de\/"},{"@type":"ListItem","position":2,"name":"Dr. Adalbert Kitsche"}]},{"@type":"WebSite","@id":"https:\/\/www.ebg.de\/#website","url":"https:\/\/www.ebg.de\/","name":"Europ\u00e4isches Bildungswerk f\u00fcr Beruf und Gesellschaft","description":"Bildung, Ausbildung und Weiterbildung","potentialAction":[{"@type":"SearchAction","target":{"@type":"EntryPoint","urlTemplate":"https:\/\/www.ebg.de\/?s={search_term_string}"},"query-input":{"@type":"PropertyValueSpecification","valueRequired":true,"valueName":"search_term_string"}}],"inLanguage":"en-US"},{"@type":"Person","@id":"https:\/\/www.ebg.de\/#\/schema\/person\/6194a3051c516578ca559a6b15ac8fd8","name":"Carla R\u00f6blitz","image":{"@type":"ImageObject","inLanguage":"en-US","@id":"https:\/\/www.ebg.de\/#\/schema\/person\/image\/","url":"https:\/\/secure.gravatar.com\/avatar\/a857149204a48781b4d141524fc4cbc60c48bb5682271a5e2762174f7ac85a2d?s=96&d=mm&r=g","contentUrl":"https:\/\/secure.gravatar.com\/avatar\/a857149204a48781b4d141524fc4cbc60c48bb5682271a5e2762174f7ac85a2d?s=96&d=mm&r=g","caption":"Carla R\u00f6blitz"},"url":"https:\/\/www.ebg.de\/en\/author\/croeblitz\/"}]}},"_links":{"self":[{"href":"https:\/\/www.ebg.de\/en\/wp-json\/wp\/v2\/posts\/6002","targetHints":{"allow":["GET"]}}],"collection":[{"href":"https:\/\/www.ebg.de\/en\/wp-json\/wp\/v2\/posts"}],"about":[{"href":"https:\/\/www.ebg.de\/en\/wp-json\/wp\/v2\/types\/post"}],"author":[{"embeddable":true,"href":"https:\/\/www.ebg.de\/en\/wp-json\/wp\/v2\/users\/2"}],"replies":[{"embeddable":true,"href":"https:\/\/www.ebg.de\/en\/wp-json\/wp\/v2\/comments?post=6002"}],"version-history":[{"count":18,"href":"https:\/\/www.ebg.de\/en\/wp-json\/wp\/v2\/posts\/6002\/revisions"}],"predecessor-version":[{"id":41241,"href":"https:\/\/www.ebg.de\/en\/wp-json\/wp\/v2\/posts\/6002\/revisions\/41241"}],"wp:featuredmedia":[{"embeddable":true,"href":"https:\/\/www.ebg.de\/en\/wp-json\/wp\/v2\/media\/6005"}],"wp:attachment":[{"href":"https:\/\/www.ebg.de\/en\/wp-json\/wp\/v2\/media?parent=6002"}],"wp:term":[{"taxonomy":"category","embeddable":true,"href":"https:\/\/www.ebg.de\/en\/wp-json\/wp\/v2\/categories?post=6002"},{"taxonomy":"post_tag","embeddable":true,"href":"https:\/\/www.ebg.de\/en\/wp-json\/wp\/v2\/tags?post=6002"}],"curies":[{"name":"wp","href":"https:\/\/api.w.org\/{rel}","templated":true}]}}