{"id":5868,"date":"2020-03-09T09:00:13","date_gmt":"2020-03-09T08:00:13","guid":{"rendered":"https:\/\/www.ebg.de\/?p=5868"},"modified":"2020-08-20T08:05:43","modified_gmt":"2020-08-20T06:05:43","slug":"bravo-brafo","status":"publish","type":"post","link":"https:\/\/www.ebg.de\/en\/bravo-brafo\/","title":{"rendered":"Bravo BRAFO!"},"content":{"rendered":"\n<figure class=\"wp-block-image size-large is-style-default\"><img loading=\"lazy\" decoding=\"async\" width=\"542\" height=\"1024\" src=\"https:\/\/www.ebg.de\/wp-content\/uploads\/2020\/03\/IMG_20200306_140543-542x1024.jpg\" alt=\"\" class=\"wp-image-5877\" srcset=\"https:\/\/www.ebg.de\/wp-content\/uploads\/2020\/03\/IMG_20200306_140543-542x1024.jpg 542w, https:\/\/www.ebg.de\/wp-content\/uploads\/2020\/03\/IMG_20200306_140543-159x300.jpg 159w, https:\/\/www.ebg.de\/wp-content\/uploads\/2020\/03\/IMG_20200306_140543-768x1451.jpg 768w, https:\/\/www.ebg.de\/wp-content\/uploads\/2020\/03\/IMG_20200306_140543-813x1536.jpg 813w, https:\/\/www.ebg.de\/wp-content\/uploads\/2020\/03\/IMG_20200306_140543-1084x2048.jpg 1084w, https:\/\/www.ebg.de\/wp-content\/uploads\/2020\/03\/IMG_20200306_140543-900x1700.jpg 900w, https:\/\/www.ebg.de\/wp-content\/uploads\/2020\/03\/IMG_20200306_140543-1200x2267.jpg 1200w, https:\/\/www.ebg.de\/wp-content\/uploads\/2020\/03\/IMG_20200306_140543.jpg 1274w\" sizes=\"auto, (max-width: 542px) 100vw, 542px\" \/><figcaption>BRAFO<\/figcaption><\/figure>\n\n\n\n<p>Nach intensiven Konzeptionierungen und Verhandlungen gab Ministerin Grimm-Benne an diesem Tag die Fortf\u00fchrung des BRAFO Programmes, welches das Europ\u00e4ische Bildungswerk in Kooperation mit dem Land Sachsen Anhalt, der Bundesagentur f\u00fcr Arbeit und aus Mitteln des Europ\u00e4ischen Sozialfonds der Europ\u00e4ischen Union durchf\u00fchrt, bekannt. Herr Behrens,&nbsp; Gesch\u00e4ftsf\u00fchrer der Regionaldirektion Halle, bedankte sich bei allen Beteiligten f\u00fcr das gegebene Engagement und hofft auf eine weiterf\u00fchrende und kooperative Zusammenarbeit. \u201eBerufswahl Richtig Angehen Fr\u00fchzeitig Orientieren\u201c ist ein Programm welches sich j\u00e4hrlich an \u00fcber 1o.ooo Sch\u00fclerinnen und Sch\u00fcler richtet und sie fr\u00fchzeitig und praxisnah auf dem Weg zur Berufswahl unterst\u00fctzt. <\/p>\n\n\n\n<figure class=\"wp-block-image size-ebg-medium\"><img loading=\"lazy\" decoding=\"async\" width=\"900\" height=\"885\" src=\"https:\/\/www.ebg.de\/wp-content\/uploads\/2020\/03\/2-900x885.jpg\" alt=\"\" class=\"wp-image-5871\" srcset=\"https:\/\/www.ebg.de\/wp-content\/uploads\/2020\/03\/2-900x885.jpg 900w, https:\/\/www.ebg.de\/wp-content\/uploads\/2020\/03\/2-300x295.jpg 300w, https:\/\/www.ebg.de\/wp-content\/uploads\/2020\/03\/2-1024x1006.jpg 1024w, https:\/\/www.ebg.de\/wp-content\/uploads\/2020\/03\/2-768x755.jpg 768w, https:\/\/www.ebg.de\/wp-content\/uploads\/2020\/03\/2-1536x1510.jpg 1536w, https:\/\/www.ebg.de\/wp-content\/uploads\/2020\/03\/2-1200x1179.jpg 1200w, https:\/\/www.ebg.de\/wp-content\/uploads\/2020\/03\/2.jpg 1864w\" sizes=\"auto, (max-width: 900px) 100vw, 900px\" \/><figcaption>Demonstration des T\u00e4tigkeitsfeldes 4: Menschen helfen und pflegen<\/figcaption><\/figure>\n\n\n\n<figure class=\"wp-block-image size-large\"><img loading=\"lazy\" decoding=\"async\" width=\"768\" height=\"1024\" src=\"https:\/\/www.ebg.de\/wp-content\/uploads\/2020\/03\/3-Kopie-768x1024.jpg\" alt=\"\" class=\"wp-image-5873\" srcset=\"https:\/\/www.ebg.de\/wp-content\/uploads\/2020\/03\/3-Kopie-768x1024.jpg 768w, https:\/\/www.ebg.de\/wp-content\/uploads\/2020\/03\/3-Kopie-225x300.jpg 225w, https:\/\/www.ebg.de\/wp-content\/uploads\/2020\/03\/3-Kopie-1152x1536.jpg 1152w, https:\/\/www.ebg.de\/wp-content\/uploads\/2020\/03\/3-Kopie-1536x2048.jpg 1536w, https:\/\/www.ebg.de\/wp-content\/uploads\/2020\/03\/3-Kopie-900x1200.jpg 900w, https:\/\/www.ebg.de\/wp-content\/uploads\/2020\/03\/3-Kopie-1200x1600.jpg 1200w, https:\/\/www.ebg.de\/wp-content\/uploads\/2020\/03\/3-Kopie-scaled.jpg 1920w\" sizes=\"auto, (max-width: 768px) 100vw, 768px\" \/><figcaption>Frau Ministerin Grimm-Benne mit Frau Schneider bei der Praxis<\/figcaption><\/figure>\n","protected":false},"excerpt":{"rendered":"<p>Am o6.o3.2o2o fand in der Aula des Regionalen Kompetenzzentrums Sachsen-Anhalt Mitte ein Pressetermin mit der Ministerin f\u00fcr Arbeit, Soziales und Integration in Sachsen-Anhalt Frau Grimm-Benne, EBG Gesch\u00e4ftsf\u00fchrer Thilo Reichelt sowie der Standortleiterin Frau Ines Br\u00fcckner statt.<\/p>\n","protected":false},"author":22,"featured_media":5869,"comment_status":"closed","ping_status":"closed","sticky":false,"template":"","format":"standard","meta":{"_acf_changed":false,"footnotes":""},"categories":[20,22],"tags":[],"class_list":["post-5868","post","type-post","status-publish","format-standard","has-post-thumbnail","hentry","category-news-startseite","category-news-gf"],"acf":[],"yoast_head":"<!-- This site is optimized with the Yoast SEO plugin v26.9 - https:\/\/yoast.com\/product\/yoast-seo-wordpress\/ -->\n<title>Bravo BRAFO! - Europ\u00e4isches Bildungswerk f\u00fcr Beruf und Gesellschaft<\/title>\n<meta name=\"robots\" content=\"index, follow, max-snippet:-1, max-image-preview:large, max-video-preview:-1\" \/>\n<link rel=\"canonical\" href=\"https:\/\/www.ebg.de\/bravo-brafo\/\" \/>\n<meta property=\"og:locale\" content=\"en_US\" \/>\n<meta property=\"og:type\" content=\"article\" \/>\n<meta property=\"og:title\" content=\"Bravo BRAFO! - Europ\u00e4isches Bildungswerk f\u00fcr Beruf und Gesellschaft\" \/>\n<meta property=\"og:description\" content=\"Am o6.o3.2o2o fand in der Aula des Regionalen Kompetenzzentrums Sachsen-Anhalt Mitte ein Pressetermin mit der Ministerin f\u00fcr Arbeit, Soziales und Integration in Sachsen-Anhalt Frau Grimm-Benne, EBG Gesch\u00e4ftsf\u00fchrer Thilo Reichelt sowie der Standortleiterin Frau Ines Br\u00fcckner statt.\" \/>\n<meta property=\"og:url\" content=\"https:\/\/www.ebg.de\/bravo-brafo\/\" \/>\n<meta property=\"og:site_name\" content=\"Europ\u00e4isches Bildungswerk f\u00fcr Beruf und Gesellschaft\" \/>\n<meta property=\"article:published_time\" content=\"2020-03-09T08:00:13+00:00\" \/>\n<meta property=\"article:modified_time\" content=\"2020-08-20T06:05:43+00:00\" \/>\n<meta property=\"og:image\" content=\"https:\/\/www.ebg.de\/wp-content\/uploads\/2020\/03\/1.jpg\" \/>\n\t<meta property=\"og:image:width\" content=\"2348\" \/>\n\t<meta property=\"og:image:height\" content=\"1416\" \/>\n\t<meta property=\"og:image:type\" content=\"image\/jpeg\" \/>\n<meta name=\"author\" content=\"Stephan Deubner\" \/>\n<meta name=\"twitter:card\" content=\"summary_large_image\" \/>\n<meta name=\"twitter:label1\" content=\"Written by\" \/>\n\t<meta name=\"twitter:data1\" content=\"Stephan Deubner\" \/>\n\t<meta name=\"twitter:label2\" content=\"Est. reading time\" \/>\n\t<meta name=\"twitter:data2\" content=\"1 minute\" \/>\n<!-- \/ Yoast SEO plugin. -->","yoast_head_json":{"title":"Bravo BRAFO! - Europ\u00e4isches Bildungswerk f\u00fcr Beruf und Gesellschaft","robots":{"index":"index","follow":"follow","max-snippet":"max-snippet:-1","max-image-preview":"max-image-preview:large","max-video-preview":"max-video-preview:-1"},"canonical":"https:\/\/www.ebg.de\/bravo-brafo\/","og_locale":"en_US","og_type":"article","og_title":"Bravo BRAFO! - Europ\u00e4isches Bildungswerk f\u00fcr Beruf und Gesellschaft","og_description":"Am o6.o3.2o2o fand in der Aula des Regionalen Kompetenzzentrums Sachsen-Anhalt Mitte ein Pressetermin mit der Ministerin f\u00fcr Arbeit, Soziales und Integration in Sachsen-Anhalt Frau Grimm-Benne, EBG Gesch\u00e4ftsf\u00fchrer Thilo Reichelt sowie der Standortleiterin Frau Ines Br\u00fcckner statt.","og_url":"https:\/\/www.ebg.de\/bravo-brafo\/","og_site_name":"Europ\u00e4isches Bildungswerk f\u00fcr Beruf und Gesellschaft","article_published_time":"2020-03-09T08:00:13+00:00","article_modified_time":"2020-08-20T06:05:43+00:00","og_image":[{"width":2348,"height":1416,"url":"https:\/\/www.ebg.de\/wp-content\/uploads\/2020\/03\/1.jpg","type":"image\/jpeg"}],"author":"Stephan Deubner","twitter_card":"summary_large_image","twitter_misc":{"Written by":"Stephan Deubner","Est. reading time":"1 minute"},"schema":{"@context":"https:\/\/schema.org","@graph":[{"@type":"Article","@id":"https:\/\/www.ebg.de\/bravo-brafo\/#article","isPartOf":{"@id":"https:\/\/www.ebg.de\/bravo-brafo\/"},"author":{"name":"Stephan Deubner","@id":"https:\/\/www.ebg.de\/#\/schema\/person\/af645ea1741029d9a44ae532ceb268bc"},"headline":"Bravo BRAFO!","datePublished":"2020-03-09T08:00:13+00:00","dateModified":"2020-08-20T06:05:43+00:00","mainEntityOfPage":{"@id":"https:\/\/www.ebg.de\/bravo-brafo\/"},"wordCount":132,"image":{"@id":"https:\/\/www.ebg.de\/bravo-brafo\/#primaryimage"},"thumbnailUrl":"https:\/\/www.ebg.de\/wp-content\/uploads\/2020\/03\/1.jpg","articleSection":["News - Startseite","News-GF"],"inLanguage":"en-US"},{"@type":"WebPage","@id":"https:\/\/www.ebg.de\/bravo-brafo\/","url":"https:\/\/www.ebg.de\/bravo-brafo\/","name":"Bravo BRAFO! - Europ\u00e4isches Bildungswerk f\u00fcr Beruf und Gesellschaft","isPartOf":{"@id":"https:\/\/www.ebg.de\/#website"},"primaryImageOfPage":{"@id":"https:\/\/www.ebg.de\/bravo-brafo\/#primaryimage"},"image":{"@id":"https:\/\/www.ebg.de\/bravo-brafo\/#primaryimage"},"thumbnailUrl":"https:\/\/www.ebg.de\/wp-content\/uploads\/2020\/03\/1.jpg","datePublished":"2020-03-09T08:00:13+00:00","dateModified":"2020-08-20T06:05:43+00:00","author":{"@id":"https:\/\/www.ebg.de\/#\/schema\/person\/af645ea1741029d9a44ae532ceb268bc"},"breadcrumb":{"@id":"https:\/\/www.ebg.de\/bravo-brafo\/#breadcrumb"},"inLanguage":"en-US","potentialAction":[{"@type":"ReadAction","target":["https:\/\/www.ebg.de\/bravo-brafo\/"]}]},{"@type":"ImageObject","inLanguage":"en-US","@id":"https:\/\/www.ebg.de\/bravo-brafo\/#primaryimage","url":"https:\/\/www.ebg.de\/wp-content\/uploads\/2020\/03\/1.jpg","contentUrl":"https:\/\/www.ebg.de\/wp-content\/uploads\/2020\/03\/1.jpg","width":2348,"height":1416,"caption":"mde_soft"},{"@type":"BreadcrumbList","@id":"https:\/\/www.ebg.de\/bravo-brafo\/#breadcrumb","itemListElement":[{"@type":"ListItem","position":1,"name":"Startseite","item":"https:\/\/www.ebg.de\/"},{"@type":"ListItem","position":2,"name":"Bravo BRAFO!"}]},{"@type":"WebSite","@id":"https:\/\/www.ebg.de\/#website","url":"https:\/\/www.ebg.de\/","name":"Europ\u00e4isches Bildungswerk f\u00fcr Beruf und Gesellschaft","description":"Bildung, Ausbildung und Weiterbildung","potentialAction":[{"@type":"SearchAction","target":{"@type":"EntryPoint","urlTemplate":"https:\/\/www.ebg.de\/?s={search_term_string}"},"query-input":{"@type":"PropertyValueSpecification","valueRequired":true,"valueName":"search_term_string"}}],"inLanguage":"en-US"},{"@type":"Person","@id":"https:\/\/www.ebg.de\/#\/schema\/person\/af645ea1741029d9a44ae532ceb268bc","name":"Stephan Deubner","image":{"@type":"ImageObject","inLanguage":"en-US","@id":"https:\/\/www.ebg.de\/#\/schema\/person\/image\/","url":"https:\/\/secure.gravatar.com\/avatar\/35731f6a08afa0518c45f153077f6135c0f41aa2ae0b76e850ef9508976a7bbe?s=96&d=mm&r=g","contentUrl":"https:\/\/secure.gravatar.com\/avatar\/35731f6a08afa0518c45f153077f6135c0f41aa2ae0b76e850ef9508976a7bbe?s=96&d=mm&r=g","caption":"Stephan Deubner"},"url":"https:\/\/www.ebg.de\/en\/author\/sdeubner\/"}]}},"_links":{"self":[{"href":"https:\/\/www.ebg.de\/en\/wp-json\/wp\/v2\/posts\/5868","targetHints":{"allow":["GET"]}}],"collection":[{"href":"https:\/\/www.ebg.de\/en\/wp-json\/wp\/v2\/posts"}],"about":[{"href":"https:\/\/www.ebg.de\/en\/wp-json\/wp\/v2\/types\/post"}],"author":[{"embeddable":true,"href":"https:\/\/www.ebg.de\/en\/wp-json\/wp\/v2\/users\/22"}],"replies":[{"embeddable":true,"href":"https:\/\/www.ebg.de\/en\/wp-json\/wp\/v2\/comments?post=5868"}],"version-history":[{"count":8,"href":"https:\/\/www.ebg.de\/en\/wp-json\/wp\/v2\/posts\/5868\/revisions"}],"predecessor-version":[{"id":6951,"href":"https:\/\/www.ebg.de\/en\/wp-json\/wp\/v2\/posts\/5868\/revisions\/6951"}],"wp:featuredmedia":[{"embeddable":true,"href":"https:\/\/www.ebg.de\/en\/wp-json\/wp\/v2\/media\/5869"}],"wp:attachment":[{"href":"https:\/\/www.ebg.de\/en\/wp-json\/wp\/v2\/media?parent=5868"}],"wp:term":[{"taxonomy":"category","embeddable":true,"href":"https:\/\/www.ebg.de\/en\/wp-json\/wp\/v2\/categories?post=5868"},{"taxonomy":"post_tag","embeddable":true,"href":"https:\/\/www.ebg.de\/en\/wp-json\/wp\/v2\/tags?post=5868"}],"curies":[{"name":"wp","href":"https:\/\/api.w.org\/{rel}","templated":true}]}}