{"id":5857,"date":"2020-03-05T13:32:34","date_gmt":"2020-03-05T12:32:34","guid":{"rendered":"https:\/\/www.ebg.de\/?p=5857"},"modified":"2022-09-01T09:54:01","modified_gmt":"2022-09-01T07:54:01","slug":"kein-tag-wie-jeder-andere","status":"publish","type":"post","link":"https:\/\/www.ebg.de\/en\/kein-tag-wie-jeder-andere\/","title":{"rendered":"Kein Tag wie jeder andere!"},"content":{"rendered":"\n<p>(&#8230;)<\/p>\n\n\n\n<p>Das neue Fach- und Berufsfachschulzentrum in Naumburg ist fertiggestellt und wurde, inklusive einer toll organisierten Jubil\u00e4umsfeier zum 30 j\u00e4hrigen Bestehen des EBG, gefeiert. Neben geladenen G\u00e4sten aus Politik und Wirtschaft gesellten sich zahlreiche Besucher unter die Anwesenden und bestaunten die neuen R\u00e4umlichkeiten und Angebote.<\/p>\n\n\n\n<p>Hervorzuheben ist das tolle Engagement der Kolleginnen und Kollegen rund um Schulleiterin Anett Pilz- Schmidt und besonders das der Sch\u00fcler, die diesen Tag so \u00fcberaus gelingen lie\u00dfen. Auch im Namen der Gesch\u00e4ftsf\u00fchrung an alle Beteiligten ein herzliches Dankesch\u00f6n!<\/p>\n\n\n\n<figure class=\"wp-block-image size-large\"><img loading=\"lazy\" decoding=\"async\" width=\"1024\" height=\"452\" src=\"https:\/\/www.ebg.de\/wp-content\/uploads\/2020\/03\/P1010120_72dpi-1024x452.jpg\" alt=\"\" class=\"wp-image-5854\" srcset=\"https:\/\/www.ebg.de\/wp-content\/uploads\/2020\/03\/P1010120_72dpi-1024x452.jpg 1024w, https:\/\/www.ebg.de\/wp-content\/uploads\/2020\/03\/P1010120_72dpi-300x132.jpg 300w, https:\/\/www.ebg.de\/wp-content\/uploads\/2020\/03\/P1010120_72dpi-768x339.jpg 768w, https:\/\/www.ebg.de\/wp-content\/uploads\/2020\/03\/P1010120_72dpi-1536x678.jpg 1536w, https:\/\/www.ebg.de\/wp-content\/uploads\/2020\/03\/P1010120_72dpi-2048x904.jpg 2048w, https:\/\/www.ebg.de\/wp-content\/uploads\/2020\/03\/P1010120_72dpi-900x397.jpg 900w, https:\/\/www.ebg.de\/wp-content\/uploads\/2020\/03\/P1010120_72dpi-1200x530.jpg 1200w\" sizes=\"auto, (max-width: 1024px) 100vw, 1024px\" \/><\/figure>\n\n\n\n<figure class=\"wp-block-image size-large\"><img loading=\"lazy\" decoding=\"async\" width=\"567\" height=\"378\" src=\"https:\/\/www.ebg.de\/wp-content\/uploads\/2020\/03\/DSC_0014_72dpi-1.jpg\" alt=\"30 Jahre EBG Naumburg\" class=\"wp-image-5769\" srcset=\"https:\/\/www.ebg.de\/wp-content\/uploads\/2020\/03\/DSC_0014_72dpi-1.jpg 567w, https:\/\/www.ebg.de\/wp-content\/uploads\/2020\/03\/DSC_0014_72dpi-1-300x200.jpg 300w\" sizes=\"auto, (max-width: 567px) 100vw, 567px\" \/><\/figure>\n","protected":false},"excerpt":{"rendered":"<p>Am 27.02.2020 war es soweit: (&#8230;)<\/p>\n","protected":false},"author":22,"featured_media":24199,"comment_status":"closed","ping_status":"closed","sticky":false,"template":"","format":"standard","meta":{"_acf_changed":false,"footnotes":""},"categories":[30],"tags":[],"class_list":["post-5857","post","type-post","status-publish","format-standard","has-post-thumbnail","hentry","category-news-naumburg-schulen"],"acf":[],"yoast_head":"<!-- This site is optimized with the Yoast SEO plugin v26.9 - https:\/\/yoast.com\/product\/yoast-seo-wordpress\/ -->\n<title>Kein Tag wie jeder andere! - Europ\u00e4isches Bildungswerk f\u00fcr Beruf und Gesellschaft<\/title>\n<meta name=\"robots\" content=\"index, follow, max-snippet:-1, max-image-preview:large, max-video-preview:-1\" \/>\n<link rel=\"canonical\" href=\"https:\/\/www.ebg.de\/kein-tag-wie-jeder-andere\/\" \/>\n<meta property=\"og:locale\" content=\"en_US\" \/>\n<meta property=\"og:type\" content=\"article\" \/>\n<meta property=\"og:title\" content=\"Kein Tag wie jeder andere! - Europ\u00e4isches Bildungswerk f\u00fcr Beruf und Gesellschaft\" \/>\n<meta property=\"og:description\" content=\"Am 27.02.2020 war es soweit: (...)\" \/>\n<meta property=\"og:url\" content=\"https:\/\/www.ebg.de\/kein-tag-wie-jeder-andere\/\" \/>\n<meta property=\"og:site_name\" content=\"Europ\u00e4isches Bildungswerk f\u00fcr Beruf und Gesellschaft\" \/>\n<meta property=\"article:published_time\" content=\"2020-03-05T12:32:34+00:00\" \/>\n<meta property=\"article:modified_time\" content=\"2022-09-01T07:54:01+00:00\" \/>\n<meta property=\"og:image\" content=\"https:\/\/www.ebg.de\/wp-content\/uploads\/2020\/03\/Nmbg2.jpg\" \/>\n\t<meta property=\"og:image:width\" content=\"400\" \/>\n\t<meta property=\"og:image:height\" content=\"356\" \/>\n\t<meta property=\"og:image:type\" content=\"image\/jpeg\" \/>\n<meta name=\"author\" content=\"Stephan Deubner\" \/>\n<meta name=\"twitter:card\" content=\"summary_large_image\" \/>\n<meta name=\"twitter:label1\" content=\"Written by\" \/>\n\t<meta name=\"twitter:data1\" content=\"Stephan Deubner\" \/>\n\t<meta name=\"twitter:label2\" content=\"Est. reading time\" \/>\n\t<meta name=\"twitter:data2\" content=\"1 minute\" \/>\n<!-- \/ Yoast SEO plugin. -->","yoast_head_json":{"title":"Kein Tag wie jeder andere! - Europ\u00e4isches Bildungswerk f\u00fcr Beruf und Gesellschaft","robots":{"index":"index","follow":"follow","max-snippet":"max-snippet:-1","max-image-preview":"max-image-preview:large","max-video-preview":"max-video-preview:-1"},"canonical":"https:\/\/www.ebg.de\/kein-tag-wie-jeder-andere\/","og_locale":"en_US","og_type":"article","og_title":"Kein Tag wie jeder andere! - Europ\u00e4isches Bildungswerk f\u00fcr Beruf und Gesellschaft","og_description":"Am 27.02.2020 war es soweit: (...)","og_url":"https:\/\/www.ebg.de\/kein-tag-wie-jeder-andere\/","og_site_name":"Europ\u00e4isches Bildungswerk f\u00fcr Beruf und Gesellschaft","article_published_time":"2020-03-05T12:32:34+00:00","article_modified_time":"2022-09-01T07:54:01+00:00","og_image":[{"width":400,"height":356,"url":"https:\/\/www.ebg.de\/wp-content\/uploads\/2020\/03\/Nmbg2.jpg","type":"image\/jpeg"}],"author":"Stephan Deubner","twitter_card":"summary_large_image","twitter_misc":{"Written by":"Stephan Deubner","Est. reading time":"1 minute"},"schema":{"@context":"https:\/\/schema.org","@graph":[{"@type":"Article","@id":"https:\/\/www.ebg.de\/kein-tag-wie-jeder-andere\/#article","isPartOf":{"@id":"https:\/\/www.ebg.de\/kein-tag-wie-jeder-andere\/"},"author":{"name":"Stephan Deubner","@id":"https:\/\/www.ebg.de\/#\/schema\/person\/af645ea1741029d9a44ae532ceb268bc"},"headline":"Kein Tag wie jeder andere!","datePublished":"2020-03-05T12:32:34+00:00","dateModified":"2022-09-01T07:54:01+00:00","mainEntityOfPage":{"@id":"https:\/\/www.ebg.de\/kein-tag-wie-jeder-andere\/"},"wordCount":95,"image":{"@id":"https:\/\/www.ebg.de\/kein-tag-wie-jeder-andere\/#primaryimage"},"thumbnailUrl":"https:\/\/www.ebg.de\/wp-content\/uploads\/2020\/03\/Nmbg2.jpg","articleSection":["News - Naumburg Schulen"],"inLanguage":"en-US"},{"@type":"WebPage","@id":"https:\/\/www.ebg.de\/kein-tag-wie-jeder-andere\/","url":"https:\/\/www.ebg.de\/kein-tag-wie-jeder-andere\/","name":"Kein Tag wie jeder andere! - Europ\u00e4isches Bildungswerk f\u00fcr Beruf und Gesellschaft","isPartOf":{"@id":"https:\/\/www.ebg.de\/#website"},"primaryImageOfPage":{"@id":"https:\/\/www.ebg.de\/kein-tag-wie-jeder-andere\/#primaryimage"},"image":{"@id":"https:\/\/www.ebg.de\/kein-tag-wie-jeder-andere\/#primaryimage"},"thumbnailUrl":"https:\/\/www.ebg.de\/wp-content\/uploads\/2020\/03\/Nmbg2.jpg","datePublished":"2020-03-05T12:32:34+00:00","dateModified":"2022-09-01T07:54:01+00:00","author":{"@id":"https:\/\/www.ebg.de\/#\/schema\/person\/af645ea1741029d9a44ae532ceb268bc"},"breadcrumb":{"@id":"https:\/\/www.ebg.de\/kein-tag-wie-jeder-andere\/#breadcrumb"},"inLanguage":"en-US","potentialAction":[{"@type":"ReadAction","target":["https:\/\/www.ebg.de\/kein-tag-wie-jeder-andere\/"]}]},{"@type":"ImageObject","inLanguage":"en-US","@id":"https:\/\/www.ebg.de\/kein-tag-wie-jeder-andere\/#primaryimage","url":"https:\/\/www.ebg.de\/wp-content\/uploads\/2020\/03\/Nmbg2.jpg","contentUrl":"https:\/\/www.ebg.de\/wp-content\/uploads\/2020\/03\/Nmbg2.jpg","width":400,"height":356},{"@type":"BreadcrumbList","@id":"https:\/\/www.ebg.de\/kein-tag-wie-jeder-andere\/#breadcrumb","itemListElement":[{"@type":"ListItem","position":1,"name":"Startseite","item":"https:\/\/www.ebg.de\/"},{"@type":"ListItem","position":2,"name":"Kein Tag wie jeder andere!"}]},{"@type":"WebSite","@id":"https:\/\/www.ebg.de\/#website","url":"https:\/\/www.ebg.de\/","name":"Europ\u00e4isches Bildungswerk f\u00fcr Beruf und Gesellschaft","description":"Bildung, Ausbildung und Weiterbildung","potentialAction":[{"@type":"SearchAction","target":{"@type":"EntryPoint","urlTemplate":"https:\/\/www.ebg.de\/?s={search_term_string}"},"query-input":{"@type":"PropertyValueSpecification","valueRequired":true,"valueName":"search_term_string"}}],"inLanguage":"en-US"},{"@type":"Person","@id":"https:\/\/www.ebg.de\/#\/schema\/person\/af645ea1741029d9a44ae532ceb268bc","name":"Stephan Deubner","image":{"@type":"ImageObject","inLanguage":"en-US","@id":"https:\/\/www.ebg.de\/#\/schema\/person\/image\/","url":"https:\/\/secure.gravatar.com\/avatar\/35731f6a08afa0518c45f153077f6135c0f41aa2ae0b76e850ef9508976a7bbe?s=96&d=mm&r=g","contentUrl":"https:\/\/secure.gravatar.com\/avatar\/35731f6a08afa0518c45f153077f6135c0f41aa2ae0b76e850ef9508976a7bbe?s=96&d=mm&r=g","caption":"Stephan Deubner"},"url":"https:\/\/www.ebg.de\/en\/author\/sdeubner\/"}]}},"_links":{"self":[{"href":"https:\/\/www.ebg.de\/en\/wp-json\/wp\/v2\/posts\/5857","targetHints":{"allow":["GET"]}}],"collection":[{"href":"https:\/\/www.ebg.de\/en\/wp-json\/wp\/v2\/posts"}],"about":[{"href":"https:\/\/www.ebg.de\/en\/wp-json\/wp\/v2\/types\/post"}],"author":[{"embeddable":true,"href":"https:\/\/www.ebg.de\/en\/wp-json\/wp\/v2\/users\/22"}],"replies":[{"embeddable":true,"href":"https:\/\/www.ebg.de\/en\/wp-json\/wp\/v2\/comments?post=5857"}],"version-history":[{"count":3,"href":"https:\/\/www.ebg.de\/en\/wp-json\/wp\/v2\/posts\/5857\/revisions"}],"predecessor-version":[{"id":5864,"href":"https:\/\/www.ebg.de\/en\/wp-json\/wp\/v2\/posts\/5857\/revisions\/5864"}],"wp:featuredmedia":[{"embeddable":true,"href":"https:\/\/www.ebg.de\/en\/wp-json\/wp\/v2\/media\/24199"}],"wp:attachment":[{"href":"https:\/\/www.ebg.de\/en\/wp-json\/wp\/v2\/media?parent=5857"}],"wp:term":[{"taxonomy":"category","embeddable":true,"href":"https:\/\/www.ebg.de\/en\/wp-json\/wp\/v2\/categories?post=5857"},{"taxonomy":"post_tag","embeddable":true,"href":"https:\/\/www.ebg.de\/en\/wp-json\/wp\/v2\/tags?post=5857"}],"curies":[{"name":"wp","href":"https:\/\/api.w.org\/{rel}","templated":true}]}}