{"id":5846,"date":"2020-03-05T13:01:46","date_gmt":"2020-03-05T12:01:46","guid":{"rendered":"https:\/\/www.ebg.de\/?p=5846"},"modified":"2020-03-06T07:17:45","modified_gmt":"2020-03-06T06:17:45","slug":"zwei-auf-einen-streich","status":"publish","type":"post","link":"https:\/\/www.ebg.de\/en\/zwei-auf-einen-streich\/","title":{"rendered":"Zwei auf einen Streich !"},"content":{"rendered":"\n<p>An diesem Tag wurde nicht nur die Fertigstellung und Neuer\u00f6ffnung des Geb\u00e4udes am Jacobsring 3 gefeiert. Es wurde ebenfalls das 30 j\u00e4hrige Jubil\u00e4um des EBG zelebriert. Auffallend war das enorme Engagement der Lehrkr\u00e4fte, aber auch ganz besonders das der Sch\u00fcler. Auch im Namen der Gesch\u00e4ftsf\u00fchrung ein herzliches Dankesch\u00f6n an alle Mitwirkenden f\u00fcr diesen besonders gelungenen Tag!<\/p>\n","protected":false},"excerpt":{"rendered":"<p>Nicht kleckern sondern klotzen hie\u00df es am 27.02.2020 im neu er\u00f6ffneten Fach- und Berufsfachschulzentrum in Naumburg. <\/p>\n","protected":false},"author":22,"featured_media":5769,"comment_status":"closed","ping_status":"closed","sticky":false,"template":"","format":"standard","meta":{"_acf_changed":false,"footnotes":""},"categories":[22],"tags":[],"class_list":["post-5846","post","type-post","status-publish","format-standard","has-post-thumbnail","hentry","category-news-gf"],"acf":[],"yoast_head":"<!-- This site is optimized with the Yoast SEO plugin v26.9 - https:\/\/yoast.com\/product\/yoast-seo-wordpress\/ -->\n<title>Zwei auf einen Streich ! - Europ\u00e4isches Bildungswerk f\u00fcr Beruf und Gesellschaft<\/title>\n<meta name=\"robots\" content=\"index, follow, max-snippet:-1, max-image-preview:large, max-video-preview:-1\" \/>\n<link rel=\"canonical\" href=\"https:\/\/www.ebg.de\/zwei-auf-einen-streich\/\" \/>\n<meta property=\"og:locale\" content=\"en_US\" \/>\n<meta property=\"og:type\" content=\"article\" \/>\n<meta property=\"og:title\" content=\"Zwei auf einen Streich ! - Europ\u00e4isches Bildungswerk f\u00fcr Beruf und Gesellschaft\" \/>\n<meta property=\"og:description\" content=\"Nicht kleckern sondern klotzen hie\u00df es am 27.02.2020 im neu er\u00f6ffneten Fach- und Berufsfachschulzentrum in Naumburg.\" \/>\n<meta property=\"og:url\" content=\"https:\/\/www.ebg.de\/zwei-auf-einen-streich\/\" \/>\n<meta property=\"og:site_name\" content=\"Europ\u00e4isches Bildungswerk f\u00fcr Beruf und Gesellschaft\" \/>\n<meta property=\"article:published_time\" content=\"2020-03-05T12:01:46+00:00\" \/>\n<meta property=\"article:modified_time\" content=\"2020-03-06T06:17:45+00:00\" \/>\n<meta property=\"og:image\" content=\"https:\/\/www.ebg.de\/wp-content\/uploads\/2020\/03\/DSC_0014_72dpi-1.jpg\" \/>\n\t<meta property=\"og:image:width\" content=\"567\" \/>\n\t<meta property=\"og:image:height\" content=\"378\" \/>\n\t<meta property=\"og:image:type\" content=\"image\/jpeg\" \/>\n<meta name=\"author\" content=\"Stephan Deubner\" \/>\n<meta name=\"twitter:card\" content=\"summary_large_image\" \/>\n<meta name=\"twitter:label1\" content=\"Written by\" \/>\n\t<meta name=\"twitter:data1\" content=\"Stephan Deubner\" \/>\n<!-- \/ Yoast SEO plugin. -->","yoast_head_json":{"title":"Zwei auf einen Streich ! - Europ\u00e4isches Bildungswerk f\u00fcr Beruf und Gesellschaft","robots":{"index":"index","follow":"follow","max-snippet":"max-snippet:-1","max-image-preview":"max-image-preview:large","max-video-preview":"max-video-preview:-1"},"canonical":"https:\/\/www.ebg.de\/zwei-auf-einen-streich\/","og_locale":"en_US","og_type":"article","og_title":"Zwei auf einen Streich ! - Europ\u00e4isches Bildungswerk f\u00fcr Beruf und Gesellschaft","og_description":"Nicht kleckern sondern klotzen hie\u00df es am 27.02.2020 im neu er\u00f6ffneten Fach- und Berufsfachschulzentrum in Naumburg.","og_url":"https:\/\/www.ebg.de\/zwei-auf-einen-streich\/","og_site_name":"Europ\u00e4isches Bildungswerk f\u00fcr Beruf und Gesellschaft","article_published_time":"2020-03-05T12:01:46+00:00","article_modified_time":"2020-03-06T06:17:45+00:00","og_image":[{"width":567,"height":378,"url":"https:\/\/www.ebg.de\/wp-content\/uploads\/2020\/03\/DSC_0014_72dpi-1.jpg","type":"image\/jpeg"}],"author":"Stephan Deubner","twitter_card":"summary_large_image","twitter_misc":{"Written by":"Stephan Deubner"},"schema":{"@context":"https:\/\/schema.org","@graph":[{"@type":"Article","@id":"https:\/\/www.ebg.de\/zwei-auf-einen-streich\/#article","isPartOf":{"@id":"https:\/\/www.ebg.de\/zwei-auf-einen-streich\/"},"author":{"name":"Stephan Deubner","@id":"https:\/\/www.ebg.de\/#\/schema\/person\/af645ea1741029d9a44ae532ceb268bc"},"headline":"Zwei auf einen Streich !","datePublished":"2020-03-05T12:01:46+00:00","dateModified":"2020-03-06T06:17:45+00:00","mainEntityOfPage":{"@id":"https:\/\/www.ebg.de\/zwei-auf-einen-streich\/"},"wordCount":68,"image":{"@id":"https:\/\/www.ebg.de\/zwei-auf-einen-streich\/#primaryimage"},"thumbnailUrl":"https:\/\/www.ebg.de\/wp-content\/uploads\/2020\/03\/DSC_0014_72dpi-1.jpg","articleSection":["News-GF"],"inLanguage":"en-US"},{"@type":"WebPage","@id":"https:\/\/www.ebg.de\/zwei-auf-einen-streich\/","url":"https:\/\/www.ebg.de\/zwei-auf-einen-streich\/","name":"Zwei auf einen Streich ! - Europ\u00e4isches Bildungswerk f\u00fcr Beruf und Gesellschaft","isPartOf":{"@id":"https:\/\/www.ebg.de\/#website"},"primaryImageOfPage":{"@id":"https:\/\/www.ebg.de\/zwei-auf-einen-streich\/#primaryimage"},"image":{"@id":"https:\/\/www.ebg.de\/zwei-auf-einen-streich\/#primaryimage"},"thumbnailUrl":"https:\/\/www.ebg.de\/wp-content\/uploads\/2020\/03\/DSC_0014_72dpi-1.jpg","datePublished":"2020-03-05T12:01:46+00:00","dateModified":"2020-03-06T06:17:45+00:00","author":{"@id":"https:\/\/www.ebg.de\/#\/schema\/person\/af645ea1741029d9a44ae532ceb268bc"},"breadcrumb":{"@id":"https:\/\/www.ebg.de\/zwei-auf-einen-streich\/#breadcrumb"},"inLanguage":"en-US","potentialAction":[{"@type":"ReadAction","target":["https:\/\/www.ebg.de\/zwei-auf-einen-streich\/"]}]},{"@type":"ImageObject","inLanguage":"en-US","@id":"https:\/\/www.ebg.de\/zwei-auf-einen-streich\/#primaryimage","url":"https:\/\/www.ebg.de\/wp-content\/uploads\/2020\/03\/DSC_0014_72dpi-1.jpg","contentUrl":"https:\/\/www.ebg.de\/wp-content\/uploads\/2020\/03\/DSC_0014_72dpi-1.jpg","width":567,"height":378,"caption":"sdfds"},{"@type":"BreadcrumbList","@id":"https:\/\/www.ebg.de\/zwei-auf-einen-streich\/#breadcrumb","itemListElement":[{"@type":"ListItem","position":1,"name":"Startseite","item":"https:\/\/www.ebg.de\/"},{"@type":"ListItem","position":2,"name":"Zwei auf einen Streich !"}]},{"@type":"WebSite","@id":"https:\/\/www.ebg.de\/#website","url":"https:\/\/www.ebg.de\/","name":"Europ\u00e4isches Bildungswerk f\u00fcr Beruf und Gesellschaft","description":"Bildung, Ausbildung und Weiterbildung","potentialAction":[{"@type":"SearchAction","target":{"@type":"EntryPoint","urlTemplate":"https:\/\/www.ebg.de\/?s={search_term_string}"},"query-input":{"@type":"PropertyValueSpecification","valueRequired":true,"valueName":"search_term_string"}}],"inLanguage":"en-US"},{"@type":"Person","@id":"https:\/\/www.ebg.de\/#\/schema\/person\/af645ea1741029d9a44ae532ceb268bc","name":"Stephan Deubner","image":{"@type":"ImageObject","inLanguage":"en-US","@id":"https:\/\/www.ebg.de\/#\/schema\/person\/image\/","url":"https:\/\/secure.gravatar.com\/avatar\/35731f6a08afa0518c45f153077f6135c0f41aa2ae0b76e850ef9508976a7bbe?s=96&d=mm&r=g","contentUrl":"https:\/\/secure.gravatar.com\/avatar\/35731f6a08afa0518c45f153077f6135c0f41aa2ae0b76e850ef9508976a7bbe?s=96&d=mm&r=g","caption":"Stephan Deubner"},"url":"https:\/\/www.ebg.de\/en\/author\/sdeubner\/"}]}},"_links":{"self":[{"href":"https:\/\/www.ebg.de\/en\/wp-json\/wp\/v2\/posts\/5846","targetHints":{"allow":["GET"]}}],"collection":[{"href":"https:\/\/www.ebg.de\/en\/wp-json\/wp\/v2\/posts"}],"about":[{"href":"https:\/\/www.ebg.de\/en\/wp-json\/wp\/v2\/types\/post"}],"author":[{"embeddable":true,"href":"https:\/\/www.ebg.de\/en\/wp-json\/wp\/v2\/users\/22"}],"replies":[{"embeddable":true,"href":"https:\/\/www.ebg.de\/en\/wp-json\/wp\/v2\/comments?post=5846"}],"version-history":[{"count":3,"href":"https:\/\/www.ebg.de\/en\/wp-json\/wp\/v2\/posts\/5846\/revisions"}],"predecessor-version":[{"id":5865,"href":"https:\/\/www.ebg.de\/en\/wp-json\/wp\/v2\/posts\/5846\/revisions\/5865"}],"wp:featuredmedia":[{"embeddable":true,"href":"https:\/\/www.ebg.de\/en\/wp-json\/wp\/v2\/media\/5769"}],"wp:attachment":[{"href":"https:\/\/www.ebg.de\/en\/wp-json\/wp\/v2\/media?parent=5846"}],"wp:term":[{"taxonomy":"category","embeddable":true,"href":"https:\/\/www.ebg.de\/en\/wp-json\/wp\/v2\/categories?post=5846"},{"taxonomy":"post_tag","embeddable":true,"href":"https:\/\/www.ebg.de\/en\/wp-json\/wp\/v2\/tags?post=5846"}],"curies":[{"name":"wp","href":"https:\/\/api.w.org\/{rel}","templated":true}]}}