{"id":5518,"date":"2020-01-21T07:45:17","date_gmt":"2020-01-21T06:45:17","guid":{"rendered":"https:\/\/www.ebg.de\/?p=5518"},"modified":"2020-01-21T10:40:24","modified_gmt":"2020-01-21T09:40:24","slug":"die-chance-genutzt","status":"publish","type":"post","link":"https:\/\/www.ebg.de\/en\/die-chance-genutzt\/","title":{"rendered":"Die Chance genutzt"},"content":{"rendered":"<p>Die Chance 2o2o \u2013 Die Bildungs-, Job- und Gr\u00fcndermesse f\u00fcr Mitteldeutschland &#8211; war ein voller Erfolg. Viele Interessenten sammelten sich um den EBG Stand und erkundigten sich \u00fcber aktuelle Aus-, Fort- und Weiterbildungen an den staatlich anerkannten Fach- und Berufsfachschulen Halle und Naumburg. Informationen zu Heilerziehungspflege, Erzieher, Ergotherapie, Sozialassistent sowie Heilp\u00e4dagogik waren hei\u00df begehrt!<br \/>\nWir bedanken uns herzlich bei allen Sch\u00fclern sowie Kollegen f\u00fcr die engagierte Unterst\u00fctzung unseres Messeauftrittes!<\/p>\n<p><img loading=\"lazy\" decoding=\"async\" class=\"size-medium wp-image-5472 alignleft\" src=\"https:\/\/www.ebg.de\/wp-content\/uploads\/2020\/01\/Chance3-204x300.jpg\" alt=\"\" width=\"204\" height=\"300\" srcset=\"https:\/\/www.ebg.de\/wp-content\/uploads\/2020\/01\/Chance3-204x300.jpg 204w, https:\/\/www.ebg.de\/wp-content\/uploads\/2020\/01\/Chance3-696x1024.jpg 696w, https:\/\/www.ebg.de\/wp-content\/uploads\/2020\/01\/Chance3-768x1130.jpg 768w, https:\/\/www.ebg.de\/wp-content\/uploads\/2020\/01\/Chance3-1044x1536.jpg 1044w, https:\/\/www.ebg.de\/wp-content\/uploads\/2020\/01\/Chance3-1391x2048.jpg 1391w, https:\/\/www.ebg.de\/wp-content\/uploads\/2020\/01\/Chance3-900x1325.jpg 900w, https:\/\/www.ebg.de\/wp-content\/uploads\/2020\/01\/Chance3-1200x1766.jpg 1200w, https:\/\/www.ebg.de\/wp-content\/uploads\/2020\/01\/Chance3-scaled.jpg 1739w\" sizes=\"auto, (max-width: 204px) 100vw, 204px\" \/><img loading=\"lazy\" decoding=\"async\" class=\"alignnone size-medium wp-image-5519\" src=\"https:\/\/www.ebg.de\/wp-content\/uploads\/2020\/01\/Chance1-1-300x230.jpg\" alt=\"\" width=\"300\" height=\"230\" srcset=\"https:\/\/www.ebg.de\/wp-content\/uploads\/2020\/01\/Chance1-1-300x230.jpg 300w, https:\/\/www.ebg.de\/wp-content\/uploads\/2020\/01\/Chance1-1-1024x784.jpg 1024w, https:\/\/www.ebg.de\/wp-content\/uploads\/2020\/01\/Chance1-1-768x588.jpg 768w, https:\/\/www.ebg.de\/wp-content\/uploads\/2020\/01\/Chance1-1-1536x1177.jpg 1536w, https:\/\/www.ebg.de\/wp-content\/uploads\/2020\/01\/Chance1-1-2048x1569.jpg 2048w, https:\/\/www.ebg.de\/wp-content\/uploads\/2020\/01\/Chance1-1-900x689.jpg 900w, https:\/\/www.ebg.de\/wp-content\/uploads\/2020\/01\/Chance1-1-1200x919.jpg 1200w\" sizes=\"auto, (max-width: 300px) 100vw, 300px\" \/><\/p>\n","protected":false},"excerpt":{"rendered":"<p>Gro\u00dfer Andrang am Stand des EBG auf der Chance 2020 in Halle<\/p>\n","protected":false},"author":22,"featured_media":5470,"comment_status":"closed","ping_status":"closed","sticky":false,"template":"","format":"standard","meta":{"_acf_changed":false,"footnotes":""},"categories":[29],"tags":[],"class_list":["post-5518","post","type-post","status-publish","format-standard","has-post-thumbnail","hentry","category-news-halle-schulen"],"acf":[],"yoast_head":"<!-- This site is optimized with the Yoast SEO plugin v26.9 - https:\/\/yoast.com\/product\/yoast-seo-wordpress\/ -->\n<title>Die Chance genutzt - Europ\u00e4isches Bildungswerk f\u00fcr Beruf und Gesellschaft<\/title>\n<meta name=\"robots\" content=\"index, follow, max-snippet:-1, max-image-preview:large, max-video-preview:-1\" \/>\n<link rel=\"canonical\" href=\"https:\/\/www.ebg.de\/die-chance-genutzt\/\" \/>\n<meta property=\"og:locale\" content=\"en_US\" \/>\n<meta property=\"og:type\" content=\"article\" \/>\n<meta property=\"og:title\" content=\"Die Chance genutzt - Europ\u00e4isches Bildungswerk f\u00fcr Beruf und Gesellschaft\" \/>\n<meta property=\"og:description\" content=\"Gro\u00dfer Andrang am Stand des EBG auf der Chance 2020 in Halle\" \/>\n<meta property=\"og:url\" content=\"https:\/\/www.ebg.de\/die-chance-genutzt\/\" \/>\n<meta property=\"og:site_name\" content=\"Europ\u00e4isches Bildungswerk f\u00fcr Beruf und Gesellschaft\" \/>\n<meta property=\"article:published_time\" content=\"2020-01-21T06:45:17+00:00\" \/>\n<meta property=\"article:modified_time\" content=\"2020-01-21T09:40:24+00:00\" \/>\n<meta property=\"og:image\" content=\"https:\/\/www.ebg.de\/wp-content\/uploads\/2020\/01\/Chance2-1-scaled-e1579079933167.jpg\" \/>\n\t<meta property=\"og:image:width\" content=\"848\" \/>\n\t<meta property=\"og:image:height\" content=\"490\" \/>\n\t<meta property=\"og:image:type\" content=\"image\/jpeg\" \/>\n<meta name=\"author\" content=\"Stephan Deubner\" \/>\n<meta name=\"twitter:card\" content=\"summary_large_image\" \/>\n<meta name=\"twitter:label1\" content=\"Written by\" \/>\n\t<meta name=\"twitter:data1\" content=\"Stephan Deubner\" \/>\n<!-- \/ Yoast SEO plugin. -->","yoast_head_json":{"title":"Die Chance genutzt - Europ\u00e4isches Bildungswerk f\u00fcr Beruf und Gesellschaft","robots":{"index":"index","follow":"follow","max-snippet":"max-snippet:-1","max-image-preview":"max-image-preview:large","max-video-preview":"max-video-preview:-1"},"canonical":"https:\/\/www.ebg.de\/die-chance-genutzt\/","og_locale":"en_US","og_type":"article","og_title":"Die Chance genutzt - Europ\u00e4isches Bildungswerk f\u00fcr Beruf und Gesellschaft","og_description":"Gro\u00dfer Andrang am Stand des EBG auf der Chance 2020 in Halle","og_url":"https:\/\/www.ebg.de\/die-chance-genutzt\/","og_site_name":"Europ\u00e4isches Bildungswerk f\u00fcr Beruf und Gesellschaft","article_published_time":"2020-01-21T06:45:17+00:00","article_modified_time":"2020-01-21T09:40:24+00:00","og_image":[{"width":848,"height":490,"url":"https:\/\/www.ebg.de\/wp-content\/uploads\/2020\/01\/Chance2-1-scaled-e1579079933167.jpg","type":"image\/jpeg"}],"author":"Stephan Deubner","twitter_card":"summary_large_image","twitter_misc":{"Written by":"Stephan Deubner"},"schema":{"@context":"https:\/\/schema.org","@graph":[{"@type":"Article","@id":"https:\/\/www.ebg.de\/die-chance-genutzt\/#article","isPartOf":{"@id":"https:\/\/www.ebg.de\/die-chance-genutzt\/"},"author":{"name":"Stephan Deubner","@id":"https:\/\/www.ebg.de\/#\/schema\/person\/af645ea1741029d9a44ae532ceb268bc"},"headline":"Die Chance genutzt","datePublished":"2020-01-21T06:45:17+00:00","dateModified":"2020-01-21T09:40:24+00:00","mainEntityOfPage":{"@id":"https:\/\/www.ebg.de\/die-chance-genutzt\/"},"wordCount":78,"image":{"@id":"https:\/\/www.ebg.de\/die-chance-genutzt\/#primaryimage"},"thumbnailUrl":"https:\/\/www.ebg.de\/wp-content\/uploads\/2020\/01\/Chance2-1-scaled-e1579079933167.jpg","articleSection":["News - Halle Schulen"],"inLanguage":"en-US"},{"@type":"WebPage","@id":"https:\/\/www.ebg.de\/die-chance-genutzt\/","url":"https:\/\/www.ebg.de\/die-chance-genutzt\/","name":"Die Chance genutzt - Europ\u00e4isches Bildungswerk f\u00fcr Beruf und Gesellschaft","isPartOf":{"@id":"https:\/\/www.ebg.de\/#website"},"primaryImageOfPage":{"@id":"https:\/\/www.ebg.de\/die-chance-genutzt\/#primaryimage"},"image":{"@id":"https:\/\/www.ebg.de\/die-chance-genutzt\/#primaryimage"},"thumbnailUrl":"https:\/\/www.ebg.de\/wp-content\/uploads\/2020\/01\/Chance2-1-scaled-e1579079933167.jpg","datePublished":"2020-01-21T06:45:17+00:00","dateModified":"2020-01-21T09:40:24+00:00","author":{"@id":"https:\/\/www.ebg.de\/#\/schema\/person\/af645ea1741029d9a44ae532ceb268bc"},"breadcrumb":{"@id":"https:\/\/www.ebg.de\/die-chance-genutzt\/#breadcrumb"},"inLanguage":"en-US","potentialAction":[{"@type":"ReadAction","target":["https:\/\/www.ebg.de\/die-chance-genutzt\/"]}]},{"@type":"ImageObject","inLanguage":"en-US","@id":"https:\/\/www.ebg.de\/die-chance-genutzt\/#primaryimage","url":"https:\/\/www.ebg.de\/wp-content\/uploads\/2020\/01\/Chance2-1-scaled-e1579079933167.jpg","contentUrl":"https:\/\/www.ebg.de\/wp-content\/uploads\/2020\/01\/Chance2-1-scaled-e1579079933167.jpg","width":848,"height":490},{"@type":"BreadcrumbList","@id":"https:\/\/www.ebg.de\/die-chance-genutzt\/#breadcrumb","itemListElement":[{"@type":"ListItem","position":1,"name":"Startseite","item":"https:\/\/www.ebg.de\/"},{"@type":"ListItem","position":2,"name":"Die Chance genutzt"}]},{"@type":"WebSite","@id":"https:\/\/www.ebg.de\/#website","url":"https:\/\/www.ebg.de\/","name":"Europ\u00e4isches Bildungswerk f\u00fcr Beruf und Gesellschaft","description":"Bildung, Ausbildung und Weiterbildung","potentialAction":[{"@type":"SearchAction","target":{"@type":"EntryPoint","urlTemplate":"https:\/\/www.ebg.de\/?s={search_term_string}"},"query-input":{"@type":"PropertyValueSpecification","valueRequired":true,"valueName":"search_term_string"}}],"inLanguage":"en-US"},{"@type":"Person","@id":"https:\/\/www.ebg.de\/#\/schema\/person\/af645ea1741029d9a44ae532ceb268bc","name":"Stephan Deubner","image":{"@type":"ImageObject","inLanguage":"en-US","@id":"https:\/\/www.ebg.de\/#\/schema\/person\/image\/","url":"https:\/\/secure.gravatar.com\/avatar\/35731f6a08afa0518c45f153077f6135c0f41aa2ae0b76e850ef9508976a7bbe?s=96&d=mm&r=g","contentUrl":"https:\/\/secure.gravatar.com\/avatar\/35731f6a08afa0518c45f153077f6135c0f41aa2ae0b76e850ef9508976a7bbe?s=96&d=mm&r=g","caption":"Stephan Deubner"},"url":"https:\/\/www.ebg.de\/en\/author\/sdeubner\/"}]}},"_links":{"self":[{"href":"https:\/\/www.ebg.de\/en\/wp-json\/wp\/v2\/posts\/5518","targetHints":{"allow":["GET"]}}],"collection":[{"href":"https:\/\/www.ebg.de\/en\/wp-json\/wp\/v2\/posts"}],"about":[{"href":"https:\/\/www.ebg.de\/en\/wp-json\/wp\/v2\/types\/post"}],"author":[{"embeddable":true,"href":"https:\/\/www.ebg.de\/en\/wp-json\/wp\/v2\/users\/22"}],"replies":[{"embeddable":true,"href":"https:\/\/www.ebg.de\/en\/wp-json\/wp\/v2\/comments?post=5518"}],"version-history":[{"count":2,"href":"https:\/\/www.ebg.de\/en\/wp-json\/wp\/v2\/posts\/5518\/revisions"}],"predecessor-version":[{"id":5535,"href":"https:\/\/www.ebg.de\/en\/wp-json\/wp\/v2\/posts\/5518\/revisions\/5535"}],"wp:featuredmedia":[{"embeddable":true,"href":"https:\/\/www.ebg.de\/en\/wp-json\/wp\/v2\/media\/5470"}],"wp:attachment":[{"href":"https:\/\/www.ebg.de\/en\/wp-json\/wp\/v2\/media?parent=5518"}],"wp:term":[{"taxonomy":"category","embeddable":true,"href":"https:\/\/www.ebg.de\/en\/wp-json\/wp\/v2\/categories?post=5518"},{"taxonomy":"post_tag","embeddable":true,"href":"https:\/\/www.ebg.de\/en\/wp-json\/wp\/v2\/tags?post=5518"}],"curies":[{"name":"wp","href":"https:\/\/api.w.org\/{rel}","templated":true}]}}