{"id":5387,"date":"2019-12-27T20:00:47","date_gmt":"2019-12-27T19:00:47","guid":{"rendered":"https:\/\/www.ebg.de\/?p=5387"},"modified":"2020-01-21T08:08:07","modified_gmt":"2020-01-21T07:08:07","slug":"sport-mal-anders","status":"publish","type":"post","link":"https:\/\/www.ebg.de\/en\/sport-mal-anders\/","title":{"rendered":"Sport mal anders"},"content":{"rendered":"\n<p>Die Klasse HEP 2017 TZ lud am\n30.11.2019 zum Sportfest unter dem Motto \u201eSport mal anders\u201c in die Turnhalle\nder Havelschule Brandenburg (St\u00e4dtische Schule mit dem sonderp\u00e4dagogischen\nF\u00f6rderschwerpunkt \u201egeistige Entwicklung\u201c) ein.<\/p>\n\n\n\n<p>Teilnehmer des Sportfestes\nwaren Kinder, Jugendliche und Erwachsene der Wohn-st\u00e4tte Heilbrunn (Stephanus-Stiftung),&nbsp; der&nbsp;\nWohnst\u00e4tte Potsdamer Landstra\u00dfe von Fliedners, Brandenburg sowie\nJugendliche, die an Angeboten des Stadtsportbundes Brandenburg teilnehmen.<\/p>\n\n\n\n<p>Im Mittelpunkt des Sportfestes standen Spa\u00df und Freude an au\u00dfergew\u00f6hnlichen sportlichen Aktivit\u00e4ten, das Heranf\u00fchren an sinnvolle Freizeitgestaltung&nbsp; und der Inklusionsgedanke. Es gab Stationen wie \u201eSwingroller\u201c, \u201eLuftballonwand\u201c, \u201eParcours\u201c, Kegeln mit dem Medizinball und Kraftsport\/Selbstverteidigung. Es gab nat\u00fcrlich auch eine Smoothiepause und ein sehr gesundes Mittagsbuffet.<\/p>\n\n\n\n<div class=\"wp-block-image\"><figure class=\"aligncenter size-large\"><img loading=\"lazy\" decoding=\"async\" width=\"567\" height=\"319\" src=\"https:\/\/www.ebg.de\/wp-content\/uploads\/2019\/12\/Sport4.jpg\" alt=\"\" class=\"wp-image-5383\" srcset=\"https:\/\/www.ebg.de\/wp-content\/uploads\/2019\/12\/Sport4.jpg 567w, https:\/\/www.ebg.de\/wp-content\/uploads\/2019\/12\/Sport4-300x169.jpg 300w\" sizes=\"auto, (max-width: 567px) 100vw, 567px\" \/><\/figure><\/div>\n\n\n\n<div class=\"wp-block-image\"><figure class=\"aligncenter size-large\"><img loading=\"lazy\" decoding=\"async\" width=\"567\" height=\"319\" src=\"https:\/\/www.ebg.de\/wp-content\/uploads\/2019\/12\/Sport3.jpg\" alt=\"\" class=\"wp-image-5381\" srcset=\"https:\/\/www.ebg.de\/wp-content\/uploads\/2019\/12\/Sport3.jpg 567w, https:\/\/www.ebg.de\/wp-content\/uploads\/2019\/12\/Sport3-300x169.jpg 300w\" sizes=\"auto, (max-width: 567px) 100vw, 567px\" \/><\/figure><\/div>\n\n\n\n<div class=\"wp-block-image\"><figure class=\"aligncenter size-large\"><img loading=\"lazy\" decoding=\"async\" width=\"567\" height=\"319\" src=\"https:\/\/www.ebg.de\/wp-content\/uploads\/2019\/12\/Sport2.jpg\" alt=\"\" class=\"wp-image-5379\" srcset=\"https:\/\/www.ebg.de\/wp-content\/uploads\/2019\/12\/Sport2.jpg 567w, https:\/\/www.ebg.de\/wp-content\/uploads\/2019\/12\/Sport2-300x169.jpg 300w\" sizes=\"auto, (max-width: 567px) 100vw, 567px\" \/><\/figure><\/div>\n\n\n\n<div class=\"wp-block-image\"><figure class=\"aligncenter size-large\"><img loading=\"lazy\" decoding=\"async\" width=\"567\" height=\"319\" src=\"https:\/\/www.ebg.de\/wp-content\/uploads\/2019\/12\/Sport1.jpg\" alt=\"\" class=\"wp-image-5377\" srcset=\"https:\/\/www.ebg.de\/wp-content\/uploads\/2019\/12\/Sport1.jpg 567w, https:\/\/www.ebg.de\/wp-content\/uploads\/2019\/12\/Sport1-300x169.jpg 300w\" sizes=\"auto, (max-width: 567px) 100vw, 567px\" \/><\/figure><\/div>\n","protected":false},"excerpt":{"rendered":"<p>\u201eSport mal anders\u201c in die Turnhalle der Havelschule Brandenburg<\/p>\n","protected":false},"author":15,"featured_media":5385,"comment_status":"closed","ping_status":"closed","sticky":false,"template":"","format":"standard","meta":{"_acf_changed":false,"footnotes":""},"categories":[26],"tags":[],"class_list":["post-5387","post","type-post","status-publish","format-standard","has-post-thumbnail","hentry","category-news-brandenburg-schulen"],"acf":[],"yoast_head":"<!-- This site is optimized with the Yoast SEO plugin v26.9 - https:\/\/yoast.com\/product\/yoast-seo-wordpress\/ -->\n<title>Sport mal anders - Europ\u00e4isches Bildungswerk f\u00fcr Beruf und Gesellschaft<\/title>\n<meta name=\"robots\" content=\"index, follow, max-snippet:-1, max-image-preview:large, max-video-preview:-1\" \/>\n<link rel=\"canonical\" href=\"https:\/\/www.ebg.de\/sport-mal-anders\/?lang=en\" \/>\n<meta property=\"og:locale\" content=\"en_US\" \/>\n<meta property=\"og:type\" content=\"article\" \/>\n<meta property=\"og:title\" content=\"Sport mal anders - Europ\u00e4isches Bildungswerk f\u00fcr Beruf und Gesellschaft\" \/>\n<meta property=\"og:description\" content=\"\u201eSport mal anders\u201c in die Turnhalle der Havelschule Brandenburg\" \/>\n<meta property=\"og:url\" content=\"https:\/\/www.ebg.de\/sport-mal-anders\/?lang=en\" \/>\n<meta property=\"og:site_name\" content=\"Europ\u00e4isches Bildungswerk f\u00fcr Beruf und Gesellschaft\" \/>\n<meta property=\"article:published_time\" content=\"2019-12-27T19:00:47+00:00\" \/>\n<meta property=\"article:modified_time\" content=\"2020-01-21T07:08:07+00:00\" \/>\n<meta property=\"og:image\" content=\"https:\/\/www.ebg.de\/wp-content\/uploads\/2019\/12\/Sport5.jpg\" \/>\n\t<meta property=\"og:image:width\" content=\"567\" \/>\n\t<meta property=\"og:image:height\" content=\"319\" \/>\n\t<meta property=\"og:image:type\" content=\"image\/jpeg\" \/>\n<meta name=\"author\" content=\"Ina Schubert\" \/>\n<meta name=\"twitter:card\" content=\"summary_large_image\" \/>\n<meta name=\"twitter:label1\" content=\"Written by\" \/>\n\t<meta name=\"twitter:data1\" content=\"Ina Schubert\" \/>\n\t<meta name=\"twitter:label2\" content=\"Est. reading time\" \/>\n\t<meta name=\"twitter:data2\" content=\"1 minute\" \/>\n<!-- \/ Yoast SEO plugin. -->","yoast_head_json":{"title":"Sport mal anders - Europ\u00e4isches Bildungswerk f\u00fcr Beruf und Gesellschaft","robots":{"index":"index","follow":"follow","max-snippet":"max-snippet:-1","max-image-preview":"max-image-preview:large","max-video-preview":"max-video-preview:-1"},"canonical":"https:\/\/www.ebg.de\/sport-mal-anders\/?lang=en","og_locale":"en_US","og_type":"article","og_title":"Sport mal anders - Europ\u00e4isches Bildungswerk f\u00fcr Beruf und Gesellschaft","og_description":"\u201eSport mal anders\u201c in die Turnhalle der Havelschule Brandenburg","og_url":"https:\/\/www.ebg.de\/sport-mal-anders\/?lang=en","og_site_name":"Europ\u00e4isches Bildungswerk f\u00fcr Beruf und Gesellschaft","article_published_time":"2019-12-27T19:00:47+00:00","article_modified_time":"2020-01-21T07:08:07+00:00","og_image":[{"width":567,"height":319,"url":"https:\/\/www.ebg.de\/wp-content\/uploads\/2019\/12\/Sport5.jpg","type":"image\/jpeg"}],"author":"Ina Schubert","twitter_card":"summary_large_image","twitter_misc":{"Written by":"Ina Schubert","Est. reading time":"1 minute"},"schema":{"@context":"https:\/\/schema.org","@graph":[{"@type":"Article","@id":"https:\/\/www.ebg.de\/sport-mal-anders\/?lang=en#article","isPartOf":{"@id":"https:\/\/www.ebg.de\/sport-mal-anders\/?lang=en"},"author":{"name":"Ina Schubert","@id":"https:\/\/www.ebg.de\/#\/schema\/person\/00edc5d5868606a12c2f5e12ba5a0277"},"headline":"Sport mal anders","datePublished":"2019-12-27T19:00:47+00:00","dateModified":"2020-01-21T07:08:07+00:00","mainEntityOfPage":{"@id":"https:\/\/www.ebg.de\/sport-mal-anders\/?lang=en"},"wordCount":119,"image":{"@id":"https:\/\/www.ebg.de\/sport-mal-anders\/?lang=en#primaryimage"},"thumbnailUrl":"https:\/\/www.ebg.de\/wp-content\/uploads\/2019\/12\/Sport5.jpg","articleSection":["News - Brandenburg Schulen"],"inLanguage":"en-US"},{"@type":"WebPage","@id":"https:\/\/www.ebg.de\/sport-mal-anders\/?lang=en","url":"https:\/\/www.ebg.de\/sport-mal-anders\/?lang=en","name":"Sport mal anders - Europ\u00e4isches Bildungswerk f\u00fcr Beruf und Gesellschaft","isPartOf":{"@id":"https:\/\/www.ebg.de\/#website"},"primaryImageOfPage":{"@id":"https:\/\/www.ebg.de\/sport-mal-anders\/?lang=en#primaryimage"},"image":{"@id":"https:\/\/www.ebg.de\/sport-mal-anders\/?lang=en#primaryimage"},"thumbnailUrl":"https:\/\/www.ebg.de\/wp-content\/uploads\/2019\/12\/Sport5.jpg","datePublished":"2019-12-27T19:00:47+00:00","dateModified":"2020-01-21T07:08:07+00:00","author":{"@id":"https:\/\/www.ebg.de\/#\/schema\/person\/00edc5d5868606a12c2f5e12ba5a0277"},"breadcrumb":{"@id":"https:\/\/www.ebg.de\/sport-mal-anders\/?lang=en#breadcrumb"},"inLanguage":"en-US","potentialAction":[{"@type":"ReadAction","target":["https:\/\/www.ebg.de\/sport-mal-anders\/?lang=en"]}]},{"@type":"ImageObject","inLanguage":"en-US","@id":"https:\/\/www.ebg.de\/sport-mal-anders\/?lang=en#primaryimage","url":"https:\/\/www.ebg.de\/wp-content\/uploads\/2019\/12\/Sport5.jpg","contentUrl":"https:\/\/www.ebg.de\/wp-content\/uploads\/2019\/12\/Sport5.jpg","width":567,"height":319},{"@type":"BreadcrumbList","@id":"https:\/\/www.ebg.de\/sport-mal-anders\/?lang=en#breadcrumb","itemListElement":[{"@type":"ListItem","position":1,"name":"Startseite","item":"https:\/\/www.ebg.de\/"},{"@type":"ListItem","position":2,"name":"Sport mal anders"}]},{"@type":"WebSite","@id":"https:\/\/www.ebg.de\/#website","url":"https:\/\/www.ebg.de\/","name":"Europ\u00e4isches Bildungswerk f\u00fcr Beruf und Gesellschaft","description":"Bildung, Ausbildung und Weiterbildung","potentialAction":[{"@type":"SearchAction","target":{"@type":"EntryPoint","urlTemplate":"https:\/\/www.ebg.de\/?s={search_term_string}"},"query-input":{"@type":"PropertyValueSpecification","valueRequired":true,"valueName":"search_term_string"}}],"inLanguage":"en-US"},{"@type":"Person","@id":"https:\/\/www.ebg.de\/#\/schema\/person\/00edc5d5868606a12c2f5e12ba5a0277","name":"Ina Schubert","image":{"@type":"ImageObject","inLanguage":"en-US","@id":"https:\/\/www.ebg.de\/#\/schema\/person\/image\/","url":"https:\/\/secure.gravatar.com\/avatar\/711e362b576ac547782ca793fe3330d5c37b80c32dfb390f08ca496d6cfc1ca0?s=96&d=mm&r=g","contentUrl":"https:\/\/secure.gravatar.com\/avatar\/711e362b576ac547782ca793fe3330d5c37b80c32dfb390f08ca496d6cfc1ca0?s=96&d=mm&r=g","caption":"Ina Schubert"},"url":"https:\/\/www.ebg.de\/en\/author\/fsbrandenburg\/"}]}},"_links":{"self":[{"href":"https:\/\/www.ebg.de\/en\/wp-json\/wp\/v2\/posts\/5387","targetHints":{"allow":["GET"]}}],"collection":[{"href":"https:\/\/www.ebg.de\/en\/wp-json\/wp\/v2\/posts"}],"about":[{"href":"https:\/\/www.ebg.de\/en\/wp-json\/wp\/v2\/types\/post"}],"author":[{"embeddable":true,"href":"https:\/\/www.ebg.de\/en\/wp-json\/wp\/v2\/users\/15"}],"replies":[{"embeddable":true,"href":"https:\/\/www.ebg.de\/en\/wp-json\/wp\/v2\/comments?post=5387"}],"version-history":[{"count":8,"href":"https:\/\/www.ebg.de\/en\/wp-json\/wp\/v2\/posts\/5387\/revisions"}],"predecessor-version":[{"id":5529,"href":"https:\/\/www.ebg.de\/en\/wp-json\/wp\/v2\/posts\/5387\/revisions\/5529"}],"wp:featuredmedia":[{"embeddable":true,"href":"https:\/\/www.ebg.de\/en\/wp-json\/wp\/v2\/media\/5385"}],"wp:attachment":[{"href":"https:\/\/www.ebg.de\/en\/wp-json\/wp\/v2\/media?parent=5387"}],"wp:term":[{"taxonomy":"category","embeddable":true,"href":"https:\/\/www.ebg.de\/en\/wp-json\/wp\/v2\/categories?post=5387"},{"taxonomy":"post_tag","embeddable":true,"href":"https:\/\/www.ebg.de\/en\/wp-json\/wp\/v2\/tags?post=5387"}],"curies":[{"name":"wp","href":"https:\/\/api.w.org\/{rel}","templated":true}]}}