{"id":5348,"date":"2019-12-22T12:03:53","date_gmt":"2019-12-22T11:03:53","guid":{"rendered":"https:\/\/www.ebg.de\/?p=5348"},"modified":"2020-06-03T13:26:07","modified_gmt":"2020-06-03T11:26:07","slug":"filmtage-im-kiju-brandenburg","status":"publish","type":"post","link":"https:\/\/www.ebg.de\/en\/filmtage-im-kiju-brandenburg\/","title":{"rendered":"Filmtage im KiJu Brandenburg"},"content":{"rendered":"\n<p>Das Kinderfilmfest ist seit 28 Jahren eine bundes\u00fcbergreifende Aktion und wird an 17 verschiedenen Standorten durchgef\u00fchrt. An den Filmtagen werden den Sch\u00fclerinnen und Sch\u00fclern aus Grund- und Oberschulen wertvolle Kinder- und Jugendfilme nahe gebracht. Wir Sch\u00fclerinnen und Sch\u00fcler der Fachschule f\u00fcr Sozialwesen bereiteten p\u00e4dagogische Angebote vor, die im Anschluss an die Filmvorf\u00fchrung gemeinsam mit den Kindern und Jugendlichen durchgef\u00fchrt wurden.<\/p>\n\n\n\n<p>Die Klassen ERZ\/HEP 2018 VZ bekamen in diesem Jahr die Aufgabe, wieder das Kinderfilmfest im KiJu, welches unter dem Motto stand \u201eLasst uns mal machen!\u201c zu gestalten.<\/p>\n\n\n\n<p>Wir haben folgende Filme gemeinsam mit den Kindern\nnachbereitet:<\/p>\n\n\n\n<ul class=\"wp-block-list\"><li>Der kleine Zappelphilipp \u2013 Meine Welt ist bunt\nund dreht sich<\/li><li>Ikingut-Die Kraft der Freundschaft<\/li><li>Die kleine Hexe<\/li><li>Thilda &amp; die beste Band der Welt<\/li><li>Das sch\u00f6nste M\u00e4dchen der Welt<\/li><\/ul>\n\n\n\n<p>Im\nMittelpunkt der Nachbereitung standen Gespr\u00e4chsrunden, Bewegungsangebote,<\/p>\n\n\n\n<p>und Kreatives Gestalten <\/p>\n\n\n\n<div class=\"wp-block-image\"><figure class=\"aligncenter size-large is-resized\"><img loading=\"lazy\" decoding=\"async\" src=\"https:\/\/www.ebg.de\/wp-content\/uploads\/2019\/12\/20190916_084931.jpg\" alt=\"\" class=\"wp-image-5350\" width=\"425\" height=\"756\"\/><\/figure><\/div>\n","protected":false},"excerpt":{"rendered":"<p>Das Kinderfilmfest ist seit 28 Jahren eine bundes\u00fcbergreifende Aktion<\/p>\n","protected":false},"author":15,"featured_media":5358,"comment_status":"closed","ping_status":"closed","sticky":false,"template":"","format":"standard","meta":{"_acf_changed":false,"footnotes":""},"categories":[26],"tags":[],"class_list":["post-5348","post","type-post","status-publish","format-standard","has-post-thumbnail","hentry","category-news-brandenburg-schulen"],"acf":[],"yoast_head":"<!-- This site is optimized with the Yoast SEO plugin v26.9 - https:\/\/yoast.com\/product\/yoast-seo-wordpress\/ -->\n<title>Filmtage im KiJu Brandenburg - Europ\u00e4isches Bildungswerk f\u00fcr Beruf und Gesellschaft<\/title>\n<meta name=\"robots\" content=\"index, follow, max-snippet:-1, max-image-preview:large, max-video-preview:-1\" \/>\n<link rel=\"canonical\" href=\"https:\/\/www.ebg.de\/filmtage-im-kiju-brandenburg\/?lang=en\" \/>\n<meta property=\"og:locale\" content=\"en_US\" \/>\n<meta property=\"og:type\" content=\"article\" \/>\n<meta property=\"og:title\" content=\"Filmtage im KiJu Brandenburg - Europ\u00e4isches Bildungswerk f\u00fcr Beruf und Gesellschaft\" \/>\n<meta property=\"og:description\" content=\"Das Kinderfilmfest ist seit 28 Jahren eine bundes\u00fcbergreifende Aktion\" \/>\n<meta property=\"og:url\" content=\"https:\/\/www.ebg.de\/filmtage-im-kiju-brandenburg\/?lang=en\" \/>\n<meta property=\"og:site_name\" content=\"Europ\u00e4isches Bildungswerk f\u00fcr Beruf und Gesellschaft\" \/>\n<meta property=\"article:published_time\" content=\"2019-12-22T11:03:53+00:00\" \/>\n<meta property=\"article:modified_time\" content=\"2020-06-03T11:26:07+00:00\" \/>\n<meta property=\"og:image\" content=\"https:\/\/www.ebg.de\/wp-content\/uploads\/2019\/12\/Beitrag-Kinderfilmtage-1.jpg\" \/>\n\t<meta property=\"og:image:width\" content=\"506\" \/>\n\t<meta property=\"og:image:height\" content=\"426\" \/>\n\t<meta property=\"og:image:type\" content=\"image\/jpeg\" \/>\n<meta name=\"author\" content=\"Ina Schubert\" \/>\n<meta name=\"twitter:card\" content=\"summary_large_image\" \/>\n<meta name=\"twitter:label1\" content=\"Written by\" \/>\n\t<meta name=\"twitter:data1\" content=\"Ina Schubert\" \/>\n\t<meta name=\"twitter:label2\" content=\"Est. reading time\" \/>\n\t<meta name=\"twitter:data2\" content=\"1 minute\" \/>\n<!-- \/ Yoast SEO plugin. -->","yoast_head_json":{"title":"Filmtage im KiJu Brandenburg - Europ\u00e4isches Bildungswerk f\u00fcr Beruf und Gesellschaft","robots":{"index":"index","follow":"follow","max-snippet":"max-snippet:-1","max-image-preview":"max-image-preview:large","max-video-preview":"max-video-preview:-1"},"canonical":"https:\/\/www.ebg.de\/filmtage-im-kiju-brandenburg\/?lang=en","og_locale":"en_US","og_type":"article","og_title":"Filmtage im KiJu Brandenburg - Europ\u00e4isches Bildungswerk f\u00fcr Beruf und Gesellschaft","og_description":"Das Kinderfilmfest ist seit 28 Jahren eine bundes\u00fcbergreifende Aktion","og_url":"https:\/\/www.ebg.de\/filmtage-im-kiju-brandenburg\/?lang=en","og_site_name":"Europ\u00e4isches Bildungswerk f\u00fcr Beruf und Gesellschaft","article_published_time":"2019-12-22T11:03:53+00:00","article_modified_time":"2020-06-03T11:26:07+00:00","og_image":[{"width":506,"height":426,"url":"https:\/\/www.ebg.de\/wp-content\/uploads\/2019\/12\/Beitrag-Kinderfilmtage-1.jpg","type":"image\/jpeg"}],"author":"Ina Schubert","twitter_card":"summary_large_image","twitter_misc":{"Written by":"Ina Schubert","Est. reading time":"1 minute"},"schema":{"@context":"https:\/\/schema.org","@graph":[{"@type":"Article","@id":"https:\/\/www.ebg.de\/filmtage-im-kiju-brandenburg\/?lang=en#article","isPartOf":{"@id":"https:\/\/www.ebg.de\/filmtage-im-kiju-brandenburg\/?lang=en"},"author":{"name":"Ina Schubert","@id":"https:\/\/www.ebg.de\/#\/schema\/person\/00edc5d5868606a12c2f5e12ba5a0277"},"headline":"Filmtage im KiJu Brandenburg","datePublished":"2019-12-22T11:03:53+00:00","dateModified":"2020-06-03T11:26:07+00:00","mainEntityOfPage":{"@id":"https:\/\/www.ebg.de\/filmtage-im-kiju-brandenburg\/?lang=en"},"wordCount":150,"image":{"@id":"https:\/\/www.ebg.de\/filmtage-im-kiju-brandenburg\/?lang=en#primaryimage"},"thumbnailUrl":"https:\/\/www.ebg.de\/wp-content\/uploads\/2019\/12\/Beitrag-Kinderfilmtage-1.jpg","articleSection":["News - Brandenburg Schulen"],"inLanguage":"en-US"},{"@type":"WebPage","@id":"https:\/\/www.ebg.de\/filmtage-im-kiju-brandenburg\/?lang=en","url":"https:\/\/www.ebg.de\/filmtage-im-kiju-brandenburg\/?lang=en","name":"Filmtage im KiJu Brandenburg - Europ\u00e4isches Bildungswerk f\u00fcr Beruf und Gesellschaft","isPartOf":{"@id":"https:\/\/www.ebg.de\/#website"},"primaryImageOfPage":{"@id":"https:\/\/www.ebg.de\/filmtage-im-kiju-brandenburg\/?lang=en#primaryimage"},"image":{"@id":"https:\/\/www.ebg.de\/filmtage-im-kiju-brandenburg\/?lang=en#primaryimage"},"thumbnailUrl":"https:\/\/www.ebg.de\/wp-content\/uploads\/2019\/12\/Beitrag-Kinderfilmtage-1.jpg","datePublished":"2019-12-22T11:03:53+00:00","dateModified":"2020-06-03T11:26:07+00:00","author":{"@id":"https:\/\/www.ebg.de\/#\/schema\/person\/00edc5d5868606a12c2f5e12ba5a0277"},"breadcrumb":{"@id":"https:\/\/www.ebg.de\/filmtage-im-kiju-brandenburg\/?lang=en#breadcrumb"},"inLanguage":"en-US","potentialAction":[{"@type":"ReadAction","target":["https:\/\/www.ebg.de\/filmtage-im-kiju-brandenburg\/?lang=en"]}]},{"@type":"ImageObject","inLanguage":"en-US","@id":"https:\/\/www.ebg.de\/filmtage-im-kiju-brandenburg\/?lang=en#primaryimage","url":"https:\/\/www.ebg.de\/wp-content\/uploads\/2019\/12\/Beitrag-Kinderfilmtage-1.jpg","contentUrl":"https:\/\/www.ebg.de\/wp-content\/uploads\/2019\/12\/Beitrag-Kinderfilmtage-1.jpg","width":506,"height":426},{"@type":"BreadcrumbList","@id":"https:\/\/www.ebg.de\/filmtage-im-kiju-brandenburg\/?lang=en#breadcrumb","itemListElement":[{"@type":"ListItem","position":1,"name":"Startseite","item":"https:\/\/www.ebg.de\/"},{"@type":"ListItem","position":2,"name":"Filmtage im KiJu Brandenburg"}]},{"@type":"WebSite","@id":"https:\/\/www.ebg.de\/#website","url":"https:\/\/www.ebg.de\/","name":"Europ\u00e4isches Bildungswerk f\u00fcr Beruf und Gesellschaft","description":"Bildung, Ausbildung und Weiterbildung","potentialAction":[{"@type":"SearchAction","target":{"@type":"EntryPoint","urlTemplate":"https:\/\/www.ebg.de\/?s={search_term_string}"},"query-input":{"@type":"PropertyValueSpecification","valueRequired":true,"valueName":"search_term_string"}}],"inLanguage":"en-US"},{"@type":"Person","@id":"https:\/\/www.ebg.de\/#\/schema\/person\/00edc5d5868606a12c2f5e12ba5a0277","name":"Ina Schubert","image":{"@type":"ImageObject","inLanguage":"en-US","@id":"https:\/\/www.ebg.de\/#\/schema\/person\/image\/","url":"https:\/\/secure.gravatar.com\/avatar\/711e362b576ac547782ca793fe3330d5c37b80c32dfb390f08ca496d6cfc1ca0?s=96&d=mm&r=g","contentUrl":"https:\/\/secure.gravatar.com\/avatar\/711e362b576ac547782ca793fe3330d5c37b80c32dfb390f08ca496d6cfc1ca0?s=96&d=mm&r=g","caption":"Ina Schubert"},"url":"https:\/\/www.ebg.de\/en\/author\/fsbrandenburg\/"}]}},"_links":{"self":[{"href":"https:\/\/www.ebg.de\/en\/wp-json\/wp\/v2\/posts\/5348","targetHints":{"allow":["GET"]}}],"collection":[{"href":"https:\/\/www.ebg.de\/en\/wp-json\/wp\/v2\/posts"}],"about":[{"href":"https:\/\/www.ebg.de\/en\/wp-json\/wp\/v2\/types\/post"}],"author":[{"embeddable":true,"href":"https:\/\/www.ebg.de\/en\/wp-json\/wp\/v2\/users\/15"}],"replies":[{"embeddable":true,"href":"https:\/\/www.ebg.de\/en\/wp-json\/wp\/v2\/comments?post=5348"}],"version-history":[{"count":6,"href":"https:\/\/www.ebg.de\/en\/wp-json\/wp\/v2\/posts\/5348\/revisions"}],"predecessor-version":[{"id":6418,"href":"https:\/\/www.ebg.de\/en\/wp-json\/wp\/v2\/posts\/5348\/revisions\/6418"}],"wp:featuredmedia":[{"embeddable":true,"href":"https:\/\/www.ebg.de\/en\/wp-json\/wp\/v2\/media\/5358"}],"wp:attachment":[{"href":"https:\/\/www.ebg.de\/en\/wp-json\/wp\/v2\/media?parent=5348"}],"wp:term":[{"taxonomy":"category","embeddable":true,"href":"https:\/\/www.ebg.de\/en\/wp-json\/wp\/v2\/categories?post=5348"},{"taxonomy":"post_tag","embeddable":true,"href":"https:\/\/www.ebg.de\/en\/wp-json\/wp\/v2\/tags?post=5348"}],"curies":[{"name":"wp","href":"https:\/\/api.w.org\/{rel}","templated":true}]}}