{"id":5342,"date":"2019-12-22T11:40:21","date_gmt":"2019-12-22T10:40:21","guid":{"rendered":"https:\/\/www.ebg.de\/?p=5342"},"modified":"2020-06-03T12:40:44","modified_gmt":"2020-06-03T10:40:44","slug":"schueler-besuchen-bauernhof","status":"publish","type":"post","link":"https:\/\/www.ebg.de\/en\/schueler-besuchen-bauernhof\/","title":{"rendered":"Sch\u00fcler besuchen Bauernhof"},"content":{"rendered":"\n<p>Leserbrief von S. Gerholdt, (ERZ 2017 TZ) vom 21.11.2019<\/p>\n\n\n\n<p>Die angehenden Erzieher luden zwei Grundschulklassen auf einen Bauernhof in G\u00f6tz ein.<\/p>\n\n\n\n<p>Dort haben sie den Kindern beispielsweise gezeigt, dass Gem\u00fcse nicht im Supermarkt sondern auf dem Acker w\u00e4chst. \u201eFrisch, frisch, frisch vom Acker auf den Tisch\u201c war das Motto des Tages. Die Kinder ernteten das Gem\u00fcse, Kartoffeln und Kohl selbst vom Acker, sortierten, wuschen und schnitten es. Sie kochten daraus unter anderem eine leckere Gem\u00fcsesuppe, eine Kartoffelsuppe und Schmorkohl. Zum Abschluss der Veranstaltung wurde gemeinsam gespeist. Kreative Angebote gab es ebenfalls. Mit dabei war auch Besuch vom Verein \u201eGesund in Brandenburg\u201c.<\/p>\n\n\n\n<div class=\"wp-block-image\"><figure class=\"aligncenter size-large\"><img loading=\"lazy\" decoding=\"async\" width=\"567\" height=\"756\" src=\"https:\/\/www.ebg.de\/wp-content\/uploads\/2019\/12\/DSCN0719.jpg\" alt=\"\" class=\"wp-image-5337\" srcset=\"https:\/\/www.ebg.de\/wp-content\/uploads\/2019\/12\/DSCN0719.jpg 567w, https:\/\/www.ebg.de\/wp-content\/uploads\/2019\/12\/DSCN0719-225x300.jpg 225w\" sizes=\"auto, (max-width: 567px) 100vw, 567px\" \/><\/figure><\/div>\n\n\n\n<div class=\"wp-block-image\"><figure class=\"aligncenter size-large\"><img loading=\"lazy\" decoding=\"async\" width=\"567\" height=\"1008\" src=\"https:\/\/www.ebg.de\/wp-content\/uploads\/2019\/12\/20191121_110501.jpg\" alt=\"\" class=\"wp-image-5335\" srcset=\"https:\/\/www.ebg.de\/wp-content\/uploads\/2019\/12\/20191121_110501.jpg 567w, https:\/\/www.ebg.de\/wp-content\/uploads\/2019\/12\/20191121_110501-169x300.jpg 169w\" sizes=\"auto, (max-width: 567px) 100vw, 567px\" \/><\/figure><\/div>\n\n\n\n<div class=\"wp-block-image\"><figure class=\"aligncenter size-large\"><img loading=\"lazy\" decoding=\"async\" width=\"567\" height=\"1008\" src=\"https:\/\/www.ebg.de\/wp-content\/uploads\/2019\/12\/20191121_104829.jpg\" alt=\"\" class=\"wp-image-5333\" srcset=\"https:\/\/www.ebg.de\/wp-content\/uploads\/2019\/12\/20191121_104829.jpg 567w, https:\/\/www.ebg.de\/wp-content\/uploads\/2019\/12\/20191121_104829-169x300.jpg 169w\" sizes=\"auto, (max-width: 567px) 100vw, 567px\" \/><\/figure><\/div>\n\n\n\n<div class=\"wp-block-image\"><figure class=\"aligncenter size-large\"><img loading=\"lazy\" decoding=\"async\" width=\"567\" height=\"319\" src=\"https:\/\/www.ebg.de\/wp-content\/uploads\/2019\/12\/20191121_085812.jpg\" alt=\"\" class=\"wp-image-5329\" srcset=\"https:\/\/www.ebg.de\/wp-content\/uploads\/2019\/12\/20191121_085812.jpg 567w, https:\/\/www.ebg.de\/wp-content\/uploads\/2019\/12\/20191121_085812-300x169.jpg 300w\" sizes=\"auto, (max-width: 567px) 100vw, 567px\" \/><\/figure><\/div>\n\n\n\n<div class=\"wp-block-image\"><figure class=\"aligncenter size-large\"><img loading=\"lazy\" decoding=\"async\" width=\"567\" height=\"1008\" src=\"https:\/\/www.ebg.de\/wp-content\/uploads\/2019\/12\/20191121_094453.jpg\" alt=\"\" class=\"wp-image-5331\" srcset=\"https:\/\/www.ebg.de\/wp-content\/uploads\/2019\/12\/20191121_094453.jpg 567w, https:\/\/www.ebg.de\/wp-content\/uploads\/2019\/12\/20191121_094453-169x300.jpg 169w\" sizes=\"auto, (max-width: 567px) 100vw, 567px\" \/><\/figure><\/div>\n","protected":false},"excerpt":{"rendered":"<p>\u201eFrisch, frisch, frisch vom Acker auf den Tisch\u201c <\/p>\n","protected":false},"author":15,"featured_media":5339,"comment_status":"closed","ping_status":"closed","sticky":false,"template":"","format":"standard","meta":{"_acf_changed":false,"footnotes":""},"categories":[26],"tags":[],"class_list":["post-5342","post","type-post","status-publish","format-standard","has-post-thumbnail","hentry","category-news-brandenburg-schulen"],"acf":[],"yoast_head":"<!-- This site is optimized with the Yoast SEO plugin v26.9 - https:\/\/yoast.com\/product\/yoast-seo-wordpress\/ -->\n<title>Sch\u00fcler besuchen Bauernhof - Europ\u00e4isches Bildungswerk f\u00fcr Beruf und Gesellschaft<\/title>\n<meta name=\"robots\" content=\"index, follow, max-snippet:-1, max-image-preview:large, max-video-preview:-1\" \/>\n<link rel=\"canonical\" href=\"https:\/\/www.ebg.de\/schueler-besuchen-bauernhof\/\" \/>\n<meta property=\"og:locale\" content=\"en_US\" \/>\n<meta property=\"og:type\" content=\"article\" \/>\n<meta property=\"og:title\" content=\"Sch\u00fcler besuchen Bauernhof - Europ\u00e4isches Bildungswerk f\u00fcr Beruf und Gesellschaft\" \/>\n<meta property=\"og:description\" content=\"\u201eFrisch, frisch, frisch vom Acker auf den Tisch\u201c\" \/>\n<meta property=\"og:url\" content=\"https:\/\/www.ebg.de\/schueler-besuchen-bauernhof\/\" \/>\n<meta property=\"og:site_name\" content=\"Europ\u00e4isches Bildungswerk f\u00fcr Beruf und Gesellschaft\" \/>\n<meta property=\"article:published_time\" content=\"2019-12-22T10:40:21+00:00\" \/>\n<meta property=\"article:modified_time\" content=\"2020-06-03T10:40:44+00:00\" \/>\n<meta property=\"og:image\" content=\"https:\/\/www.ebg.de\/wp-content\/uploads\/2019\/12\/DSCN0727.jpg\" \/>\n\t<meta property=\"og:image:width\" content=\"567\" \/>\n\t<meta property=\"og:image:height\" content=\"425\" \/>\n\t<meta property=\"og:image:type\" content=\"image\/jpeg\" \/>\n<meta name=\"author\" content=\"Ina Schubert\" \/>\n<meta name=\"twitter:card\" content=\"summary_large_image\" \/>\n<meta name=\"twitter:label1\" content=\"Written by\" \/>\n\t<meta name=\"twitter:data1\" content=\"Ina Schubert\" \/>\n\t<meta name=\"twitter:label2\" content=\"Est. reading time\" \/>\n\t<meta name=\"twitter:data2\" content=\"1 minute\" \/>\n<!-- \/ Yoast SEO plugin. -->","yoast_head_json":{"title":"Sch\u00fcler besuchen Bauernhof - Europ\u00e4isches Bildungswerk f\u00fcr Beruf und Gesellschaft","robots":{"index":"index","follow":"follow","max-snippet":"max-snippet:-1","max-image-preview":"max-image-preview:large","max-video-preview":"max-video-preview:-1"},"canonical":"https:\/\/www.ebg.de\/schueler-besuchen-bauernhof\/","og_locale":"en_US","og_type":"article","og_title":"Sch\u00fcler besuchen Bauernhof - Europ\u00e4isches Bildungswerk f\u00fcr Beruf und Gesellschaft","og_description":"\u201eFrisch, frisch, frisch vom Acker auf den Tisch\u201c","og_url":"https:\/\/www.ebg.de\/schueler-besuchen-bauernhof\/","og_site_name":"Europ\u00e4isches Bildungswerk f\u00fcr Beruf und Gesellschaft","article_published_time":"2019-12-22T10:40:21+00:00","article_modified_time":"2020-06-03T10:40:44+00:00","og_image":[{"width":567,"height":425,"url":"https:\/\/www.ebg.de\/wp-content\/uploads\/2019\/12\/DSCN0727.jpg","type":"image\/jpeg"}],"author":"Ina Schubert","twitter_card":"summary_large_image","twitter_misc":{"Written by":"Ina Schubert","Est. reading time":"1 minute"},"schema":{"@context":"https:\/\/schema.org","@graph":[{"@type":"Article","@id":"https:\/\/www.ebg.de\/schueler-besuchen-bauernhof\/#article","isPartOf":{"@id":"https:\/\/www.ebg.de\/schueler-besuchen-bauernhof\/"},"author":{"name":"Ina Schubert","@id":"https:\/\/www.ebg.de\/#\/schema\/person\/00edc5d5868606a12c2f5e12ba5a0277"},"headline":"Sch\u00fcler besuchen Bauernhof","datePublished":"2019-12-22T10:40:21+00:00","dateModified":"2020-06-03T10:40:44+00:00","mainEntityOfPage":{"@id":"https:\/\/www.ebg.de\/schueler-besuchen-bauernhof\/"},"wordCount":108,"image":{"@id":"https:\/\/www.ebg.de\/schueler-besuchen-bauernhof\/#primaryimage"},"thumbnailUrl":"https:\/\/www.ebg.de\/wp-content\/uploads\/2019\/12\/DSCN0727.jpg","articleSection":["News - Brandenburg Schulen"],"inLanguage":"en-US"},{"@type":"WebPage","@id":"https:\/\/www.ebg.de\/schueler-besuchen-bauernhof\/","url":"https:\/\/www.ebg.de\/schueler-besuchen-bauernhof\/","name":"Sch\u00fcler besuchen Bauernhof - Europ\u00e4isches Bildungswerk f\u00fcr Beruf und Gesellschaft","isPartOf":{"@id":"https:\/\/www.ebg.de\/#website"},"primaryImageOfPage":{"@id":"https:\/\/www.ebg.de\/schueler-besuchen-bauernhof\/#primaryimage"},"image":{"@id":"https:\/\/www.ebg.de\/schueler-besuchen-bauernhof\/#primaryimage"},"thumbnailUrl":"https:\/\/www.ebg.de\/wp-content\/uploads\/2019\/12\/DSCN0727.jpg","datePublished":"2019-12-22T10:40:21+00:00","dateModified":"2020-06-03T10:40:44+00:00","author":{"@id":"https:\/\/www.ebg.de\/#\/schema\/person\/00edc5d5868606a12c2f5e12ba5a0277"},"breadcrumb":{"@id":"https:\/\/www.ebg.de\/schueler-besuchen-bauernhof\/#breadcrumb"},"inLanguage":"en-US","potentialAction":[{"@type":"ReadAction","target":["https:\/\/www.ebg.de\/schueler-besuchen-bauernhof\/"]}]},{"@type":"ImageObject","inLanguage":"en-US","@id":"https:\/\/www.ebg.de\/schueler-besuchen-bauernhof\/#primaryimage","url":"https:\/\/www.ebg.de\/wp-content\/uploads\/2019\/12\/DSCN0727.jpg","contentUrl":"https:\/\/www.ebg.de\/wp-content\/uploads\/2019\/12\/DSCN0727.jpg","width":567,"height":425},{"@type":"BreadcrumbList","@id":"https:\/\/www.ebg.de\/schueler-besuchen-bauernhof\/#breadcrumb","itemListElement":[{"@type":"ListItem","position":1,"name":"Startseite","item":"https:\/\/www.ebg.de\/"},{"@type":"ListItem","position":2,"name":"Sch\u00fcler besuchen Bauernhof"}]},{"@type":"WebSite","@id":"https:\/\/www.ebg.de\/#website","url":"https:\/\/www.ebg.de\/","name":"Europ\u00e4isches Bildungswerk f\u00fcr Beruf und Gesellschaft","description":"Bildung, Ausbildung und Weiterbildung","potentialAction":[{"@type":"SearchAction","target":{"@type":"EntryPoint","urlTemplate":"https:\/\/www.ebg.de\/?s={search_term_string}"},"query-input":{"@type":"PropertyValueSpecification","valueRequired":true,"valueName":"search_term_string"}}],"inLanguage":"en-US"},{"@type":"Person","@id":"https:\/\/www.ebg.de\/#\/schema\/person\/00edc5d5868606a12c2f5e12ba5a0277","name":"Ina Schubert","image":{"@type":"ImageObject","inLanguage":"en-US","@id":"https:\/\/www.ebg.de\/#\/schema\/person\/image\/","url":"https:\/\/secure.gravatar.com\/avatar\/711e362b576ac547782ca793fe3330d5c37b80c32dfb390f08ca496d6cfc1ca0?s=96&d=mm&r=g","contentUrl":"https:\/\/secure.gravatar.com\/avatar\/711e362b576ac547782ca793fe3330d5c37b80c32dfb390f08ca496d6cfc1ca0?s=96&d=mm&r=g","caption":"Ina Schubert"},"url":"https:\/\/www.ebg.de\/en\/author\/fsbrandenburg\/"}]}},"_links":{"self":[{"href":"https:\/\/www.ebg.de\/en\/wp-json\/wp\/v2\/posts\/5342","targetHints":{"allow":["GET"]}}],"collection":[{"href":"https:\/\/www.ebg.de\/en\/wp-json\/wp\/v2\/posts"}],"about":[{"href":"https:\/\/www.ebg.de\/en\/wp-json\/wp\/v2\/types\/post"}],"author":[{"embeddable":true,"href":"https:\/\/www.ebg.de\/en\/wp-json\/wp\/v2\/users\/15"}],"replies":[{"embeddable":true,"href":"https:\/\/www.ebg.de\/en\/wp-json\/wp\/v2\/comments?post=5342"}],"version-history":[{"count":10,"href":"https:\/\/www.ebg.de\/en\/wp-json\/wp\/v2\/posts\/5342\/revisions"}],"predecessor-version":[{"id":6414,"href":"https:\/\/www.ebg.de\/en\/wp-json\/wp\/v2\/posts\/5342\/revisions\/6414"}],"wp:featuredmedia":[{"embeddable":true,"href":"https:\/\/www.ebg.de\/en\/wp-json\/wp\/v2\/media\/5339"}],"wp:attachment":[{"href":"https:\/\/www.ebg.de\/en\/wp-json\/wp\/v2\/media?parent=5342"}],"wp:term":[{"taxonomy":"category","embeddable":true,"href":"https:\/\/www.ebg.de\/en\/wp-json\/wp\/v2\/categories?post=5342"},{"taxonomy":"post_tag","embeddable":true,"href":"https:\/\/www.ebg.de\/en\/wp-json\/wp\/v2\/tags?post=5342"}],"curies":[{"name":"wp","href":"https:\/\/api.w.org\/{rel}","templated":true}]}}