{"id":5315,"date":"2019-12-22T11:27:01","date_gmt":"2019-12-22T10:27:01","guid":{"rendered":"https:\/\/www.ebg.de\/?p=5315"},"modified":"2020-01-21T08:12:23","modified_gmt":"2020-01-21T07:12:23","slug":"grosse-lesen-fuer-kleine-geschichten-von-frueher","status":"publish","type":"post","link":"https:\/\/www.ebg.de\/en\/grosse-lesen-fuer-kleine-geschichten-von-frueher\/","title":{"rendered":"&#8220;Gro\u00dfe lesen f\u00fcr Kleine&#8221; Geschichte(n) von Fr\u00fcher"},"content":{"rendered":"\n<p><\/p>\n\n\n\n<p>\u201eRapunzel\u201c und der\nhohe Turm, \u201eDie zertanzten Schuhe\u201c und die unsichtbare Mauer. Wie kann man\nKindern das diesj\u00e4hrige Motto \u201e30 Jahre Mauerfall, die Welt kommt nach Berlin\u201c\nn\u00e4her bringen. Vor dieser Frage stand die Klasse der Erzieher 2019 Vollzeit von\nder Fachschule f\u00fcr Sozialwesen des EBG in Brandenburg. Schnell war klar, dass\nder Bezug zu Berlin und der Mauer hergestellt werden muss. \u201eRapunzels\u201c Schauplatz\nwar pl\u00f6tzlich in Berlin und wurde mithilfe eines Puppentheaters dar-gestellt, w\u00e4hrend\nsich die unsichtbare Mauer zwischen zwei verschiedenen Welten bei dem M\u00e4rchen\n\u201eDie zertanzten Schuhe\u201c zeigte, welches von den angehenden Er-ziehern als Theater\npr\u00e4sentiert wurde. Im Sinne des armen Theaters haben die an-gehenden\nErzieher alle vorhandenen Ressourcen ausgesch\u00f6pft. So wurden in der Erarbeitung\nz.B. eigene Puppen aus Socken gefertigt, die Skripte zum Thema ange-passt und\nin kleiner Klassenst\u00e4rke das Projekt z\u00fcgig erarbeitet.\nAll dies konnten die Kinder am 6. und 13.11.2019, im Rahmen der diesj\u00e4hrigen\nM\u00e4rchentage Ber-&nbsp;&nbsp;&nbsp;&nbsp;&nbsp;&nbsp;&nbsp;&nbsp; lin\/Brandenburg\n\u201eGro\u00dfe lesen f\u00fcr Kleine\u201c, in der Fouqu\u00e9bibliothek und der Stadt-teilbibliothek\nin Hohenst\u00fccken bestaunen. W\u00e4hrend und nach der Auff\u00fchrung sp\u00fcrten die\nangehenden P\u00e4dagogen eine durchweg positive Resonanz und die Kinder lie\u00dfen\ndaran auch keinen Zweifel. <\/p>\n\n\n\n<p>Das Projekt der M\u00e4rchentage war sehr erfolgreich. Die Kinder, sowie die angehenden Erzieher hatten gro\u00dfen Spa\u00df und waren mit voller Begeisterung dabei.<\/p>\n\n\n\n<div class=\"wp-block-image\"><figure class=\"aligncenter size-large\"><img loading=\"lazy\" decoding=\"async\" width=\"567\" height=\"756\" src=\"https:\/\/www.ebg.de\/wp-content\/uploads\/2019\/12\/20191106_103649.jpg\" alt=\"\" class=\"wp-image-5317\" srcset=\"https:\/\/www.ebg.de\/wp-content\/uploads\/2019\/12\/20191106_103649.jpg 567w, https:\/\/www.ebg.de\/wp-content\/uploads\/2019\/12\/20191106_103649-225x300.jpg 225w\" sizes=\"auto, (max-width: 567px) 100vw, 567px\" \/><\/figure><\/div>\n\n\n\n<div class=\"wp-block-image\"><figure class=\"aligncenter size-large\"><img loading=\"lazy\" decoding=\"async\" width=\"567\" height=\"425\" src=\"https:\/\/www.ebg.de\/wp-content\/uploads\/2019\/12\/20191106_113620.jpg\" alt=\"\" class=\"wp-image-5319\" srcset=\"https:\/\/www.ebg.de\/wp-content\/uploads\/2019\/12\/20191106_113620.jpg 567w, https:\/\/www.ebg.de\/wp-content\/uploads\/2019\/12\/20191106_113620-300x225.jpg 300w\" sizes=\"auto, (max-width: 567px) 100vw, 567px\" \/><\/figure><\/div>\n\n\n\n<div class=\"wp-block-image\"><figure class=\"aligncenter size-large\"><img loading=\"lazy\" decoding=\"async\" width=\"567\" height=\"756\" src=\"https:\/\/www.ebg.de\/wp-content\/uploads\/2019\/12\/20191113_094229.jpg\" alt=\"\" class=\"wp-image-5321\" srcset=\"https:\/\/www.ebg.de\/wp-content\/uploads\/2019\/12\/20191113_094229.jpg 567w, https:\/\/www.ebg.de\/wp-content\/uploads\/2019\/12\/20191113_094229-225x300.jpg 225w\" sizes=\"auto, (max-width: 567px) 100vw, 567px\" \/><\/figure><\/div>\n\n\n\n<div class=\"wp-block-image\"><figure class=\"aligncenter size-large\"><img loading=\"lazy\" decoding=\"async\" width=\"567\" height=\"756\" src=\"https:\/\/www.ebg.de\/wp-content\/uploads\/2019\/12\/20191113_100547.jpg\" alt=\"\" class=\"wp-image-5323\" srcset=\"https:\/\/www.ebg.de\/wp-content\/uploads\/2019\/12\/20191113_100547.jpg 567w, https:\/\/www.ebg.de\/wp-content\/uploads\/2019\/12\/20191113_100547-225x300.jpg 225w\" sizes=\"auto, (max-width: 567px) 100vw, 567px\" \/><\/figure><\/div>\n\n\n\n<div class=\"wp-block-image\"><figure class=\"aligncenter size-large\"><img loading=\"lazy\" decoding=\"async\" width=\"567\" height=\"756\" src=\"https:\/\/www.ebg.de\/wp-content\/uploads\/2019\/12\/20191113_110238.jpg\" alt=\"\" class=\"wp-image-5325\" srcset=\"https:\/\/www.ebg.de\/wp-content\/uploads\/2019\/12\/20191113_110238.jpg 567w, https:\/\/www.ebg.de\/wp-content\/uploads\/2019\/12\/20191113_110238-225x300.jpg 225w\" sizes=\"auto, (max-width: 567px) 100vw, 567px\" \/><\/figure><\/div>\n","protected":false},"excerpt":{"rendered":"<p> \u201eZusammenwachsen was zusammengeh\u00f6rt.\u201c Generationen kommen zusammen, wie damals die Bundesrepublik Deutschland nach dem Mauerfall. <\/p>\n","protected":false},"author":15,"featured_media":5321,"comment_status":"closed","ping_status":"closed","sticky":false,"template":"","format":"standard","meta":{"_acf_changed":false,"footnotes":""},"categories":[26],"tags":[],"class_list":["post-5315","post","type-post","status-publish","format-standard","has-post-thumbnail","hentry","category-news-brandenburg-schulen"],"acf":[],"yoast_head":"<!-- This site is optimized with the Yoast SEO plugin v26.9 - https:\/\/yoast.com\/product\/yoast-seo-wordpress\/ -->\n<title>&quot;Gro\u00dfe lesen f\u00fcr Kleine&quot; Geschichte(n) von Fr\u00fcher - Europ\u00e4isches Bildungswerk f\u00fcr Beruf und Gesellschaft<\/title>\n<meta name=\"robots\" content=\"index, follow, max-snippet:-1, max-image-preview:large, max-video-preview:-1\" \/>\n<link rel=\"canonical\" href=\"https:\/\/www.ebg.de\/grosse-lesen-fuer-kleine-geschichten-von-frueher\/?lang=en\" \/>\n<meta property=\"og:locale\" content=\"en_US\" \/>\n<meta property=\"og:type\" content=\"article\" \/>\n<meta property=\"og:title\" content=\"&quot;Gro\u00dfe lesen f\u00fcr Kleine&quot; Geschichte(n) von Fr\u00fcher - Europ\u00e4isches Bildungswerk f\u00fcr Beruf und Gesellschaft\" \/>\n<meta property=\"og:description\" content=\"\u201eZusammenwachsen was zusammengeh\u00f6rt.\u201c Generationen kommen zusammen, wie damals die Bundesrepublik Deutschland nach dem Mauerfall.\" \/>\n<meta property=\"og:url\" content=\"https:\/\/www.ebg.de\/grosse-lesen-fuer-kleine-geschichten-von-frueher\/?lang=en\" \/>\n<meta property=\"og:site_name\" content=\"Europ\u00e4isches Bildungswerk f\u00fcr Beruf und Gesellschaft\" \/>\n<meta property=\"article:published_time\" content=\"2019-12-22T10:27:01+00:00\" \/>\n<meta property=\"article:modified_time\" content=\"2020-01-21T07:12:23+00:00\" \/>\n<meta property=\"og:image\" content=\"https:\/\/www.ebg.de\/wp-content\/uploads\/2019\/12\/20191113_094229.jpg\" \/>\n\t<meta property=\"og:image:width\" content=\"567\" \/>\n\t<meta property=\"og:image:height\" content=\"756\" \/>\n\t<meta property=\"og:image:type\" content=\"image\/jpeg\" \/>\n<meta name=\"author\" content=\"Ina Schubert\" \/>\n<meta name=\"twitter:card\" content=\"summary_large_image\" \/>\n<meta name=\"twitter:label1\" content=\"Written by\" \/>\n\t<meta name=\"twitter:data1\" content=\"Ina Schubert\" \/>\n\t<meta name=\"twitter:label2\" content=\"Est. reading time\" \/>\n\t<meta name=\"twitter:data2\" content=\"1 minute\" \/>\n<!-- \/ Yoast SEO plugin. -->","yoast_head_json":{"title":"\"Gro\u00dfe lesen f\u00fcr Kleine\" Geschichte(n) von Fr\u00fcher - Europ\u00e4isches Bildungswerk f\u00fcr Beruf und Gesellschaft","robots":{"index":"index","follow":"follow","max-snippet":"max-snippet:-1","max-image-preview":"max-image-preview:large","max-video-preview":"max-video-preview:-1"},"canonical":"https:\/\/www.ebg.de\/grosse-lesen-fuer-kleine-geschichten-von-frueher\/?lang=en","og_locale":"en_US","og_type":"article","og_title":"\"Gro\u00dfe lesen f\u00fcr Kleine\" Geschichte(n) von Fr\u00fcher - Europ\u00e4isches Bildungswerk f\u00fcr Beruf und Gesellschaft","og_description":"\u201eZusammenwachsen was zusammengeh\u00f6rt.\u201c Generationen kommen zusammen, wie damals die Bundesrepublik Deutschland nach dem Mauerfall.","og_url":"https:\/\/www.ebg.de\/grosse-lesen-fuer-kleine-geschichten-von-frueher\/?lang=en","og_site_name":"Europ\u00e4isches Bildungswerk f\u00fcr Beruf und Gesellschaft","article_published_time":"2019-12-22T10:27:01+00:00","article_modified_time":"2020-01-21T07:12:23+00:00","og_image":[{"width":567,"height":756,"url":"https:\/\/www.ebg.de\/wp-content\/uploads\/2019\/12\/20191113_094229.jpg","type":"image\/jpeg"}],"author":"Ina Schubert","twitter_card":"summary_large_image","twitter_misc":{"Written by":"Ina Schubert","Est. reading time":"1 minute"},"schema":{"@context":"https:\/\/schema.org","@graph":[{"@type":"Article","@id":"https:\/\/www.ebg.de\/grosse-lesen-fuer-kleine-geschichten-von-frueher\/?lang=en#article","isPartOf":{"@id":"https:\/\/www.ebg.de\/grosse-lesen-fuer-kleine-geschichten-von-frueher\/?lang=en"},"author":{"name":"Ina Schubert","@id":"https:\/\/www.ebg.de\/#\/schema\/person\/00edc5d5868606a12c2f5e12ba5a0277"},"headline":"&#8220;Gro\u00dfe lesen f\u00fcr Kleine&#8221; Geschichte(n) von Fr\u00fcher","datePublished":"2019-12-22T10:27:01+00:00","dateModified":"2020-01-21T07:12:23+00:00","mainEntityOfPage":{"@id":"https:\/\/www.ebg.de\/grosse-lesen-fuer-kleine-geschichten-von-frueher\/?lang=en"},"wordCount":248,"image":{"@id":"https:\/\/www.ebg.de\/grosse-lesen-fuer-kleine-geschichten-von-frueher\/?lang=en#primaryimage"},"thumbnailUrl":"https:\/\/www.ebg.de\/wp-content\/uploads\/2019\/12\/20191113_094229.jpg","articleSection":["News - Brandenburg Schulen"],"inLanguage":"en-US"},{"@type":"WebPage","@id":"https:\/\/www.ebg.de\/grosse-lesen-fuer-kleine-geschichten-von-frueher\/?lang=en","url":"https:\/\/www.ebg.de\/grosse-lesen-fuer-kleine-geschichten-von-frueher\/?lang=en","name":"\"Gro\u00dfe lesen f\u00fcr Kleine\" Geschichte(n) von Fr\u00fcher - Europ\u00e4isches Bildungswerk f\u00fcr Beruf und Gesellschaft","isPartOf":{"@id":"https:\/\/www.ebg.de\/#website"},"primaryImageOfPage":{"@id":"https:\/\/www.ebg.de\/grosse-lesen-fuer-kleine-geschichten-von-frueher\/?lang=en#primaryimage"},"image":{"@id":"https:\/\/www.ebg.de\/grosse-lesen-fuer-kleine-geschichten-von-frueher\/?lang=en#primaryimage"},"thumbnailUrl":"https:\/\/www.ebg.de\/wp-content\/uploads\/2019\/12\/20191113_094229.jpg","datePublished":"2019-12-22T10:27:01+00:00","dateModified":"2020-01-21T07:12:23+00:00","author":{"@id":"https:\/\/www.ebg.de\/#\/schema\/person\/00edc5d5868606a12c2f5e12ba5a0277"},"breadcrumb":{"@id":"https:\/\/www.ebg.de\/grosse-lesen-fuer-kleine-geschichten-von-frueher\/?lang=en#breadcrumb"},"inLanguage":"en-US","potentialAction":[{"@type":"ReadAction","target":["https:\/\/www.ebg.de\/grosse-lesen-fuer-kleine-geschichten-von-frueher\/?lang=en"]}]},{"@type":"ImageObject","inLanguage":"en-US","@id":"https:\/\/www.ebg.de\/grosse-lesen-fuer-kleine-geschichten-von-frueher\/?lang=en#primaryimage","url":"https:\/\/www.ebg.de\/wp-content\/uploads\/2019\/12\/20191113_094229.jpg","contentUrl":"https:\/\/www.ebg.de\/wp-content\/uploads\/2019\/12\/20191113_094229.jpg","width":567,"height":756},{"@type":"BreadcrumbList","@id":"https:\/\/www.ebg.de\/grosse-lesen-fuer-kleine-geschichten-von-frueher\/?lang=en#breadcrumb","itemListElement":[{"@type":"ListItem","position":1,"name":"Startseite","item":"https:\/\/www.ebg.de\/"},{"@type":"ListItem","position":2,"name":"&#8220;Gro\u00dfe lesen f\u00fcr Kleine&#8221; Geschichte(n) von Fr\u00fcher"}]},{"@type":"WebSite","@id":"https:\/\/www.ebg.de\/#website","url":"https:\/\/www.ebg.de\/","name":"Europ\u00e4isches Bildungswerk f\u00fcr Beruf und Gesellschaft","description":"Bildung, Ausbildung und Weiterbildung","potentialAction":[{"@type":"SearchAction","target":{"@type":"EntryPoint","urlTemplate":"https:\/\/www.ebg.de\/?s={search_term_string}"},"query-input":{"@type":"PropertyValueSpecification","valueRequired":true,"valueName":"search_term_string"}}],"inLanguage":"en-US"},{"@type":"Person","@id":"https:\/\/www.ebg.de\/#\/schema\/person\/00edc5d5868606a12c2f5e12ba5a0277","name":"Ina Schubert","image":{"@type":"ImageObject","inLanguage":"en-US","@id":"https:\/\/www.ebg.de\/#\/schema\/person\/image\/","url":"https:\/\/secure.gravatar.com\/avatar\/711e362b576ac547782ca793fe3330d5c37b80c32dfb390f08ca496d6cfc1ca0?s=96&d=mm&r=g","contentUrl":"https:\/\/secure.gravatar.com\/avatar\/711e362b576ac547782ca793fe3330d5c37b80c32dfb390f08ca496d6cfc1ca0?s=96&d=mm&r=g","caption":"Ina Schubert"},"url":"https:\/\/www.ebg.de\/en\/author\/fsbrandenburg\/"}]}},"_links":{"self":[{"href":"https:\/\/www.ebg.de\/en\/wp-json\/wp\/v2\/posts\/5315","targetHints":{"allow":["GET"]}}],"collection":[{"href":"https:\/\/www.ebg.de\/en\/wp-json\/wp\/v2\/posts"}],"about":[{"href":"https:\/\/www.ebg.de\/en\/wp-json\/wp\/v2\/types\/post"}],"author":[{"embeddable":true,"href":"https:\/\/www.ebg.de\/en\/wp-json\/wp\/v2\/users\/15"}],"replies":[{"embeddable":true,"href":"https:\/\/www.ebg.de\/en\/wp-json\/wp\/v2\/comments?post=5315"}],"version-history":[{"count":4,"href":"https:\/\/www.ebg.de\/en\/wp-json\/wp\/v2\/posts\/5315\/revisions"}],"predecessor-version":[{"id":5532,"href":"https:\/\/www.ebg.de\/en\/wp-json\/wp\/v2\/posts\/5315\/revisions\/5532"}],"wp:featuredmedia":[{"embeddable":true,"href":"https:\/\/www.ebg.de\/en\/wp-json\/wp\/v2\/media\/5321"}],"wp:attachment":[{"href":"https:\/\/www.ebg.de\/en\/wp-json\/wp\/v2\/media?parent=5315"}],"wp:term":[{"taxonomy":"category","embeddable":true,"href":"https:\/\/www.ebg.de\/en\/wp-json\/wp\/v2\/categories?post=5315"},{"taxonomy":"post_tag","embeddable":true,"href":"https:\/\/www.ebg.de\/en\/wp-json\/wp\/v2\/tags?post=5315"}],"curies":[{"name":"wp","href":"https:\/\/api.w.org\/{rel}","templated":true}]}}