{"id":5276,"date":"2019-12-18T12:47:24","date_gmt":"2019-12-18T11:47:24","guid":{"rendered":"https:\/\/www.ebg.de\/?p=5276"},"modified":"2019-12-27T15:57:09","modified_gmt":"2019-12-27T14:57:09","slug":"kennenlernfest-2019","status":"publish","type":"post","link":"https:\/\/www.ebg.de\/en\/kennenlernfest-2019\/","title":{"rendered":"Kennenlernfest 2019"},"content":{"rendered":"\n<p>Wir, die Klasse ERZ 2019 &nbsp;haben das Kennenlernfest zum Schuljahresbeginn\nunter dem &nbsp;Motto \u201eSpielerisches\nKennenlernen\u201c durchgef\u00fchrt. Dazu gestalte-ten wir f\u00fcnf Stationen:<\/p>\n\n\n\n<ul class=\"wp-block-list\"><li>Speeddating<\/li><li>Der\ngordische Knoten<\/li><li>Eigenschaftsrad<\/li><li>Portr\u00e4t\nzeichnen<\/li><li>F\u00fchlbox<\/li><\/ul>\n\n\n\n<p>Die p\u00e4dagogischen Ziele waren u.a. das Kennenlernen der\nMitsch\u00fcler, der Fach-sch\u00fclerinnen und -sch\u00fcler des 2. Ausbildungsjahres sowie\nder Lehrerinnen und Lehrer. Es ging uns auch um den&nbsp; Kommunikationsaufbau, das Verringern von Hemmschwellen\nund Ber\u00fchrungs\u00e4ngsten.<\/p>\n\n\n\n<p>Das Kennenlernfest war ein voller Erfolg, weil es viele nette\nGespr\u00e4che gab und man den ersten Kontaktaufbau hatte und nun darauf aufgebaut\nwerden kann. Dies war eine gute Chance untereinander Beziehungen kn\u00fcpfen zu\nk\u00f6nnen.<\/p>\n\n\n\n<p>ERZ 2019 VZ<\/p>\n\n\n\n<div class=\"wp-block-image is-style-default\"><figure class=\"aligncenter size-large\"><img loading=\"lazy\" decoding=\"async\" width=\"567\" height=\"378\" src=\"https:\/\/www.ebg.de\/wp-content\/uploads\/2019\/12\/IMG_1061.jpg\" alt=\"\" class=\"wp-image-5269\" srcset=\"https:\/\/www.ebg.de\/wp-content\/uploads\/2019\/12\/IMG_1061.jpg 567w, https:\/\/www.ebg.de\/wp-content\/uploads\/2019\/12\/IMG_1061-300x200.jpg 300w\" sizes=\"auto, (max-width: 567px) 100vw, 567px\" \/><\/figure><\/div>\n\n\n\n<div class=\"wp-block-image\"><figure class=\"aligncenter size-large\"><img loading=\"lazy\" decoding=\"async\" width=\"567\" height=\"378\" src=\"https:\/\/www.ebg.de\/wp-content\/uploads\/2019\/12\/IMG_1050.jpg\" alt=\"\" class=\"wp-image-5267\" srcset=\"https:\/\/www.ebg.de\/wp-content\/uploads\/2019\/12\/IMG_1050.jpg 567w, https:\/\/www.ebg.de\/wp-content\/uploads\/2019\/12\/IMG_1050-300x200.jpg 300w\" sizes=\"auto, (max-width: 567px) 100vw, 567px\" \/><\/figure><\/div>\n\n\n\n<div class=\"wp-block-image\"><figure class=\"aligncenter size-large\"><img loading=\"lazy\" decoding=\"async\" width=\"567\" height=\"378\" src=\"https:\/\/www.ebg.de\/wp-content\/uploads\/2019\/12\/IMG_0954.jpg\" alt=\"\" class=\"wp-image-5265\" srcset=\"https:\/\/www.ebg.de\/wp-content\/uploads\/2019\/12\/IMG_0954.jpg 567w, https:\/\/www.ebg.de\/wp-content\/uploads\/2019\/12\/IMG_0954-300x200.jpg 300w\" sizes=\"auto, (max-width: 567px) 100vw, 567px\" \/><\/figure><\/div>\n","protected":false},"excerpt":{"rendered":"<p>Wir, die Klasse ERZ 2019 &nbsp;haben das Kennenlernfest zum Schuljahresbeginn unter dem &nbsp;Motto \u201eSpielerisches Kennenlernen\u201c durchgef\u00fchrt. Dazu gestalte-ten wir f\u00fcnf Stationen: Speeddating Der gordische Knoten Eigenschaftsrad Portr\u00e4t zeichnen F\u00fchlbox Die p\u00e4dagogischen Ziele waren u.a. das Kennenlernen der Mitsch\u00fcler, der Fach-sch\u00fclerinnen und -sch\u00fcler des 2. Ausbildungsjahres sowie der Lehrerinnen und Lehrer. Es ging uns auch um [&hellip;]<\/p>\n","protected":false},"author":15,"featured_media":5363,"comment_status":"closed","ping_status":"closed","sticky":false,"template":"","format":"standard","meta":{"_acf_changed":false,"footnotes":""},"categories":[26],"tags":[],"class_list":["post-5276","post","type-post","status-publish","format-standard","has-post-thumbnail","hentry","category-news-brandenburg-schulen"],"acf":[],"yoast_head":"<!-- This site is optimized with the Yoast SEO plugin v26.9 - https:\/\/yoast.com\/product\/yoast-seo-wordpress\/ -->\n<title>Kennenlernfest 2019 - Europ\u00e4isches Bildungswerk f\u00fcr Beruf und Gesellschaft<\/title>\n<meta name=\"robots\" content=\"index, follow, max-snippet:-1, max-image-preview:large, max-video-preview:-1\" \/>\n<link rel=\"canonical\" href=\"https:\/\/www.ebg.de\/kennenlernfest-2019\/?lang=en\" \/>\n<meta property=\"og:locale\" content=\"en_US\" \/>\n<meta property=\"og:type\" content=\"article\" \/>\n<meta property=\"og:title\" content=\"Kennenlernfest 2019 - Europ\u00e4isches Bildungswerk f\u00fcr Beruf und Gesellschaft\" \/>\n<meta property=\"og:description\" content=\"Wir, die Klasse ERZ 2019 &nbsp;haben das Kennenlernfest zum Schuljahresbeginn unter dem &nbsp;Motto \u201eSpielerisches Kennenlernen\u201c durchgef\u00fchrt. Dazu gestalte-ten wir f\u00fcnf Stationen: Speeddating Der gordische Knoten Eigenschaftsrad Portr\u00e4t zeichnen F\u00fchlbox Die p\u00e4dagogischen Ziele waren u.a. das Kennenlernen der Mitsch\u00fcler, der Fach-sch\u00fclerinnen und -sch\u00fcler des 2. Ausbildungsjahres sowie der Lehrerinnen und Lehrer. Es ging uns auch um [&hellip;]\" \/>\n<meta property=\"og:url\" content=\"https:\/\/www.ebg.de\/kennenlernfest-2019\/?lang=en\" \/>\n<meta property=\"og:site_name\" content=\"Europ\u00e4isches Bildungswerk f\u00fcr Beruf und Gesellschaft\" \/>\n<meta property=\"article:published_time\" content=\"2019-12-18T11:47:24+00:00\" \/>\n<meta property=\"article:modified_time\" content=\"2019-12-27T14:57:09+00:00\" \/>\n<meta property=\"og:image\" content=\"https:\/\/www.ebg.de\/wp-content\/uploads\/2019\/12\/Kennenlernfest.jpg\" \/>\n\t<meta property=\"og:image:width\" content=\"900\" \/>\n\t<meta property=\"og:image:height\" content=\"600\" \/>\n\t<meta property=\"og:image:type\" content=\"image\/jpeg\" \/>\n<meta name=\"author\" content=\"Ina Schubert\" \/>\n<meta name=\"twitter:card\" content=\"summary_large_image\" \/>\n<meta name=\"twitter:label1\" content=\"Written by\" \/>\n\t<meta name=\"twitter:data1\" content=\"Ina Schubert\" \/>\n\t<meta name=\"twitter:label2\" content=\"Est. reading time\" \/>\n\t<meta name=\"twitter:data2\" content=\"1 minute\" \/>\n<!-- \/ Yoast SEO plugin. -->","yoast_head_json":{"title":"Kennenlernfest 2019 - Europ\u00e4isches Bildungswerk f\u00fcr Beruf und Gesellschaft","robots":{"index":"index","follow":"follow","max-snippet":"max-snippet:-1","max-image-preview":"max-image-preview:large","max-video-preview":"max-video-preview:-1"},"canonical":"https:\/\/www.ebg.de\/kennenlernfest-2019\/?lang=en","og_locale":"en_US","og_type":"article","og_title":"Kennenlernfest 2019 - Europ\u00e4isches Bildungswerk f\u00fcr Beruf und Gesellschaft","og_description":"Wir, die Klasse ERZ 2019 &nbsp;haben das Kennenlernfest zum Schuljahresbeginn unter dem &nbsp;Motto \u201eSpielerisches Kennenlernen\u201c durchgef\u00fchrt. Dazu gestalte-ten wir f\u00fcnf Stationen: Speeddating Der gordische Knoten Eigenschaftsrad Portr\u00e4t zeichnen F\u00fchlbox Die p\u00e4dagogischen Ziele waren u.a. das Kennenlernen der Mitsch\u00fcler, der Fach-sch\u00fclerinnen und -sch\u00fcler des 2. Ausbildungsjahres sowie der Lehrerinnen und Lehrer. Es ging uns auch um [&hellip;]","og_url":"https:\/\/www.ebg.de\/kennenlernfest-2019\/?lang=en","og_site_name":"Europ\u00e4isches Bildungswerk f\u00fcr Beruf und Gesellschaft","article_published_time":"2019-12-18T11:47:24+00:00","article_modified_time":"2019-12-27T14:57:09+00:00","og_image":[{"width":900,"height":600,"url":"https:\/\/www.ebg.de\/wp-content\/uploads\/2019\/12\/Kennenlernfest.jpg","type":"image\/jpeg"}],"author":"Ina Schubert","twitter_card":"summary_large_image","twitter_misc":{"Written by":"Ina Schubert","Est. reading time":"1 minute"},"schema":{"@context":"https:\/\/schema.org","@graph":[{"@type":"Article","@id":"https:\/\/www.ebg.de\/kennenlernfest-2019\/?lang=en#article","isPartOf":{"@id":"https:\/\/www.ebg.de\/kennenlernfest-2019\/?lang=en"},"author":{"name":"Ina Schubert","@id":"https:\/\/www.ebg.de\/#\/schema\/person\/00edc5d5868606a12c2f5e12ba5a0277"},"headline":"Kennenlernfest 2019","datePublished":"2019-12-18T11:47:24+00:00","dateModified":"2019-12-27T14:57:09+00:00","mainEntityOfPage":{"@id":"https:\/\/www.ebg.de\/kennenlernfest-2019\/?lang=en"},"wordCount":115,"image":{"@id":"https:\/\/www.ebg.de\/kennenlernfest-2019\/?lang=en#primaryimage"},"thumbnailUrl":"https:\/\/www.ebg.de\/wp-content\/uploads\/2019\/12\/Kennenlernfest.jpg","articleSection":["News - Brandenburg Schulen"],"inLanguage":"en-US"},{"@type":"WebPage","@id":"https:\/\/www.ebg.de\/kennenlernfest-2019\/?lang=en","url":"https:\/\/www.ebg.de\/kennenlernfest-2019\/?lang=en","name":"Kennenlernfest 2019 - Europ\u00e4isches Bildungswerk f\u00fcr Beruf und Gesellschaft","isPartOf":{"@id":"https:\/\/www.ebg.de\/#website"},"primaryImageOfPage":{"@id":"https:\/\/www.ebg.de\/kennenlernfest-2019\/?lang=en#primaryimage"},"image":{"@id":"https:\/\/www.ebg.de\/kennenlernfest-2019\/?lang=en#primaryimage"},"thumbnailUrl":"https:\/\/www.ebg.de\/wp-content\/uploads\/2019\/12\/Kennenlernfest.jpg","datePublished":"2019-12-18T11:47:24+00:00","dateModified":"2019-12-27T14:57:09+00:00","author":{"@id":"https:\/\/www.ebg.de\/#\/schema\/person\/00edc5d5868606a12c2f5e12ba5a0277"},"breadcrumb":{"@id":"https:\/\/www.ebg.de\/kennenlernfest-2019\/?lang=en#breadcrumb"},"inLanguage":"en-US","potentialAction":[{"@type":"ReadAction","target":["https:\/\/www.ebg.de\/kennenlernfest-2019\/?lang=en"]}]},{"@type":"ImageObject","inLanguage":"en-US","@id":"https:\/\/www.ebg.de\/kennenlernfest-2019\/?lang=en#primaryimage","url":"https:\/\/www.ebg.de\/wp-content\/uploads\/2019\/12\/Kennenlernfest.jpg","contentUrl":"https:\/\/www.ebg.de\/wp-content\/uploads\/2019\/12\/Kennenlernfest.jpg","width":900,"height":600},{"@type":"BreadcrumbList","@id":"https:\/\/www.ebg.de\/kennenlernfest-2019\/?lang=en#breadcrumb","itemListElement":[{"@type":"ListItem","position":1,"name":"Startseite","item":"https:\/\/www.ebg.de\/"},{"@type":"ListItem","position":2,"name":"Kennenlernfest 2019"}]},{"@type":"WebSite","@id":"https:\/\/www.ebg.de\/#website","url":"https:\/\/www.ebg.de\/","name":"Europ\u00e4isches Bildungswerk f\u00fcr Beruf und Gesellschaft","description":"Bildung, Ausbildung und Weiterbildung","potentialAction":[{"@type":"SearchAction","target":{"@type":"EntryPoint","urlTemplate":"https:\/\/www.ebg.de\/?s={search_term_string}"},"query-input":{"@type":"PropertyValueSpecification","valueRequired":true,"valueName":"search_term_string"}}],"inLanguage":"en-US"},{"@type":"Person","@id":"https:\/\/www.ebg.de\/#\/schema\/person\/00edc5d5868606a12c2f5e12ba5a0277","name":"Ina Schubert","image":{"@type":"ImageObject","inLanguage":"en-US","@id":"https:\/\/www.ebg.de\/#\/schema\/person\/image\/","url":"https:\/\/secure.gravatar.com\/avatar\/711e362b576ac547782ca793fe3330d5c37b80c32dfb390f08ca496d6cfc1ca0?s=96&d=mm&r=g","contentUrl":"https:\/\/secure.gravatar.com\/avatar\/711e362b576ac547782ca793fe3330d5c37b80c32dfb390f08ca496d6cfc1ca0?s=96&d=mm&r=g","caption":"Ina Schubert"},"url":"https:\/\/www.ebg.de\/en\/author\/fsbrandenburg\/"}]}},"_links":{"self":[{"href":"https:\/\/www.ebg.de\/en\/wp-json\/wp\/v2\/posts\/5276","targetHints":{"allow":["GET"]}}],"collection":[{"href":"https:\/\/www.ebg.de\/en\/wp-json\/wp\/v2\/posts"}],"about":[{"href":"https:\/\/www.ebg.de\/en\/wp-json\/wp\/v2\/types\/post"}],"author":[{"embeddable":true,"href":"https:\/\/www.ebg.de\/en\/wp-json\/wp\/v2\/users\/15"}],"replies":[{"embeddable":true,"href":"https:\/\/www.ebg.de\/en\/wp-json\/wp\/v2\/comments?post=5276"}],"version-history":[{"count":5,"href":"https:\/\/www.ebg.de\/en\/wp-json\/wp\/v2\/posts\/5276\/revisions"}],"predecessor-version":[{"id":5365,"href":"https:\/\/www.ebg.de\/en\/wp-json\/wp\/v2\/posts\/5276\/revisions\/5365"}],"wp:featuredmedia":[{"embeddable":true,"href":"https:\/\/www.ebg.de\/en\/wp-json\/wp\/v2\/media\/5363"}],"wp:attachment":[{"href":"https:\/\/www.ebg.de\/en\/wp-json\/wp\/v2\/media?parent=5276"}],"wp:term":[{"taxonomy":"category","embeddable":true,"href":"https:\/\/www.ebg.de\/en\/wp-json\/wp\/v2\/categories?post=5276"},{"taxonomy":"post_tag","embeddable":true,"href":"https:\/\/www.ebg.de\/en\/wp-json\/wp\/v2\/tags?post=5276"}],"curies":[{"name":"wp","href":"https:\/\/api.w.org\/{rel}","templated":true}]}}