{"id":5221,"date":"2019-12-04T09:29:59","date_gmt":"2019-12-04T08:29:59","guid":{"rendered":"https:\/\/www.ebg.de\/?p=5221"},"modified":"2020-03-03T15:50:16","modified_gmt":"2020-03-03T14:50:16","slug":"tage-der-offenen-tuer","status":"publish","type":"post","link":"https:\/\/www.ebg.de\/en\/tage-der-offenen-tuer\/","title":{"rendered":"TAG(e) der offenen T\u00fcr"},"content":{"rendered":"\n<p><\/p>\n\n\n\n<p>Wir laden zu Gespr\u00e4chen mit reichlich Informationen zu folgenden Ausbildungsberufen ein:<\/p>\n\n\n\n<p>Staatlich anerkannte\/r Erzieher\/in in der Fachschule Sozialp\u00e4dagogik  (Vollzeit und berufsbegleitend)<br>Staatlich anerkannte\/r Ergotherapeuth\/in (Vollzeit)<br>Staatlich anerkannte\/r Heilerziehungspfleger\/in (Vollzeit und berufsbegleitend)<br>Staatlich anerkannte\/r Heilp\u00e4dagoge\/in (berufsbegleitend)<\/p>\n\n\n\n<p>Sonderp\u00e4dagogische Zusatzausbildung (SPZ) \/ Gepr\u00fcfte Fachkraft zur  Arbeits- und Berufsf\u00f6rderung in Werkst\u00e4tten f\u00fcr behinderte Menschen  (FAB) (berufsbegleitend)<\/p>\n\n\n\n<p>Bitte teilt die Info auf allen Kan\u00e4len. Seid herzlich eingeladen und kommt in Scharen!<\/p>\n","protected":false},"excerpt":{"rendered":"<p>Wir laden zu Gespr\u00e4chen mit reichlich Informationen zu  Ausbildungsberufen ein.<\/p>\n","protected":false},"author":18,"featured_media":5222,"comment_status":"closed","ping_status":"closed","sticky":false,"template":"","format":"standard","meta":{"_acf_changed":false,"footnotes":""},"categories":[29],"tags":[],"class_list":["post-5221","post","type-post","status-publish","format-standard","has-post-thumbnail","hentry","category-news-halle-schulen"],"acf":[],"yoast_head":"<!-- This site is optimized with the Yoast SEO plugin v26.9 - https:\/\/yoast.com\/product\/yoast-seo-wordpress\/ -->\n<title>TAG(e) der offenen T\u00fcr - Europ\u00e4isches Bildungswerk f\u00fcr Beruf und Gesellschaft<\/title>\n<meta name=\"robots\" content=\"index, follow, max-snippet:-1, max-image-preview:large, max-video-preview:-1\" \/>\n<link rel=\"canonical\" href=\"https:\/\/www.ebg.de\/tage-der-offenen-tuer\/?lang=en\" \/>\n<meta property=\"og:locale\" content=\"en_US\" \/>\n<meta property=\"og:type\" content=\"article\" \/>\n<meta property=\"og:title\" content=\"TAG(e) der offenen T\u00fcr - Europ\u00e4isches Bildungswerk f\u00fcr Beruf und Gesellschaft\" \/>\n<meta property=\"og:description\" content=\"Wir laden zu Gespr\u00e4chen mit reichlich Informationen zu Ausbildungsberufen ein.\" \/>\n<meta property=\"og:url\" content=\"https:\/\/www.ebg.de\/tage-der-offenen-tuer\/?lang=en\" \/>\n<meta property=\"og:site_name\" content=\"Europ\u00e4isches Bildungswerk f\u00fcr Beruf und Gesellschaft\" \/>\n<meta property=\"article:published_time\" content=\"2019-12-04T08:29:59+00:00\" \/>\n<meta property=\"article:modified_time\" content=\"2020-03-03T14:50:16+00:00\" \/>\n<meta property=\"og:image\" content=\"https:\/\/www.ebg.de\/wp-content\/uploads\/2019\/12\/2_tdot_0203_HAL_WEB.jpg\" \/>\n\t<meta property=\"og:image:width\" content=\"792\" \/>\n\t<meta property=\"og:image:height\" content=\"1080\" \/>\n\t<meta property=\"og:image:type\" content=\"image\/jpeg\" \/>\n<meta name=\"author\" content=\"Dagmar Gumbert\" \/>\n<meta name=\"twitter:card\" content=\"summary_large_image\" \/>\n<meta name=\"twitter:label1\" content=\"Written by\" \/>\n\t<meta name=\"twitter:data1\" content=\"Dagmar Gumbert\" \/>\n<!-- \/ Yoast SEO plugin. -->","yoast_head_json":{"title":"TAG(e) der offenen T\u00fcr - Europ\u00e4isches Bildungswerk f\u00fcr Beruf und Gesellschaft","robots":{"index":"index","follow":"follow","max-snippet":"max-snippet:-1","max-image-preview":"max-image-preview:large","max-video-preview":"max-video-preview:-1"},"canonical":"https:\/\/www.ebg.de\/tage-der-offenen-tuer\/?lang=en","og_locale":"en_US","og_type":"article","og_title":"TAG(e) der offenen T\u00fcr - Europ\u00e4isches Bildungswerk f\u00fcr Beruf und Gesellschaft","og_description":"Wir laden zu Gespr\u00e4chen mit reichlich Informationen zu Ausbildungsberufen ein.","og_url":"https:\/\/www.ebg.de\/tage-der-offenen-tuer\/?lang=en","og_site_name":"Europ\u00e4isches Bildungswerk f\u00fcr Beruf und Gesellschaft","article_published_time":"2019-12-04T08:29:59+00:00","article_modified_time":"2020-03-03T14:50:16+00:00","og_image":[{"width":792,"height":1080,"url":"https:\/\/www.ebg.de\/wp-content\/uploads\/2019\/12\/2_tdot_0203_HAL_WEB.jpg","type":"image\/jpeg"}],"author":"Dagmar Gumbert","twitter_card":"summary_large_image","twitter_misc":{"Written by":"Dagmar Gumbert"},"schema":{"@context":"https:\/\/schema.org","@graph":[{"@type":"Article","@id":"https:\/\/www.ebg.de\/tage-der-offenen-tuer\/?lang=en#article","isPartOf":{"@id":"https:\/\/www.ebg.de\/tage-der-offenen-tuer\/?lang=en"},"author":{"name":"Dagmar Gumbert","@id":"https:\/\/www.ebg.de\/#\/schema\/person\/77f2f3c6647074b70ad64b8397a8edc4"},"headline":"TAG(e) der offenen T\u00fcr","datePublished":"2019-12-04T08:29:59+00:00","dateModified":"2020-03-03T14:50:16+00:00","mainEntityOfPage":{"@id":"https:\/\/www.ebg.de\/tage-der-offenen-tuer\/?lang=en"},"wordCount":88,"image":{"@id":"https:\/\/www.ebg.de\/tage-der-offenen-tuer\/?lang=en#primaryimage"},"thumbnailUrl":"https:\/\/www.ebg.de\/wp-content\/uploads\/2019\/12\/2_tdot_0203_HAL_WEB.jpg","articleSection":["News - Halle Schulen"],"inLanguage":"en-US"},{"@type":"WebPage","@id":"https:\/\/www.ebg.de\/tage-der-offenen-tuer\/?lang=en","url":"https:\/\/www.ebg.de\/tage-der-offenen-tuer\/?lang=en","name":"TAG(e) der offenen T\u00fcr - Europ\u00e4isches Bildungswerk f\u00fcr Beruf und Gesellschaft","isPartOf":{"@id":"https:\/\/www.ebg.de\/#website"},"primaryImageOfPage":{"@id":"https:\/\/www.ebg.de\/tage-der-offenen-tuer\/?lang=en#primaryimage"},"image":{"@id":"https:\/\/www.ebg.de\/tage-der-offenen-tuer\/?lang=en#primaryimage"},"thumbnailUrl":"https:\/\/www.ebg.de\/wp-content\/uploads\/2019\/12\/2_tdot_0203_HAL_WEB.jpg","datePublished":"2019-12-04T08:29:59+00:00","dateModified":"2020-03-03T14:50:16+00:00","author":{"@id":"https:\/\/www.ebg.de\/#\/schema\/person\/77f2f3c6647074b70ad64b8397a8edc4"},"breadcrumb":{"@id":"https:\/\/www.ebg.de\/tage-der-offenen-tuer\/?lang=en#breadcrumb"},"inLanguage":"en-US","potentialAction":[{"@type":"ReadAction","target":["https:\/\/www.ebg.de\/tage-der-offenen-tuer\/?lang=en"]}]},{"@type":"ImageObject","inLanguage":"en-US","@id":"https:\/\/www.ebg.de\/tage-der-offenen-tuer\/?lang=en#primaryimage","url":"https:\/\/www.ebg.de\/wp-content\/uploads\/2019\/12\/2_tdot_0203_HAL_WEB.jpg","contentUrl":"https:\/\/www.ebg.de\/wp-content\/uploads\/2019\/12\/2_tdot_0203_HAL_WEB.jpg","width":792,"height":1080,"caption":"Tag der offenen T\u00fcr EBG Halle"},{"@type":"BreadcrumbList","@id":"https:\/\/www.ebg.de\/tage-der-offenen-tuer\/?lang=en#breadcrumb","itemListElement":[{"@type":"ListItem","position":1,"name":"Startseite","item":"https:\/\/www.ebg.de\/"},{"@type":"ListItem","position":2,"name":"TAG(e) der offenen T\u00fcr"}]},{"@type":"WebSite","@id":"https:\/\/www.ebg.de\/#website","url":"https:\/\/www.ebg.de\/","name":"Europ\u00e4isches Bildungswerk f\u00fcr Beruf und Gesellschaft","description":"Bildung, Ausbildung und Weiterbildung","potentialAction":[{"@type":"SearchAction","target":{"@type":"EntryPoint","urlTemplate":"https:\/\/www.ebg.de\/?s={search_term_string}"},"query-input":{"@type":"PropertyValueSpecification","valueRequired":true,"valueName":"search_term_string"}}],"inLanguage":"en-US"},{"@type":"Person","@id":"https:\/\/www.ebg.de\/#\/schema\/person\/77f2f3c6647074b70ad64b8397a8edc4","name":"Dagmar Gumbert","image":{"@type":"ImageObject","inLanguage":"en-US","@id":"https:\/\/www.ebg.de\/#\/schema\/person\/image\/","url":"https:\/\/secure.gravatar.com\/avatar\/0af05cad1f550280112950cec0ccbad0d3acc2f5f0e9ed045b6857b2c4d88d49?s=96&d=mm&r=g","contentUrl":"https:\/\/secure.gravatar.com\/avatar\/0af05cad1f550280112950cec0ccbad0d3acc2f5f0e9ed045b6857b2c4d88d49?s=96&d=mm&r=g","caption":"Dagmar Gumbert"},"url":"https:\/\/www.ebg.de\/en\/author\/fshalle\/"}]}},"_links":{"self":[{"href":"https:\/\/www.ebg.de\/en\/wp-json\/wp\/v2\/posts\/5221","targetHints":{"allow":["GET"]}}],"collection":[{"href":"https:\/\/www.ebg.de\/en\/wp-json\/wp\/v2\/posts"}],"about":[{"href":"https:\/\/www.ebg.de\/en\/wp-json\/wp\/v2\/types\/post"}],"author":[{"embeddable":true,"href":"https:\/\/www.ebg.de\/en\/wp-json\/wp\/v2\/users\/18"}],"replies":[{"embeddable":true,"href":"https:\/\/www.ebg.de\/en\/wp-json\/wp\/v2\/comments?post=5221"}],"version-history":[{"count":4,"href":"https:\/\/www.ebg.de\/en\/wp-json\/wp\/v2\/posts\/5221\/revisions"}],"predecessor-version":[{"id":5793,"href":"https:\/\/www.ebg.de\/en\/wp-json\/wp\/v2\/posts\/5221\/revisions\/5793"}],"wp:featuredmedia":[{"embeddable":true,"href":"https:\/\/www.ebg.de\/en\/wp-json\/wp\/v2\/media\/5222"}],"wp:attachment":[{"href":"https:\/\/www.ebg.de\/en\/wp-json\/wp\/v2\/media?parent=5221"}],"wp:term":[{"taxonomy":"category","embeddable":true,"href":"https:\/\/www.ebg.de\/en\/wp-json\/wp\/v2\/categories?post=5221"},{"taxonomy":"post_tag","embeddable":true,"href":"https:\/\/www.ebg.de\/en\/wp-json\/wp\/v2\/tags?post=5221"}],"curies":[{"name":"wp","href":"https:\/\/api.w.org\/{rel}","templated":true}]}}