{"id":5079,"date":"2019-11-01T12:53:51","date_gmt":"2019-11-01T11:53:51","guid":{"rendered":"https:\/\/www.ebg.de\/?p=5079"},"modified":"2020-03-17T11:24:08","modified_gmt":"2020-03-17T10:24:08","slug":"power-to-the-children","status":"publish","type":"post","link":"https:\/\/www.ebg.de\/en\/power-to-the-children\/","title":{"rendered":"Power to the Children"},"content":{"rendered":"\n<p>(&#8230;) Frau Anne Kersting ,eine Filmregisseurin aus Berlin, begleitete ein Projekt in Indien.  Unsere angehenden Erzieher wurden auf eine Reise in ein indisches Dorf mitgenommen und erlebten dort die allt\u00e4glichen Belastungen der Kinder. Angefangen von schwerster Kinderarbeit, \u00fcber fehlende Schulbildung bis hin zu Gewalt in Familien aufgrund von Alkoholproblemen vieler V\u00e4ter. Sie begannen diese Probleme aufzuarbeiten und gr\u00fcndeten ein Kinderparlament.  Experten und ein sehr aufgeschlossener B\u00fcrgermeister unterst\u00fctzten sie dabei. Es wurden Aufgaben und Funktionen verteilt und Probleme mit Engagement angegangen. Sie nutzten demokratische Mittel wie Demonstrationen, Petitionen, Theaterauftritte und Gespr\u00e4che mit Verantwortlichen, um ihre Missst\u00e4nde anzuprangern und L\u00f6sungen zu finden.  Nach diesem Film, f\u00fcr den wir eigens das Kino in Thale anmieten konnten, erm\u00f6glichte Frau Kersting einen Gedankenaustausch zum Thema eigenverantwortliches Handeln. Es kam zu verschiedenen Meinungen und Aussagen. Wie wird Demokratie in den Einrichtungen gelebt, wie werden Kinder und Jugendliche in Entscheidungen  einbezogen? Wieviel Freiheit lassen wir unserer heranwachsenden Generation, sich in Verantwortung und Selbstst\u00e4ndigkeit zu \u00fcben? Am Ende der Veranstaltung versuchte man in Selbstreflexion zu erkennen, dass Erziehen nat\u00fcrlich bedeutet, den p\u00e4dagogischen Rahmen zu schaffen, aber das Kind und dem Jugendlichen unbedingt einen Freiraum zum Reifen und Wachsen an Herausforderungen und Aufgaben gegeben werden muss. Schenkt ihnen mehr Vertrauen in ihre F\u00e4higkeiten!  Dieses Thema werden wir verst\u00e4rkt nochmal zum p\u00e4dagogischen Werkstatttag aufnehmen. Frau Kersting empfiehlt dazu einen Film zu einem soziokratischen Schulmodell in Holland.<\/p>\n\n\n\n<figure class=\"wp-block-image\"><img loading=\"lazy\" decoding=\"async\" width=\"640\" height=\"640\" src=\"https:\/\/www.ebg.de\/wp-content\/uploads\/2019\/11\/pixlr_20191101123740334.jpg\" alt=\"\" class=\"wp-image-5080\" srcset=\"https:\/\/www.ebg.de\/wp-content\/uploads\/2019\/11\/pixlr_20191101123740334.jpg 640w, https:\/\/www.ebg.de\/wp-content\/uploads\/2019\/11\/pixlr_20191101123740334-150x150.jpg 150w, https:\/\/www.ebg.de\/wp-content\/uploads\/2019\/11\/pixlr_20191101123740334-300x300.jpg 300w, https:\/\/www.ebg.de\/wp-content\/uploads\/2019\/11\/pixlr_20191101123740334-400x400.jpg 400w\" sizes=\"auto, (max-width: 640px) 100vw, 640px\" \/><\/figure>\n","protected":false},"excerpt":{"rendered":"<p>Am 25.10.19 gelang es uns, im Rahmen unseres Schulmottos, ein Filmprojekt in den Harz zu holen, welches den Begriff &#8220;Demokratie&#8221; in Bezug auf Kinderparlament, Kinderrat und Kinderrechte beleuchtete. (&#8230;)<\/p>\n","protected":false},"author":19,"featured_media":5925,"comment_status":"closed","ping_status":"closed","sticky":false,"template":"","format":"standard","meta":{"_acf_changed":false,"footnotes":""},"categories":[28],"tags":[],"class_list":["post-5079","post","type-post","status-publish","format-standard","has-post-thumbnail","hentry","category-news-halberstadt-schulen"],"acf":[],"yoast_head":"<!-- This site is optimized with the Yoast SEO plugin v26.9 - https:\/\/yoast.com\/product\/yoast-seo-wordpress\/ -->\n<title>Power to the Children - Europ\u00e4isches Bildungswerk f\u00fcr Beruf und Gesellschaft<\/title>\n<meta name=\"robots\" content=\"index, follow, max-snippet:-1, max-image-preview:large, max-video-preview:-1\" \/>\n<link rel=\"canonical\" href=\"https:\/\/www.ebg.de\/power-to-the-children\/\" \/>\n<meta property=\"og:locale\" content=\"en_US\" \/>\n<meta property=\"og:type\" content=\"article\" \/>\n<meta property=\"og:title\" content=\"Power to the Children - Europ\u00e4isches Bildungswerk f\u00fcr Beruf und Gesellschaft\" \/>\n<meta property=\"og:description\" content=\"Am 25.10.19 gelang es uns, im Rahmen unseres Schulmottos, ein Filmprojekt in den Harz zu holen, welches den Begriff &quot;Demokratie&quot; in Bezug auf Kinderparlament, Kinderrat und Kinderrechte beleuchtete. (...)\" \/>\n<meta property=\"og:url\" content=\"https:\/\/www.ebg.de\/power-to-the-children\/\" \/>\n<meta property=\"og:site_name\" content=\"Europ\u00e4isches Bildungswerk f\u00fcr Beruf und Gesellschaft\" \/>\n<meta property=\"article:published_time\" content=\"2019-11-01T11:53:51+00:00\" \/>\n<meta property=\"article:modified_time\" content=\"2020-03-17T10:24:08+00:00\" \/>\n<meta property=\"og:image\" content=\"https:\/\/www.ebg.de\/wp-content\/uploads\/2020\/03\/Filmprojekt.jpg\" \/>\n\t<meta property=\"og:image:width\" content=\"900\" \/>\n\t<meta property=\"og:image:height\" content=\"453\" \/>\n\t<meta property=\"og:image:type\" content=\"image\/jpeg\" \/>\n<meta name=\"author\" content=\"Nicole Jebauer\" \/>\n<meta name=\"twitter:card\" content=\"summary_large_image\" \/>\n<meta name=\"twitter:label1\" content=\"Written by\" \/>\n\t<meta name=\"twitter:data1\" content=\"Nicole Jebauer\" \/>\n\t<meta name=\"twitter:label2\" content=\"Est. reading time\" \/>\n\t<meta name=\"twitter:data2\" content=\"1 minute\" \/>\n<!-- \/ Yoast SEO plugin. -->","yoast_head_json":{"title":"Power to the Children - Europ\u00e4isches Bildungswerk f\u00fcr Beruf und Gesellschaft","robots":{"index":"index","follow":"follow","max-snippet":"max-snippet:-1","max-image-preview":"max-image-preview:large","max-video-preview":"max-video-preview:-1"},"canonical":"https:\/\/www.ebg.de\/power-to-the-children\/","og_locale":"en_US","og_type":"article","og_title":"Power to the Children - Europ\u00e4isches Bildungswerk f\u00fcr Beruf und Gesellschaft","og_description":"Am 25.10.19 gelang es uns, im Rahmen unseres Schulmottos, ein Filmprojekt in den Harz zu holen, welches den Begriff \"Demokratie\" in Bezug auf Kinderparlament, Kinderrat und Kinderrechte beleuchtete. (...)","og_url":"https:\/\/www.ebg.de\/power-to-the-children\/","og_site_name":"Europ\u00e4isches Bildungswerk f\u00fcr Beruf und Gesellschaft","article_published_time":"2019-11-01T11:53:51+00:00","article_modified_time":"2020-03-17T10:24:08+00:00","og_image":[{"width":900,"height":453,"url":"https:\/\/www.ebg.de\/wp-content\/uploads\/2020\/03\/Filmprojekt.jpg","type":"image\/jpeg"}],"author":"Nicole Jebauer","twitter_card":"summary_large_image","twitter_misc":{"Written by":"Nicole Jebauer","Est. reading time":"1 minute"},"schema":{"@context":"https:\/\/schema.org","@graph":[{"@type":"Article","@id":"https:\/\/www.ebg.de\/power-to-the-children\/#article","isPartOf":{"@id":"https:\/\/www.ebg.de\/power-to-the-children\/"},"author":{"name":"Nicole Jebauer","@id":"https:\/\/www.ebg.de\/#\/schema\/person\/683a730993574c6987355ff28e65a040"},"headline":"Power to the Children","datePublished":"2019-11-01T11:53:51+00:00","dateModified":"2020-03-17T10:24:08+00:00","mainEntityOfPage":{"@id":"https:\/\/www.ebg.de\/power-to-the-children\/"},"wordCount":245,"image":{"@id":"https:\/\/www.ebg.de\/power-to-the-children\/#primaryimage"},"thumbnailUrl":"https:\/\/www.ebg.de\/wp-content\/uploads\/2020\/03\/Filmprojekt.jpg","articleSection":["News - Halberstadt Schulen"],"inLanguage":"en-US"},{"@type":"WebPage","@id":"https:\/\/www.ebg.de\/power-to-the-children\/","url":"https:\/\/www.ebg.de\/power-to-the-children\/","name":"Power to the Children - Europ\u00e4isches Bildungswerk f\u00fcr Beruf und Gesellschaft","isPartOf":{"@id":"https:\/\/www.ebg.de\/#website"},"primaryImageOfPage":{"@id":"https:\/\/www.ebg.de\/power-to-the-children\/#primaryimage"},"image":{"@id":"https:\/\/www.ebg.de\/power-to-the-children\/#primaryimage"},"thumbnailUrl":"https:\/\/www.ebg.de\/wp-content\/uploads\/2020\/03\/Filmprojekt.jpg","datePublished":"2019-11-01T11:53:51+00:00","dateModified":"2020-03-17T10:24:08+00:00","author":{"@id":"https:\/\/www.ebg.de\/#\/schema\/person\/683a730993574c6987355ff28e65a040"},"breadcrumb":{"@id":"https:\/\/www.ebg.de\/power-to-the-children\/#breadcrumb"},"inLanguage":"en-US","potentialAction":[{"@type":"ReadAction","target":["https:\/\/www.ebg.de\/power-to-the-children\/"]}]},{"@type":"ImageObject","inLanguage":"en-US","@id":"https:\/\/www.ebg.de\/power-to-the-children\/#primaryimage","url":"https:\/\/www.ebg.de\/wp-content\/uploads\/2020\/03\/Filmprojekt.jpg","contentUrl":"https:\/\/www.ebg.de\/wp-content\/uploads\/2020\/03\/Filmprojekt.jpg","width":900,"height":453},{"@type":"BreadcrumbList","@id":"https:\/\/www.ebg.de\/power-to-the-children\/#breadcrumb","itemListElement":[{"@type":"ListItem","position":1,"name":"Startseite","item":"https:\/\/www.ebg.de\/"},{"@type":"ListItem","position":2,"name":"Power to the Children"}]},{"@type":"WebSite","@id":"https:\/\/www.ebg.de\/#website","url":"https:\/\/www.ebg.de\/","name":"Europ\u00e4isches Bildungswerk f\u00fcr Beruf und Gesellschaft","description":"Bildung, Ausbildung und Weiterbildung","potentialAction":[{"@type":"SearchAction","target":{"@type":"EntryPoint","urlTemplate":"https:\/\/www.ebg.de\/?s={search_term_string}"},"query-input":{"@type":"PropertyValueSpecification","valueRequired":true,"valueName":"search_term_string"}}],"inLanguage":"en-US"},{"@type":"Person","@id":"https:\/\/www.ebg.de\/#\/schema\/person\/683a730993574c6987355ff28e65a040","name":"Nicole Jebauer","image":{"@type":"ImageObject","inLanguage":"en-US","@id":"https:\/\/www.ebg.de\/#\/schema\/person\/image\/","url":"https:\/\/secure.gravatar.com\/avatar\/e704d4f6221214865a929f4155d799645f194b6db7c64fbd461aa448c0d57b61?s=96&d=mm&r=g","contentUrl":"https:\/\/secure.gravatar.com\/avatar\/e704d4f6221214865a929f4155d799645f194b6db7c64fbd461aa448c0d57b61?s=96&d=mm&r=g","caption":"Nicole Jebauer"},"url":"https:\/\/www.ebg.de\/en\/author\/fshalberstadt\/"}]}},"_links":{"self":[{"href":"https:\/\/www.ebg.de\/en\/wp-json\/wp\/v2\/posts\/5079","targetHints":{"allow":["GET"]}}],"collection":[{"href":"https:\/\/www.ebg.de\/en\/wp-json\/wp\/v2\/posts"}],"about":[{"href":"https:\/\/www.ebg.de\/en\/wp-json\/wp\/v2\/types\/post"}],"author":[{"embeddable":true,"href":"https:\/\/www.ebg.de\/en\/wp-json\/wp\/v2\/users\/19"}],"replies":[{"embeddable":true,"href":"https:\/\/www.ebg.de\/en\/wp-json\/wp\/v2\/comments?post=5079"}],"version-history":[{"count":4,"href":"https:\/\/www.ebg.de\/en\/wp-json\/wp\/v2\/posts\/5079\/revisions"}],"predecessor-version":[{"id":5933,"href":"https:\/\/www.ebg.de\/en\/wp-json\/wp\/v2\/posts\/5079\/revisions\/5933"}],"wp:featuredmedia":[{"embeddable":true,"href":"https:\/\/www.ebg.de\/en\/wp-json\/wp\/v2\/media\/5925"}],"wp:attachment":[{"href":"https:\/\/www.ebg.de\/en\/wp-json\/wp\/v2\/media?parent=5079"}],"wp:term":[{"taxonomy":"category","embeddable":true,"href":"https:\/\/www.ebg.de\/en\/wp-json\/wp\/v2\/categories?post=5079"},{"taxonomy":"post_tag","embeddable":true,"href":"https:\/\/www.ebg.de\/en\/wp-json\/wp\/v2\/tags?post=5079"}],"curies":[{"name":"wp","href":"https:\/\/api.w.org\/{rel}","templated":true}]}}