{"id":5074,"date":"2019-11-01T11:35:03","date_gmt":"2019-11-01T10:35:03","guid":{"rendered":"https:\/\/www.ebg.de\/?p=5074"},"modified":"2020-03-17T11:23:07","modified_gmt":"2020-03-17T10:23:07","slug":"fluchtpunkte-aus-in-und-nach-deutschland","status":"publish","type":"post","link":"https:\/\/www.ebg.de\/en\/fluchtpunkte-aus-in-und-nach-deutschland\/","title":{"rendered":"Fluchtpunkte aus, in und nach Deutschland"},"content":{"rendered":"\n<p>(&#8230;) Zu diesem Thema werden im ganzen Schuljahr Projekte angeboten.  Am 18.10.19 erlebten unsere Sch\u00fcler einen Vortrag, &#8220;Multivision&#8221; von der Bundesstiftung f\u00fcr Aufarbeitung &#8211; junge Menschen f\u00fcr soziale Demokratie&#8221; Zu diesem Tag waren der Oberb\u00fcrgermeister Herr Andreas Henke, Frau Winnie Kutzner (Jugendmigrationsdienst Wernigerode), Herr Samir Sido (Modellprojekt JMD) und Mario R\u00f6llig (Zeitzeuge Gedenkst\u00e4tte Berlin- Hohensch\u00f6nhausen)  geladen. Unsere Moderatoren Patric Dujardin und Jannes Umlauf f\u00fchrten durch die Veranstaltung.  Unsere Sch\u00fcler bereiteten 2 Pr\u00e4sentationen vor und besch\u00e4ftigten sich intensiv mit dem Artikel 16 a des Grundgesetzes und der Umsetzung von Asylverfahren in Halberstadt. Herr R\u00f6llig beeindruckte mit seiner Fluchtgeschichte aus der ehemaligen DDR.  Flucht ist immer wieder ein trauriges Ereignis in unserer Geschichte, viele unserer Sch\u00fcler  erz\u00e4hlten von Angeh\u00f6rigen, die Fluchterfahrungen haben und sprachen von Ausgrenzung und Mobbing. Der Blick auf den Begriff &#8220;Fl\u00fcchtling&#8221; wurde ein emotionaler. Zur aktuellen Situation gingen Sch\u00fcler und G\u00e4ste in eine Diskussionsrunde. Die angehenden Erzieher sprachen Missst\u00e4nde in Bezug auf Intergrationsm\u00f6glichkeiten an und  richteten einen Appell an die Politik. Aber auch die eigene Verantwortung wurde hinterfragt, was kann der Erzieher tun, um Integration zu f\u00f6rdern. Der wichtigste Schritt ist ein offenes, urteilsfreies Herz zu behalten, um jeden Menschen mit dem n\u00f6tigen Respekt begegnen zu k\u00f6nnen. Wir danken unseren G\u00e4sten f\u00fcr diesen wertvollen Tag.<\/p>\n\n\n\n<figure class=\"wp-block-image\"><img loading=\"lazy\" decoding=\"async\" width=\"640\" height=\"640\" src=\"https:\/\/www.ebg.de\/wp-content\/uploads\/2019\/11\/pixlr_20191101104324037.jpg\" alt=\"\" class=\"wp-image-5076\" srcset=\"https:\/\/www.ebg.de\/wp-content\/uploads\/2019\/11\/pixlr_20191101104324037.jpg 640w, https:\/\/www.ebg.de\/wp-content\/uploads\/2019\/11\/pixlr_20191101104324037-150x150.jpg 150w, https:\/\/www.ebg.de\/wp-content\/uploads\/2019\/11\/pixlr_20191101104324037-300x300.jpg 300w, https:\/\/www.ebg.de\/wp-content\/uploads\/2019\/11\/pixlr_20191101104324037-400x400.jpg 400w\" sizes=\"auto, (max-width: 640px) 100vw, 640px\" \/><\/figure>\n\n\n\n<p><\/p>\n\n\n\n<p><\/p>\n\n\n\n<p><\/p>\n","protected":false},"excerpt":{"rendered":"<p>&#8220;Demokratie &#8211; gemeinsam-miteinander-f\u00fcreinander&#8221; so lautet unser diesj\u00e4hriges Schulmotto. (&#8230;)<\/p>\n","protected":false},"author":19,"featured_media":5927,"comment_status":"closed","ping_status":"closed","sticky":false,"template":"","format":"standard","meta":{"_acf_changed":false,"footnotes":""},"categories":[28],"tags":[],"class_list":["post-5074","post","type-post","status-publish","format-standard","has-post-thumbnail","hentry","category-news-halberstadt-schulen"],"acf":[],"yoast_head":"<!-- This site is optimized with the Yoast SEO plugin v26.9 - https:\/\/yoast.com\/product\/yoast-seo-wordpress\/ -->\n<title>Fluchtpunkte aus, in und nach Deutschland - Europ\u00e4isches Bildungswerk f\u00fcr Beruf und Gesellschaft<\/title>\n<meta name=\"robots\" content=\"index, follow, max-snippet:-1, max-image-preview:large, max-video-preview:-1\" \/>\n<link rel=\"canonical\" href=\"https:\/\/www.ebg.de\/fluchtpunkte-aus-in-und-nach-deutschland\/\" \/>\n<meta property=\"og:locale\" content=\"en_US\" \/>\n<meta property=\"og:type\" content=\"article\" \/>\n<meta property=\"og:title\" content=\"Fluchtpunkte aus, in und nach Deutschland - Europ\u00e4isches Bildungswerk f\u00fcr Beruf und Gesellschaft\" \/>\n<meta property=\"og:description\" content=\"&quot;Demokratie - gemeinsam-miteinander-f\u00fcreinander&quot; so lautet unser diesj\u00e4hriges Schulmotto. (...)\" \/>\n<meta property=\"og:url\" content=\"https:\/\/www.ebg.de\/fluchtpunkte-aus-in-und-nach-deutschland\/\" \/>\n<meta property=\"og:site_name\" content=\"Europ\u00e4isches Bildungswerk f\u00fcr Beruf und Gesellschaft\" \/>\n<meta property=\"article:published_time\" content=\"2019-11-01T10:35:03+00:00\" \/>\n<meta property=\"article:modified_time\" content=\"2020-03-17T10:23:07+00:00\" \/>\n<meta property=\"og:image\" content=\"https:\/\/www.ebg.de\/wp-content\/uploads\/2020\/03\/Fluchtpunkte-.jpg\" \/>\n\t<meta property=\"og:image:width\" content=\"900\" \/>\n\t<meta property=\"og:image:height\" content=\"453\" \/>\n\t<meta property=\"og:image:type\" content=\"image\/jpeg\" \/>\n<meta name=\"author\" content=\"Nicole Jebauer\" \/>\n<meta name=\"twitter:card\" content=\"summary_large_image\" \/>\n<meta name=\"twitter:label1\" content=\"Written by\" \/>\n\t<meta name=\"twitter:data1\" content=\"Nicole Jebauer\" \/>\n\t<meta name=\"twitter:label2\" content=\"Est. reading time\" \/>\n\t<meta name=\"twitter:data2\" content=\"1 minute\" \/>\n<!-- \/ Yoast SEO plugin. -->","yoast_head_json":{"title":"Fluchtpunkte aus, in und nach Deutschland - Europ\u00e4isches Bildungswerk f\u00fcr Beruf und Gesellschaft","robots":{"index":"index","follow":"follow","max-snippet":"max-snippet:-1","max-image-preview":"max-image-preview:large","max-video-preview":"max-video-preview:-1"},"canonical":"https:\/\/www.ebg.de\/fluchtpunkte-aus-in-und-nach-deutschland\/","og_locale":"en_US","og_type":"article","og_title":"Fluchtpunkte aus, in und nach Deutschland - Europ\u00e4isches Bildungswerk f\u00fcr Beruf und Gesellschaft","og_description":"\"Demokratie - gemeinsam-miteinander-f\u00fcreinander\" so lautet unser diesj\u00e4hriges Schulmotto. (...)","og_url":"https:\/\/www.ebg.de\/fluchtpunkte-aus-in-und-nach-deutschland\/","og_site_name":"Europ\u00e4isches Bildungswerk f\u00fcr Beruf und Gesellschaft","article_published_time":"2019-11-01T10:35:03+00:00","article_modified_time":"2020-03-17T10:23:07+00:00","og_image":[{"width":900,"height":453,"url":"https:\/\/www.ebg.de\/wp-content\/uploads\/2020\/03\/Fluchtpunkte-.jpg","type":"image\/jpeg"}],"author":"Nicole Jebauer","twitter_card":"summary_large_image","twitter_misc":{"Written by":"Nicole Jebauer","Est. reading time":"1 minute"},"schema":{"@context":"https:\/\/schema.org","@graph":[{"@type":"Article","@id":"https:\/\/www.ebg.de\/fluchtpunkte-aus-in-und-nach-deutschland\/#article","isPartOf":{"@id":"https:\/\/www.ebg.de\/fluchtpunkte-aus-in-und-nach-deutschland\/"},"author":{"name":"Nicole Jebauer","@id":"https:\/\/www.ebg.de\/#\/schema\/person\/683a730993574c6987355ff28e65a040"},"headline":"Fluchtpunkte aus, in und nach Deutschland","datePublished":"2019-11-01T10:35:03+00:00","dateModified":"2020-03-17T10:23:07+00:00","mainEntityOfPage":{"@id":"https:\/\/www.ebg.de\/fluchtpunkte-aus-in-und-nach-deutschland\/"},"wordCount":233,"image":{"@id":"https:\/\/www.ebg.de\/fluchtpunkte-aus-in-und-nach-deutschland\/#primaryimage"},"thumbnailUrl":"https:\/\/www.ebg.de\/wp-content\/uploads\/2020\/03\/Fluchtpunkte-.jpg","articleSection":["News - Halberstadt Schulen"],"inLanguage":"en-US"},{"@type":"WebPage","@id":"https:\/\/www.ebg.de\/fluchtpunkte-aus-in-und-nach-deutschland\/","url":"https:\/\/www.ebg.de\/fluchtpunkte-aus-in-und-nach-deutschland\/","name":"Fluchtpunkte aus, in und nach Deutschland - Europ\u00e4isches Bildungswerk f\u00fcr Beruf und Gesellschaft","isPartOf":{"@id":"https:\/\/www.ebg.de\/#website"},"primaryImageOfPage":{"@id":"https:\/\/www.ebg.de\/fluchtpunkte-aus-in-und-nach-deutschland\/#primaryimage"},"image":{"@id":"https:\/\/www.ebg.de\/fluchtpunkte-aus-in-und-nach-deutschland\/#primaryimage"},"thumbnailUrl":"https:\/\/www.ebg.de\/wp-content\/uploads\/2020\/03\/Fluchtpunkte-.jpg","datePublished":"2019-11-01T10:35:03+00:00","dateModified":"2020-03-17T10:23:07+00:00","author":{"@id":"https:\/\/www.ebg.de\/#\/schema\/person\/683a730993574c6987355ff28e65a040"},"breadcrumb":{"@id":"https:\/\/www.ebg.de\/fluchtpunkte-aus-in-und-nach-deutschland\/#breadcrumb"},"inLanguage":"en-US","potentialAction":[{"@type":"ReadAction","target":["https:\/\/www.ebg.de\/fluchtpunkte-aus-in-und-nach-deutschland\/"]}]},{"@type":"ImageObject","inLanguage":"en-US","@id":"https:\/\/www.ebg.de\/fluchtpunkte-aus-in-und-nach-deutschland\/#primaryimage","url":"https:\/\/www.ebg.de\/wp-content\/uploads\/2020\/03\/Fluchtpunkte-.jpg","contentUrl":"https:\/\/www.ebg.de\/wp-content\/uploads\/2020\/03\/Fluchtpunkte-.jpg","width":900,"height":453},{"@type":"BreadcrumbList","@id":"https:\/\/www.ebg.de\/fluchtpunkte-aus-in-und-nach-deutschland\/#breadcrumb","itemListElement":[{"@type":"ListItem","position":1,"name":"Startseite","item":"https:\/\/www.ebg.de\/"},{"@type":"ListItem","position":2,"name":"Fluchtpunkte aus, in und nach Deutschland"}]},{"@type":"WebSite","@id":"https:\/\/www.ebg.de\/#website","url":"https:\/\/www.ebg.de\/","name":"Europ\u00e4isches Bildungswerk f\u00fcr Beruf und Gesellschaft","description":"Bildung, Ausbildung und Weiterbildung","potentialAction":[{"@type":"SearchAction","target":{"@type":"EntryPoint","urlTemplate":"https:\/\/www.ebg.de\/?s={search_term_string}"},"query-input":{"@type":"PropertyValueSpecification","valueRequired":true,"valueName":"search_term_string"}}],"inLanguage":"en-US"},{"@type":"Person","@id":"https:\/\/www.ebg.de\/#\/schema\/person\/683a730993574c6987355ff28e65a040","name":"Nicole Jebauer","image":{"@type":"ImageObject","inLanguage":"en-US","@id":"https:\/\/www.ebg.de\/#\/schema\/person\/image\/","url":"https:\/\/secure.gravatar.com\/avatar\/e704d4f6221214865a929f4155d799645f194b6db7c64fbd461aa448c0d57b61?s=96&d=mm&r=g","contentUrl":"https:\/\/secure.gravatar.com\/avatar\/e704d4f6221214865a929f4155d799645f194b6db7c64fbd461aa448c0d57b61?s=96&d=mm&r=g","caption":"Nicole Jebauer"},"url":"https:\/\/www.ebg.de\/en\/author\/fshalberstadt\/"}]}},"_links":{"self":[{"href":"https:\/\/www.ebg.de\/en\/wp-json\/wp\/v2\/posts\/5074","targetHints":{"allow":["GET"]}}],"collection":[{"href":"https:\/\/www.ebg.de\/en\/wp-json\/wp\/v2\/posts"}],"about":[{"href":"https:\/\/www.ebg.de\/en\/wp-json\/wp\/v2\/types\/post"}],"author":[{"embeddable":true,"href":"https:\/\/www.ebg.de\/en\/wp-json\/wp\/v2\/users\/19"}],"replies":[{"embeddable":true,"href":"https:\/\/www.ebg.de\/en\/wp-json\/wp\/v2\/comments?post=5074"}],"version-history":[{"count":4,"href":"https:\/\/www.ebg.de\/en\/wp-json\/wp\/v2\/posts\/5074\/revisions"}],"predecessor-version":[{"id":5932,"href":"https:\/\/www.ebg.de\/en\/wp-json\/wp\/v2\/posts\/5074\/revisions\/5932"}],"wp:featuredmedia":[{"embeddable":true,"href":"https:\/\/www.ebg.de\/en\/wp-json\/wp\/v2\/media\/5927"}],"wp:attachment":[{"href":"https:\/\/www.ebg.de\/en\/wp-json\/wp\/v2\/media?parent=5074"}],"wp:term":[{"taxonomy":"category","embeddable":true,"href":"https:\/\/www.ebg.de\/en\/wp-json\/wp\/v2\/categories?post=5074"},{"taxonomy":"post_tag","embeddable":true,"href":"https:\/\/www.ebg.de\/en\/wp-json\/wp\/v2\/tags?post=5074"}],"curies":[{"name":"wp","href":"https:\/\/api.w.org\/{rel}","templated":true}]}}