{"id":5066,"date":"2019-11-01T10:57:24","date_gmt":"2019-11-01T09:57:24","guid":{"rendered":"https:\/\/www.ebg.de\/?p=5066"},"modified":"2020-03-17T11:20:19","modified_gmt":"2020-03-17T10:20:19","slug":"besuch-gedenkstaette-langenstein-zwieberge","status":"publish","type":"post","link":"https:\/\/www.ebg.de\/en\/besuch-gedenkstaette-langenstein-zwieberge\/","title":{"rendered":"Besuch Gedenkst\u00e4tte Langenstein- Zwieberge"},"content":{"rendered":"\n<p><\/p>\n\n\n\n<p><\/p>\n\n\n\n<p><\/p>\n\n\n\n<p>(&#8230;) Wer den Demokratiebegriff  sch\u00e4tzen lernen m\u00f6chte, muss die Gef\u00e4hrlichkeit einer Diktatur erkennen. Hier hinter den Bergen, abgeschottet vom normalen Alltag der B\u00fcrger, spielten sich unmenschliche Szenarien ab. Der Mensch &#8211; als Arbeitskraft zum Tode verurteilt- , errichtete unter widrigsten Umst\u00e4nden einen Stollen.  Die Sch\u00fcler wurden mit grausamen Fakten konfrontiert und konnten nach einem 3km langen Fu\u00dfmarsch zum eiskalten und feuchten Stollen, den Unmenschlichkeiten nachempfinden. Danach wurde das \u00fcbrige Gel\u00e4nde per Geocaching erkundet. Die angehenden Erzieher erhielten so Einblick in eine wirksame p\u00e4dagogische Methode, Teenager und Jugendliche an geschichtliche Themen heranzuf\u00fchren, die in ihrer Dramatik kaum zu begreifen sind. Der Projekttag wurde in Form einer Pr\u00e4sentation ausgewertet und anderen Sch\u00fclern vorgestellt.<\/p>\n\n\n\n<figure class=\"wp-block-image\"><img loading=\"lazy\" decoding=\"async\" width=\"640\" height=\"640\" src=\"https:\/\/www.ebg.de\/wp-content\/uploads\/2019\/11\/pixlr_20191101104201847.jpg\" alt=\"\" class=\"wp-image-5070\" srcset=\"https:\/\/www.ebg.de\/wp-content\/uploads\/2019\/11\/pixlr_20191101104201847.jpg 640w, https:\/\/www.ebg.de\/wp-content\/uploads\/2019\/11\/pixlr_20191101104201847-150x150.jpg 150w, https:\/\/www.ebg.de\/wp-content\/uploads\/2019\/11\/pixlr_20191101104201847-300x300.jpg 300w, https:\/\/www.ebg.de\/wp-content\/uploads\/2019\/11\/pixlr_20191101104201847-400x400.jpg 400w\" sizes=\"auto, (max-width: 640px) 100vw, 640px\" \/><\/figure>\n\n\n\n<p><\/p>\n","protected":false},"excerpt":{"rendered":"<p>Am 15.10.19 besuchten 2 Klassen der berufsbegleitenden Ausbildung die Gedenkst\u00e4tte Langenstein- Zwieberge. (&#8230;)<\/p>\n","protected":false},"author":19,"featured_media":5929,"comment_status":"closed","ping_status":"closed","sticky":false,"template":"","format":"standard","meta":{"_acf_changed":false,"footnotes":""},"categories":[28],"tags":[],"class_list":["post-5066","post","type-post","status-publish","format-standard","has-post-thumbnail","hentry","category-news-halberstadt-schulen"],"acf":[],"yoast_head":"<!-- This site is optimized with the Yoast SEO plugin v26.9 - https:\/\/yoast.com\/product\/yoast-seo-wordpress\/ -->\n<title>Besuch Gedenkst\u00e4tte Langenstein- Zwieberge - Europ\u00e4isches Bildungswerk f\u00fcr Beruf und Gesellschaft<\/title>\n<meta name=\"robots\" content=\"index, follow, max-snippet:-1, max-image-preview:large, max-video-preview:-1\" \/>\n<link rel=\"canonical\" href=\"https:\/\/www.ebg.de\/besuch-gedenkstaette-langenstein-zwieberge\/\" \/>\n<meta property=\"og:locale\" content=\"en_US\" \/>\n<meta property=\"og:type\" content=\"article\" \/>\n<meta property=\"og:title\" content=\"Besuch Gedenkst\u00e4tte Langenstein- Zwieberge - Europ\u00e4isches Bildungswerk f\u00fcr Beruf und Gesellschaft\" \/>\n<meta property=\"og:description\" content=\"Am 15.10.19 besuchten 2 Klassen der berufsbegleitenden Ausbildung die Gedenkst\u00e4tte Langenstein- Zwieberge. (...)\" \/>\n<meta property=\"og:url\" content=\"https:\/\/www.ebg.de\/besuch-gedenkstaette-langenstein-zwieberge\/\" \/>\n<meta property=\"og:site_name\" content=\"Europ\u00e4isches Bildungswerk f\u00fcr Beruf und Gesellschaft\" \/>\n<meta property=\"article:published_time\" content=\"2019-11-01T09:57:24+00:00\" \/>\n<meta property=\"article:modified_time\" content=\"2020-03-17T10:20:19+00:00\" \/>\n<meta property=\"og:image\" content=\"https:\/\/www.ebg.de\/wp-content\/uploads\/2020\/03\/KZ-Langenstein.jpg\" \/>\n\t<meta property=\"og:image:width\" content=\"900\" \/>\n\t<meta property=\"og:image:height\" content=\"453\" \/>\n\t<meta property=\"og:image:type\" content=\"image\/jpeg\" \/>\n<meta name=\"author\" content=\"Nicole Jebauer\" \/>\n<meta name=\"twitter:card\" content=\"summary_large_image\" \/>\n<meta name=\"twitter:label1\" content=\"Written by\" \/>\n\t<meta name=\"twitter:data1\" content=\"Nicole Jebauer\" \/>\n\t<meta name=\"twitter:label2\" content=\"Est. reading time\" \/>\n\t<meta name=\"twitter:data2\" content=\"1 minute\" \/>\n<!-- \/ Yoast SEO plugin. -->","yoast_head_json":{"title":"Besuch Gedenkst\u00e4tte Langenstein- Zwieberge - Europ\u00e4isches Bildungswerk f\u00fcr Beruf und Gesellschaft","robots":{"index":"index","follow":"follow","max-snippet":"max-snippet:-1","max-image-preview":"max-image-preview:large","max-video-preview":"max-video-preview:-1"},"canonical":"https:\/\/www.ebg.de\/besuch-gedenkstaette-langenstein-zwieberge\/","og_locale":"en_US","og_type":"article","og_title":"Besuch Gedenkst\u00e4tte Langenstein- Zwieberge - Europ\u00e4isches Bildungswerk f\u00fcr Beruf und Gesellschaft","og_description":"Am 15.10.19 besuchten 2 Klassen der berufsbegleitenden Ausbildung die Gedenkst\u00e4tte Langenstein- Zwieberge. (...)","og_url":"https:\/\/www.ebg.de\/besuch-gedenkstaette-langenstein-zwieberge\/","og_site_name":"Europ\u00e4isches Bildungswerk f\u00fcr Beruf und Gesellschaft","article_published_time":"2019-11-01T09:57:24+00:00","article_modified_time":"2020-03-17T10:20:19+00:00","og_image":[{"width":900,"height":453,"url":"https:\/\/www.ebg.de\/wp-content\/uploads\/2020\/03\/KZ-Langenstein.jpg","type":"image\/jpeg"}],"author":"Nicole Jebauer","twitter_card":"summary_large_image","twitter_misc":{"Written by":"Nicole Jebauer","Est. reading time":"1 minute"},"schema":{"@context":"https:\/\/schema.org","@graph":[{"@type":"Article","@id":"https:\/\/www.ebg.de\/besuch-gedenkstaette-langenstein-zwieberge\/#article","isPartOf":{"@id":"https:\/\/www.ebg.de\/besuch-gedenkstaette-langenstein-zwieberge\/"},"author":{"name":"Nicole Jebauer","@id":"https:\/\/www.ebg.de\/#\/schema\/person\/683a730993574c6987355ff28e65a040"},"headline":"Besuch Gedenkst\u00e4tte Langenstein- Zwieberge","datePublished":"2019-11-01T09:57:24+00:00","dateModified":"2020-03-17T10:20:19+00:00","mainEntityOfPage":{"@id":"https:\/\/www.ebg.de\/besuch-gedenkstaette-langenstein-zwieberge\/"},"wordCount":126,"image":{"@id":"https:\/\/www.ebg.de\/besuch-gedenkstaette-langenstein-zwieberge\/#primaryimage"},"thumbnailUrl":"https:\/\/www.ebg.de\/wp-content\/uploads\/2020\/03\/KZ-Langenstein.jpg","articleSection":["News - Halberstadt Schulen"],"inLanguage":"en-US"},{"@type":"WebPage","@id":"https:\/\/www.ebg.de\/besuch-gedenkstaette-langenstein-zwieberge\/","url":"https:\/\/www.ebg.de\/besuch-gedenkstaette-langenstein-zwieberge\/","name":"Besuch Gedenkst\u00e4tte Langenstein- Zwieberge - Europ\u00e4isches Bildungswerk f\u00fcr Beruf und Gesellschaft","isPartOf":{"@id":"https:\/\/www.ebg.de\/#website"},"primaryImageOfPage":{"@id":"https:\/\/www.ebg.de\/besuch-gedenkstaette-langenstein-zwieberge\/#primaryimage"},"image":{"@id":"https:\/\/www.ebg.de\/besuch-gedenkstaette-langenstein-zwieberge\/#primaryimage"},"thumbnailUrl":"https:\/\/www.ebg.de\/wp-content\/uploads\/2020\/03\/KZ-Langenstein.jpg","datePublished":"2019-11-01T09:57:24+00:00","dateModified":"2020-03-17T10:20:19+00:00","author":{"@id":"https:\/\/www.ebg.de\/#\/schema\/person\/683a730993574c6987355ff28e65a040"},"breadcrumb":{"@id":"https:\/\/www.ebg.de\/besuch-gedenkstaette-langenstein-zwieberge\/#breadcrumb"},"inLanguage":"en-US","potentialAction":[{"@type":"ReadAction","target":["https:\/\/www.ebg.de\/besuch-gedenkstaette-langenstein-zwieberge\/"]}]},{"@type":"ImageObject","inLanguage":"en-US","@id":"https:\/\/www.ebg.de\/besuch-gedenkstaette-langenstein-zwieberge\/#primaryimage","url":"https:\/\/www.ebg.de\/wp-content\/uploads\/2020\/03\/KZ-Langenstein.jpg","contentUrl":"https:\/\/www.ebg.de\/wp-content\/uploads\/2020\/03\/KZ-Langenstein.jpg","width":900,"height":453},{"@type":"BreadcrumbList","@id":"https:\/\/www.ebg.de\/besuch-gedenkstaette-langenstein-zwieberge\/#breadcrumb","itemListElement":[{"@type":"ListItem","position":1,"name":"Startseite","item":"https:\/\/www.ebg.de\/"},{"@type":"ListItem","position":2,"name":"Besuch Gedenkst\u00e4tte Langenstein- Zwieberge"}]},{"@type":"WebSite","@id":"https:\/\/www.ebg.de\/#website","url":"https:\/\/www.ebg.de\/","name":"Europ\u00e4isches Bildungswerk f\u00fcr Beruf und Gesellschaft","description":"Bildung, Ausbildung und Weiterbildung","potentialAction":[{"@type":"SearchAction","target":{"@type":"EntryPoint","urlTemplate":"https:\/\/www.ebg.de\/?s={search_term_string}"},"query-input":{"@type":"PropertyValueSpecification","valueRequired":true,"valueName":"search_term_string"}}],"inLanguage":"en-US"},{"@type":"Person","@id":"https:\/\/www.ebg.de\/#\/schema\/person\/683a730993574c6987355ff28e65a040","name":"Nicole Jebauer","image":{"@type":"ImageObject","inLanguage":"en-US","@id":"https:\/\/www.ebg.de\/#\/schema\/person\/image\/","url":"https:\/\/secure.gravatar.com\/avatar\/e704d4f6221214865a929f4155d799645f194b6db7c64fbd461aa448c0d57b61?s=96&d=mm&r=g","contentUrl":"https:\/\/secure.gravatar.com\/avatar\/e704d4f6221214865a929f4155d799645f194b6db7c64fbd461aa448c0d57b61?s=96&d=mm&r=g","caption":"Nicole Jebauer"},"url":"https:\/\/www.ebg.de\/en\/author\/fshalberstadt\/"}]}},"_links":{"self":[{"href":"https:\/\/www.ebg.de\/en\/wp-json\/wp\/v2\/posts\/5066","targetHints":{"allow":["GET"]}}],"collection":[{"href":"https:\/\/www.ebg.de\/en\/wp-json\/wp\/v2\/posts"}],"about":[{"href":"https:\/\/www.ebg.de\/en\/wp-json\/wp\/v2\/types\/post"}],"author":[{"embeddable":true,"href":"https:\/\/www.ebg.de\/en\/wp-json\/wp\/v2\/users\/19"}],"replies":[{"embeddable":true,"href":"https:\/\/www.ebg.de\/en\/wp-json\/wp\/v2\/comments?post=5066"}],"version-history":[{"count":4,"href":"https:\/\/www.ebg.de\/en\/wp-json\/wp\/v2\/posts\/5066\/revisions"}],"predecessor-version":[{"id":5172,"href":"https:\/\/www.ebg.de\/en\/wp-json\/wp\/v2\/posts\/5066\/revisions\/5172"}],"wp:featuredmedia":[{"embeddable":true,"href":"https:\/\/www.ebg.de\/en\/wp-json\/wp\/v2\/media\/5929"}],"wp:attachment":[{"href":"https:\/\/www.ebg.de\/en\/wp-json\/wp\/v2\/media?parent=5066"}],"wp:term":[{"taxonomy":"category","embeddable":true,"href":"https:\/\/www.ebg.de\/en\/wp-json\/wp\/v2\/categories?post=5066"},{"taxonomy":"post_tag","embeddable":true,"href":"https:\/\/www.ebg.de\/en\/wp-json\/wp\/v2\/tags?post=5066"}],"curies":[{"name":"wp","href":"https:\/\/api.w.org\/{rel}","templated":true}]}}