{"id":5033,"date":"2019-10-22T12:01:11","date_gmt":"2019-10-22T10:01:11","guid":{"rendered":"https:\/\/www.ebg.de\/?p=5033"},"modified":"2019-10-22T12:01:14","modified_gmt":"2019-10-22T10:01:14","slug":"erasmus-projekt-des-europaeischen-bildungswerkes","status":"publish","type":"post","link":"https:\/\/www.ebg.de\/en\/erasmus-projekt-des-europaeischen-bildungswerkes\/","title":{"rendered":"Erasmus+ Projekt des Europ\u00e4ischen Bildungswerkes"},"content":{"rendered":"\n<p>Das Kickoff-Treffen des Erasmus+\nProjektes des Europ\u00e4ischen Bildungswerkes f\u00fcr Beruf und Gesellschaft, das&nbsp; gemeinsam mit europ\u00e4ischen Partnern aus\nSchweden, Bulgarien und Slowakei zum Thema <em>Ressourcen-\nund l\u00f6sungsorientierte Beratungsstrategie<\/em> durchgef\u00fchrt wird<em>, <\/em>&nbsp;fand 7- 8 Oktober 2019 &nbsp;in Magdeburg statt. <\/p>\n\n\n\n<p>Mit diesem Projekt (<a href=\"http:\/\/www.biologdesigner.eu\/\">http:\/\/www.biologdesigner.eu\/<\/a> ), das\nzwei Jahre dauern wird, werden sich Vertreter der Bildungstr\u00e4ger, Kommunen, Firmen,\nTr\u00e4ger der Regelleistungen gegenseitig austauschen und L\u00f6sungsvorschl\u00e4ge\nausarbeiten, wie berufliche Weiterbildung und Beratung die individuelle\nKompetenz und Pers\u00f6nlichkeitsentwicklung f\u00f6rdern, Erwerbsf\u00e4higkeit steigern\nbzw. erhalten und die regionale Entwicklung unterst\u00fctzen kann. <\/p>\n\n\n\n<p>Zielgruppen des Projektes sind: Arbeitslose,\nArbeitssuchende, Geringqualifizierte, Besch\u00e4ftigte, Unternehmen, Bildungs- und\nBeratungseinrichtungen.<\/p>\n","protected":false},"excerpt":{"rendered":"<p>Das Kickoff-Treffen des Erasmus+ <\/p>\n","protected":false},"author":22,"featured_media":5034,"comment_status":"closed","ping_status":"closed","sticky":false,"template":"","format":"standard","meta":{"_acf_changed":false,"footnotes":""},"categories":[22],"tags":[142,78,141,107],"class_list":["post-5033","post","type-post","status-publish","format-standard","has-post-thumbnail","hentry","category-news-gf","tag-142","tag-ebg","tag-erasmus","tag-europaeisches-bildungswerk"],"acf":[],"yoast_head":"<!-- This site is optimized with the Yoast SEO plugin v26.9 - https:\/\/yoast.com\/product\/yoast-seo-wordpress\/ -->\n<title>Erasmus+ Projekt des Europ\u00e4ischen Bildungswerkes - Europ\u00e4isches Bildungswerk f\u00fcr Beruf und Gesellschaft<\/title>\n<meta name=\"robots\" content=\"index, follow, max-snippet:-1, max-image-preview:large, max-video-preview:-1\" \/>\n<link rel=\"canonical\" href=\"https:\/\/www.ebg.de\/erasmus-projekt-des-europaeischen-bildungswerkes\/\" \/>\n<meta property=\"og:locale\" content=\"en_US\" \/>\n<meta property=\"og:type\" content=\"article\" \/>\n<meta property=\"og:title\" content=\"Erasmus+ Projekt des Europ\u00e4ischen Bildungswerkes - Europ\u00e4isches Bildungswerk f\u00fcr Beruf und Gesellschaft\" \/>\n<meta property=\"og:description\" content=\"Das Kickoff-Treffen des Erasmus+\" \/>\n<meta property=\"og:url\" content=\"https:\/\/www.ebg.de\/erasmus-projekt-des-europaeischen-bildungswerkes\/\" \/>\n<meta property=\"og:site_name\" content=\"Europ\u00e4isches Bildungswerk f\u00fcr Beruf und Gesellschaft\" \/>\n<meta property=\"article:published_time\" content=\"2019-10-22T10:01:11+00:00\" \/>\n<meta property=\"article:modified_time\" content=\"2019-10-22T10:01:14+00:00\" \/>\n<meta property=\"og:image\" content=\"https:\/\/www.ebg.de\/wp-content\/uploads\/2019\/10\/kickoff.jpg\" \/>\n\t<meta property=\"og:image:width\" content=\"3308\" \/>\n\t<meta property=\"og:image:height\" content=\"2512\" \/>\n\t<meta property=\"og:image:type\" content=\"image\/jpeg\" \/>\n<meta name=\"author\" content=\"Stephan Deubner\" \/>\n<meta name=\"twitter:card\" content=\"summary_large_image\" \/>\n<meta name=\"twitter:label1\" content=\"Written by\" \/>\n\t<meta name=\"twitter:data1\" content=\"Stephan Deubner\" \/>\n\t<meta name=\"twitter:label2\" content=\"Est. reading time\" \/>\n\t<meta name=\"twitter:data2\" content=\"1 minute\" \/>\n<!-- \/ Yoast SEO plugin. -->","yoast_head_json":{"title":"Erasmus+ Projekt des Europ\u00e4ischen Bildungswerkes - Europ\u00e4isches Bildungswerk f\u00fcr Beruf und Gesellschaft","robots":{"index":"index","follow":"follow","max-snippet":"max-snippet:-1","max-image-preview":"max-image-preview:large","max-video-preview":"max-video-preview:-1"},"canonical":"https:\/\/www.ebg.de\/erasmus-projekt-des-europaeischen-bildungswerkes\/","og_locale":"en_US","og_type":"article","og_title":"Erasmus+ Projekt des Europ\u00e4ischen Bildungswerkes - Europ\u00e4isches Bildungswerk f\u00fcr Beruf und Gesellschaft","og_description":"Das Kickoff-Treffen des Erasmus+","og_url":"https:\/\/www.ebg.de\/erasmus-projekt-des-europaeischen-bildungswerkes\/","og_site_name":"Europ\u00e4isches Bildungswerk f\u00fcr Beruf und Gesellschaft","article_published_time":"2019-10-22T10:01:11+00:00","article_modified_time":"2019-10-22T10:01:14+00:00","og_image":[{"width":3308,"height":2512,"url":"https:\/\/www.ebg.de\/wp-content\/uploads\/2019\/10\/kickoff.jpg","type":"image\/jpeg"}],"author":"Stephan Deubner","twitter_card":"summary_large_image","twitter_misc":{"Written by":"Stephan Deubner","Est. reading time":"1 minute"},"schema":{"@context":"https:\/\/schema.org","@graph":[{"@type":"Article","@id":"https:\/\/www.ebg.de\/erasmus-projekt-des-europaeischen-bildungswerkes\/#article","isPartOf":{"@id":"https:\/\/www.ebg.de\/erasmus-projekt-des-europaeischen-bildungswerkes\/"},"author":{"name":"Stephan Deubner","@id":"https:\/\/www.ebg.de\/#\/schema\/person\/af645ea1741029d9a44ae532ceb268bc"},"headline":"Erasmus+ Projekt des Europ\u00e4ischen Bildungswerkes","datePublished":"2019-10-22T10:01:11+00:00","dateModified":"2019-10-22T10:01:14+00:00","mainEntityOfPage":{"@id":"https:\/\/www.ebg.de\/erasmus-projekt-des-europaeischen-bildungswerkes\/"},"wordCount":119,"image":{"@id":"https:\/\/www.ebg.de\/erasmus-projekt-des-europaeischen-bildungswerkes\/#primaryimage"},"thumbnailUrl":"https:\/\/www.ebg.de\/wp-content\/uploads\/2019\/10\/kickoff.jpg","keywords":["+","EBG","Erasmus","Europ\u00e4isches Bildungswerk"],"articleSection":["News-GF"],"inLanguage":"en-US"},{"@type":"WebPage","@id":"https:\/\/www.ebg.de\/erasmus-projekt-des-europaeischen-bildungswerkes\/","url":"https:\/\/www.ebg.de\/erasmus-projekt-des-europaeischen-bildungswerkes\/","name":"Erasmus+ Projekt des Europ\u00e4ischen Bildungswerkes - Europ\u00e4isches Bildungswerk f\u00fcr Beruf und Gesellschaft","isPartOf":{"@id":"https:\/\/www.ebg.de\/#website"},"primaryImageOfPage":{"@id":"https:\/\/www.ebg.de\/erasmus-projekt-des-europaeischen-bildungswerkes\/#primaryimage"},"image":{"@id":"https:\/\/www.ebg.de\/erasmus-projekt-des-europaeischen-bildungswerkes\/#primaryimage"},"thumbnailUrl":"https:\/\/www.ebg.de\/wp-content\/uploads\/2019\/10\/kickoff.jpg","datePublished":"2019-10-22T10:01:11+00:00","dateModified":"2019-10-22T10:01:14+00:00","author":{"@id":"https:\/\/www.ebg.de\/#\/schema\/person\/af645ea1741029d9a44ae532ceb268bc"},"breadcrumb":{"@id":"https:\/\/www.ebg.de\/erasmus-projekt-des-europaeischen-bildungswerkes\/#breadcrumb"},"inLanguage":"en-US","potentialAction":[{"@type":"ReadAction","target":["https:\/\/www.ebg.de\/erasmus-projekt-des-europaeischen-bildungswerkes\/"]}]},{"@type":"ImageObject","inLanguage":"en-US","@id":"https:\/\/www.ebg.de\/erasmus-projekt-des-europaeischen-bildungswerkes\/#primaryimage","url":"https:\/\/www.ebg.de\/wp-content\/uploads\/2019\/10\/kickoff.jpg","contentUrl":"https:\/\/www.ebg.de\/wp-content\/uploads\/2019\/10\/kickoff.jpg","width":3308,"height":2512},{"@type":"BreadcrumbList","@id":"https:\/\/www.ebg.de\/erasmus-projekt-des-europaeischen-bildungswerkes\/#breadcrumb","itemListElement":[{"@type":"ListItem","position":1,"name":"Startseite","item":"https:\/\/www.ebg.de\/"},{"@type":"ListItem","position":2,"name":"Erasmus+ Projekt des Europ\u00e4ischen Bildungswerkes"}]},{"@type":"WebSite","@id":"https:\/\/www.ebg.de\/#website","url":"https:\/\/www.ebg.de\/","name":"Europ\u00e4isches Bildungswerk f\u00fcr Beruf und Gesellschaft","description":"Bildung, Ausbildung und Weiterbildung","potentialAction":[{"@type":"SearchAction","target":{"@type":"EntryPoint","urlTemplate":"https:\/\/www.ebg.de\/?s={search_term_string}"},"query-input":{"@type":"PropertyValueSpecification","valueRequired":true,"valueName":"search_term_string"}}],"inLanguage":"en-US"},{"@type":"Person","@id":"https:\/\/www.ebg.de\/#\/schema\/person\/af645ea1741029d9a44ae532ceb268bc","name":"Stephan Deubner","image":{"@type":"ImageObject","inLanguage":"en-US","@id":"https:\/\/www.ebg.de\/#\/schema\/person\/image\/","url":"https:\/\/secure.gravatar.com\/avatar\/35731f6a08afa0518c45f153077f6135c0f41aa2ae0b76e850ef9508976a7bbe?s=96&d=mm&r=g","contentUrl":"https:\/\/secure.gravatar.com\/avatar\/35731f6a08afa0518c45f153077f6135c0f41aa2ae0b76e850ef9508976a7bbe?s=96&d=mm&r=g","caption":"Stephan Deubner"},"url":"https:\/\/www.ebg.de\/en\/author\/sdeubner\/"}]}},"_links":{"self":[{"href":"https:\/\/www.ebg.de\/en\/wp-json\/wp\/v2\/posts\/5033","targetHints":{"allow":["GET"]}}],"collection":[{"href":"https:\/\/www.ebg.de\/en\/wp-json\/wp\/v2\/posts"}],"about":[{"href":"https:\/\/www.ebg.de\/en\/wp-json\/wp\/v2\/types\/post"}],"author":[{"embeddable":true,"href":"https:\/\/www.ebg.de\/en\/wp-json\/wp\/v2\/users\/22"}],"replies":[{"embeddable":true,"href":"https:\/\/www.ebg.de\/en\/wp-json\/wp\/v2\/comments?post=5033"}],"version-history":[{"count":1,"href":"https:\/\/www.ebg.de\/en\/wp-json\/wp\/v2\/posts\/5033\/revisions"}],"predecessor-version":[{"id":5036,"href":"https:\/\/www.ebg.de\/en\/wp-json\/wp\/v2\/posts\/5033\/revisions\/5036"}],"wp:featuredmedia":[{"embeddable":true,"href":"https:\/\/www.ebg.de\/en\/wp-json\/wp\/v2\/media\/5034"}],"wp:attachment":[{"href":"https:\/\/www.ebg.de\/en\/wp-json\/wp\/v2\/media?parent=5033"}],"wp:term":[{"taxonomy":"category","embeddable":true,"href":"https:\/\/www.ebg.de\/en\/wp-json\/wp\/v2\/categories?post=5033"},{"taxonomy":"post_tag","embeddable":true,"href":"https:\/\/www.ebg.de\/en\/wp-json\/wp\/v2\/tags?post=5033"}],"curies":[{"name":"wp","href":"https:\/\/api.w.org\/{rel}","templated":true}]}}