{"id":5004,"date":"2019-10-21T13:38:42","date_gmt":"2019-10-21T11:38:42","guid":{"rendered":"https:\/\/www.ebg.de\/?p=5004"},"modified":"2019-10-21T13:46:39","modified_gmt":"2019-10-21T11:46:39","slug":"das-ebg-auf-der-messe-aktiv-50","status":"publish","type":"post","link":"https:\/\/www.ebg.de\/en\/das-ebg-auf-der-messe-aktiv-50\/","title":{"rendered":"Das EBG auf der Messe AKTIV 50+"},"content":{"rendered":"\n<p>Am Messestand des EBG Naumburg war kein Durchkommen mehr: zahlreiche\n\u201cBest Ager\u201c wollten sich selber testen in dem Sie Ihr Geh\u00f6r, den Geruch sowie\nden Tastsinn auf die Probe stellten. <\/p>\n\n\n\n<p>Vielen Dank an den \u201eFreiwilligeneinsatz\u201c der Sch\u00fcler des Fach-\nund Berufsfachschulzentrum Naumburg f\u00fcr die Unterst\u00fctzung &nbsp;und f\u00fcr die gelungene Veranstaltung!<\/p>\n","protected":false},"excerpt":{"rendered":"<p>Gro\u00dfer Andrang beim EBG auf der Aktiv 50+ Messe in Naumburg<\/p>\n","protected":false},"author":22,"featured_media":5005,"comment_status":"closed","ping_status":"closed","sticky":false,"template":"","format":"standard","meta":{"_acf_changed":false,"footnotes":""},"categories":[30],"tags":[136,138,134,140,139],"class_list":["post-5004","post","type-post","status-publish","format-standard","has-post-thumbnail","hentry","category-news-naumburg-schulen","tag-aktiv-messe","tag-generalisierte-pflegeausbildung","tag-generalistik","tag-pflegefachfrau","tag-pflegefachmann"],"acf":[],"yoast_head":"<!-- This site is optimized with the Yoast SEO plugin v26.9 - https:\/\/yoast.com\/product\/yoast-seo-wordpress\/ -->\n<title>Das EBG auf der Messe AKTIV 50+ - Europ\u00e4isches Bildungswerk f\u00fcr Beruf und Gesellschaft<\/title>\n<meta name=\"robots\" content=\"index, follow, max-snippet:-1, max-image-preview:large, max-video-preview:-1\" \/>\n<link rel=\"canonical\" href=\"https:\/\/www.ebg.de\/das-ebg-auf-der-messe-aktiv-50\/\" \/>\n<meta property=\"og:locale\" content=\"en_US\" \/>\n<meta property=\"og:type\" content=\"article\" \/>\n<meta property=\"og:title\" content=\"Das EBG auf der Messe AKTIV 50+ - Europ\u00e4isches Bildungswerk f\u00fcr Beruf und Gesellschaft\" \/>\n<meta property=\"og:description\" content=\"Gro\u00dfer Andrang beim EBG auf der Aktiv 50+ Messe in Naumburg\" \/>\n<meta property=\"og:url\" content=\"https:\/\/www.ebg.de\/das-ebg-auf-der-messe-aktiv-50\/\" \/>\n<meta property=\"og:site_name\" content=\"Europ\u00e4isches Bildungswerk f\u00fcr Beruf und Gesellschaft\" \/>\n<meta property=\"article:published_time\" content=\"2019-10-21T11:38:42+00:00\" \/>\n<meta property=\"article:modified_time\" content=\"2019-10-21T11:46:39+00:00\" \/>\n<meta property=\"og:image\" content=\"https:\/\/www.ebg.de\/wp-content\/uploads\/2019\/10\/Aktiv50.jpg\" \/>\n\t<meta property=\"og:image:width\" content=\"3828\" \/>\n\t<meta property=\"og:image:height\" content=\"2630\" \/>\n\t<meta property=\"og:image:type\" content=\"image\/jpeg\" \/>\n<meta name=\"author\" content=\"Stephan Deubner\" \/>\n<meta name=\"twitter:card\" content=\"summary_large_image\" \/>\n<meta name=\"twitter:label1\" content=\"Written by\" \/>\n\t<meta name=\"twitter:data1\" content=\"Stephan Deubner\" \/>\n<!-- \/ Yoast SEO plugin. -->","yoast_head_json":{"title":"Das EBG auf der Messe AKTIV 50+ - Europ\u00e4isches Bildungswerk f\u00fcr Beruf und Gesellschaft","robots":{"index":"index","follow":"follow","max-snippet":"max-snippet:-1","max-image-preview":"max-image-preview:large","max-video-preview":"max-video-preview:-1"},"canonical":"https:\/\/www.ebg.de\/das-ebg-auf-der-messe-aktiv-50\/","og_locale":"en_US","og_type":"article","og_title":"Das EBG auf der Messe AKTIV 50+ - Europ\u00e4isches Bildungswerk f\u00fcr Beruf und Gesellschaft","og_description":"Gro\u00dfer Andrang beim EBG auf der Aktiv 50+ Messe in Naumburg","og_url":"https:\/\/www.ebg.de\/das-ebg-auf-der-messe-aktiv-50\/","og_site_name":"Europ\u00e4isches Bildungswerk f\u00fcr Beruf und Gesellschaft","article_published_time":"2019-10-21T11:38:42+00:00","article_modified_time":"2019-10-21T11:46:39+00:00","og_image":[{"width":3828,"height":2630,"url":"https:\/\/www.ebg.de\/wp-content\/uploads\/2019\/10\/Aktiv50.jpg","type":"image\/jpeg"}],"author":"Stephan Deubner","twitter_card":"summary_large_image","twitter_misc":{"Written by":"Stephan Deubner"},"schema":{"@context":"https:\/\/schema.org","@graph":[{"@type":"Article","@id":"https:\/\/www.ebg.de\/das-ebg-auf-der-messe-aktiv-50\/#article","isPartOf":{"@id":"https:\/\/www.ebg.de\/das-ebg-auf-der-messe-aktiv-50\/"},"author":{"name":"Stephan Deubner","@id":"https:\/\/www.ebg.de\/#\/schema\/person\/af645ea1741029d9a44ae532ceb268bc"},"headline":"Das EBG auf der Messe AKTIV 50+","datePublished":"2019-10-21T11:38:42+00:00","dateModified":"2019-10-21T11:46:39+00:00","mainEntityOfPage":{"@id":"https:\/\/www.ebg.de\/das-ebg-auf-der-messe-aktiv-50\/"},"wordCount":62,"image":{"@id":"https:\/\/www.ebg.de\/das-ebg-auf-der-messe-aktiv-50\/#primaryimage"},"thumbnailUrl":"https:\/\/www.ebg.de\/wp-content\/uploads\/2019\/10\/Aktiv50.jpg","keywords":["aktiv Messe","generalisierte Pflegeausbildung","Generalistik","Pflegefachfrau","Pflegefachmann"],"articleSection":["News - Naumburg Schulen"],"inLanguage":"en-US"},{"@type":"WebPage","@id":"https:\/\/www.ebg.de\/das-ebg-auf-der-messe-aktiv-50\/","url":"https:\/\/www.ebg.de\/das-ebg-auf-der-messe-aktiv-50\/","name":"Das EBG auf der Messe AKTIV 50+ - Europ\u00e4isches Bildungswerk f\u00fcr Beruf und Gesellschaft","isPartOf":{"@id":"https:\/\/www.ebg.de\/#website"},"primaryImageOfPage":{"@id":"https:\/\/www.ebg.de\/das-ebg-auf-der-messe-aktiv-50\/#primaryimage"},"image":{"@id":"https:\/\/www.ebg.de\/das-ebg-auf-der-messe-aktiv-50\/#primaryimage"},"thumbnailUrl":"https:\/\/www.ebg.de\/wp-content\/uploads\/2019\/10\/Aktiv50.jpg","datePublished":"2019-10-21T11:38:42+00:00","dateModified":"2019-10-21T11:46:39+00:00","author":{"@id":"https:\/\/www.ebg.de\/#\/schema\/person\/af645ea1741029d9a44ae532ceb268bc"},"breadcrumb":{"@id":"https:\/\/www.ebg.de\/das-ebg-auf-der-messe-aktiv-50\/#breadcrumb"},"inLanguage":"en-US","potentialAction":[{"@type":"ReadAction","target":["https:\/\/www.ebg.de\/das-ebg-auf-der-messe-aktiv-50\/"]}]},{"@type":"ImageObject","inLanguage":"en-US","@id":"https:\/\/www.ebg.de\/das-ebg-auf-der-messe-aktiv-50\/#primaryimage","url":"https:\/\/www.ebg.de\/wp-content\/uploads\/2019\/10\/Aktiv50.jpg","contentUrl":"https:\/\/www.ebg.de\/wp-content\/uploads\/2019\/10\/Aktiv50.jpg","width":3828,"height":2630,"caption":"cof_soft"},{"@type":"BreadcrumbList","@id":"https:\/\/www.ebg.de\/das-ebg-auf-der-messe-aktiv-50\/#breadcrumb","itemListElement":[{"@type":"ListItem","position":1,"name":"Startseite","item":"https:\/\/www.ebg.de\/"},{"@type":"ListItem","position":2,"name":"Das EBG auf der Messe AKTIV 50+"}]},{"@type":"WebSite","@id":"https:\/\/www.ebg.de\/#website","url":"https:\/\/www.ebg.de\/","name":"Europ\u00e4isches Bildungswerk f\u00fcr Beruf und Gesellschaft","description":"Bildung, Ausbildung und Weiterbildung","potentialAction":[{"@type":"SearchAction","target":{"@type":"EntryPoint","urlTemplate":"https:\/\/www.ebg.de\/?s={search_term_string}"},"query-input":{"@type":"PropertyValueSpecification","valueRequired":true,"valueName":"search_term_string"}}],"inLanguage":"en-US"},{"@type":"Person","@id":"https:\/\/www.ebg.de\/#\/schema\/person\/af645ea1741029d9a44ae532ceb268bc","name":"Stephan Deubner","image":{"@type":"ImageObject","inLanguage":"en-US","@id":"https:\/\/www.ebg.de\/#\/schema\/person\/image\/","url":"https:\/\/secure.gravatar.com\/avatar\/35731f6a08afa0518c45f153077f6135c0f41aa2ae0b76e850ef9508976a7bbe?s=96&d=mm&r=g","contentUrl":"https:\/\/secure.gravatar.com\/avatar\/35731f6a08afa0518c45f153077f6135c0f41aa2ae0b76e850ef9508976a7bbe?s=96&d=mm&r=g","caption":"Stephan Deubner"},"url":"https:\/\/www.ebg.de\/en\/author\/sdeubner\/"}]}},"_links":{"self":[{"href":"https:\/\/www.ebg.de\/en\/wp-json\/wp\/v2\/posts\/5004","targetHints":{"allow":["GET"]}}],"collection":[{"href":"https:\/\/www.ebg.de\/en\/wp-json\/wp\/v2\/posts"}],"about":[{"href":"https:\/\/www.ebg.de\/en\/wp-json\/wp\/v2\/types\/post"}],"author":[{"embeddable":true,"href":"https:\/\/www.ebg.de\/en\/wp-json\/wp\/v2\/users\/22"}],"replies":[{"embeddable":true,"href":"https:\/\/www.ebg.de\/en\/wp-json\/wp\/v2\/comments?post=5004"}],"version-history":[{"count":1,"href":"https:\/\/www.ebg.de\/en\/wp-json\/wp\/v2\/posts\/5004\/revisions"}],"predecessor-version":[{"id":5007,"href":"https:\/\/www.ebg.de\/en\/wp-json\/wp\/v2\/posts\/5004\/revisions\/5007"}],"wp:featuredmedia":[{"embeddable":true,"href":"https:\/\/www.ebg.de\/en\/wp-json\/wp\/v2\/media\/5005"}],"wp:attachment":[{"href":"https:\/\/www.ebg.de\/en\/wp-json\/wp\/v2\/media?parent=5004"}],"wp:term":[{"taxonomy":"category","embeddable":true,"href":"https:\/\/www.ebg.de\/en\/wp-json\/wp\/v2\/categories?post=5004"},{"taxonomy":"post_tag","embeddable":true,"href":"https:\/\/www.ebg.de\/en\/wp-json\/wp\/v2\/tags?post=5004"}],"curies":[{"name":"wp","href":"https:\/\/api.w.org\/{rel}","templated":true}]}}