{"id":4972,"date":"2019-10-16T08:44:59","date_gmt":"2019-10-16T06:44:59","guid":{"rendered":"https:\/\/www.ebg.de\/?p=4972"},"modified":"2019-10-16T10:11:55","modified_gmt":"2019-10-16T08:11:55","slug":"virtuelle-und-additive-technologien","status":"publish","type":"post","link":"https:\/\/www.ebg.de\/en\/virtuelle-und-additive-technologien\/","title":{"rendered":"Virtuelle und Additive Technologien"},"content":{"rendered":"\n<p>Die Konferenz war Teil des Erasmus+ Projektes Jobs4Tech (<a href=\"https:\/\/www.jobs4techproject.eu\/\">www.jobs4techproject.eu<\/a>), das das EBG gemeinsam mit europ\u00e4ischen Partnern durchf\u00fchrt.<\/p>\n\n\n\n<p>Von der Designentwicklung in der Automobilindustrie \u00fcber die virtuelle Darstellung von Triebwerken in der Luftfahrt bis zur Kollisionsuntersuchung von Werkst\u00fccken im Maschinenbau bieten AR und VR grenzenlose M\u00f6glichkeiten. Additive Fertigung ist der Inbegriff technisch anspruchsvoller und flexibler Produktionsverfahren, die f\u00fcr kleine und mittlere Unternehmen (KMU) zunehmend attraktiv sind. Die Fr\u00fcherkennung dieser ver\u00e4nderten Qualifikationserfordernisse spielt eine wichtige Rolle, um die Besch\u00e4ftigungs- und Bildungssysteme aufeinander abzustimmen. <\/p>\n\n\n\n<p>Das EBG hat mit diesem Projekt einen wichtigen Beitrag\ngeleistet, um auf notwendige \u00c4nderungen im Qualifikationsbedarf in der\nberuflichen Bildung hinzuwirken.<\/p>\n","protected":false},"excerpt":{"rendered":"<p>Die Multiplikatorenveranstaltung des  EBG zum Thema\u201c Virtuelle und Additive Technologien und ihr Einsatz in der beruflichen Bildung\u201c fand am 8. Oktober 2019 in Magdeburg statt. <\/p>\n","protected":false},"author":22,"featured_media":4973,"comment_status":"closed","ping_status":"closed","sticky":false,"template":"","format":"standard","meta":{"_acf_changed":false,"footnotes":""},"categories":[20,22],"tags":[130,128,132,86,131,127],"class_list":["post-4972","post","type-post","status-publish","format-standard","has-post-thumbnail","hentry","category-news-startseite","category-news-gf","tag-additiv","tag-ar","tag-beruflich","tag-bildung","tag-virtuell","tag-vr"],"acf":[],"yoast_head":"<!-- This site is optimized with the Yoast SEO plugin v26.9 - https:\/\/yoast.com\/product\/yoast-seo-wordpress\/ -->\n<title>Virtuelle und Additive Technologien - Europ\u00e4isches Bildungswerk f\u00fcr Beruf und Gesellschaft<\/title>\n<meta name=\"robots\" content=\"index, follow, max-snippet:-1, max-image-preview:large, max-video-preview:-1\" \/>\n<link rel=\"canonical\" href=\"https:\/\/www.ebg.de\/virtuelle-und-additive-technologien\/\" \/>\n<meta property=\"og:locale\" content=\"en_US\" \/>\n<meta property=\"og:type\" content=\"article\" \/>\n<meta property=\"og:title\" content=\"Virtuelle und Additive Technologien - Europ\u00e4isches Bildungswerk f\u00fcr Beruf und Gesellschaft\" \/>\n<meta property=\"og:description\" content=\"Die Multiplikatorenveranstaltung des EBG zum Thema\u201c Virtuelle und Additive Technologien und ihr Einsatz in der beruflichen Bildung\u201c fand am 8. Oktober 2019 in Magdeburg statt.\" \/>\n<meta property=\"og:url\" content=\"https:\/\/www.ebg.de\/virtuelle-und-additive-technologien\/\" \/>\n<meta property=\"og:site_name\" content=\"Europ\u00e4isches Bildungswerk f\u00fcr Beruf und Gesellschaft\" \/>\n<meta property=\"article:published_time\" content=\"2019-10-16T06:44:59+00:00\" \/>\n<meta property=\"article:modified_time\" content=\"2019-10-16T08:11:55+00:00\" \/>\n<meta property=\"og:image\" content=\"https:\/\/www.ebg.de\/wp-content\/uploads\/2019\/10\/Dr.Beckm_.jpg\" \/>\n\t<meta property=\"og:image:width\" content=\"4072\" \/>\n\t<meta property=\"og:image:height\" content=\"2376\" \/>\n\t<meta property=\"og:image:type\" content=\"image\/jpeg\" \/>\n<meta name=\"author\" content=\"Stephan Deubner\" \/>\n<meta name=\"twitter:card\" content=\"summary_large_image\" \/>\n<meta name=\"twitter:label1\" content=\"Written by\" \/>\n\t<meta name=\"twitter:data1\" content=\"Stephan Deubner\" \/>\n\t<meta name=\"twitter:label2\" content=\"Est. reading time\" \/>\n\t<meta name=\"twitter:data2\" content=\"1 minute\" \/>\n<!-- \/ Yoast SEO plugin. -->","yoast_head_json":{"title":"Virtuelle und Additive Technologien - Europ\u00e4isches Bildungswerk f\u00fcr Beruf und Gesellschaft","robots":{"index":"index","follow":"follow","max-snippet":"max-snippet:-1","max-image-preview":"max-image-preview:large","max-video-preview":"max-video-preview:-1"},"canonical":"https:\/\/www.ebg.de\/virtuelle-und-additive-technologien\/","og_locale":"en_US","og_type":"article","og_title":"Virtuelle und Additive Technologien - Europ\u00e4isches Bildungswerk f\u00fcr Beruf und Gesellschaft","og_description":"Die Multiplikatorenveranstaltung des EBG zum Thema\u201c Virtuelle und Additive Technologien und ihr Einsatz in der beruflichen Bildung\u201c fand am 8. Oktober 2019 in Magdeburg statt.","og_url":"https:\/\/www.ebg.de\/virtuelle-und-additive-technologien\/","og_site_name":"Europ\u00e4isches Bildungswerk f\u00fcr Beruf und Gesellschaft","article_published_time":"2019-10-16T06:44:59+00:00","article_modified_time":"2019-10-16T08:11:55+00:00","og_image":[{"width":4072,"height":2376,"url":"https:\/\/www.ebg.de\/wp-content\/uploads\/2019\/10\/Dr.Beckm_.jpg","type":"image\/jpeg"}],"author":"Stephan Deubner","twitter_card":"summary_large_image","twitter_misc":{"Written by":"Stephan Deubner","Est. reading time":"1 minute"},"schema":{"@context":"https:\/\/schema.org","@graph":[{"@type":"Article","@id":"https:\/\/www.ebg.de\/virtuelle-und-additive-technologien\/#article","isPartOf":{"@id":"https:\/\/www.ebg.de\/virtuelle-und-additive-technologien\/"},"author":{"name":"Stephan Deubner","@id":"https:\/\/www.ebg.de\/#\/schema\/person\/af645ea1741029d9a44ae532ceb268bc"},"headline":"Virtuelle und Additive Technologien","datePublished":"2019-10-16T06:44:59+00:00","dateModified":"2019-10-16T08:11:55+00:00","mainEntityOfPage":{"@id":"https:\/\/www.ebg.de\/virtuelle-und-additive-technologien\/"},"wordCount":118,"image":{"@id":"https:\/\/www.ebg.de\/virtuelle-und-additive-technologien\/#primaryimage"},"thumbnailUrl":"https:\/\/www.ebg.de\/wp-content\/uploads\/2019\/10\/Dr.Beckm_.jpg","keywords":["additiv","AR","beruflich","Bildung","virtuell","VR"],"articleSection":["News - Startseite","News-GF"],"inLanguage":"en-US"},{"@type":"WebPage","@id":"https:\/\/www.ebg.de\/virtuelle-und-additive-technologien\/","url":"https:\/\/www.ebg.de\/virtuelle-und-additive-technologien\/","name":"Virtuelle und Additive Technologien - Europ\u00e4isches Bildungswerk f\u00fcr Beruf und Gesellschaft","isPartOf":{"@id":"https:\/\/www.ebg.de\/#website"},"primaryImageOfPage":{"@id":"https:\/\/www.ebg.de\/virtuelle-und-additive-technologien\/#primaryimage"},"image":{"@id":"https:\/\/www.ebg.de\/virtuelle-und-additive-technologien\/#primaryimage"},"thumbnailUrl":"https:\/\/www.ebg.de\/wp-content\/uploads\/2019\/10\/Dr.Beckm_.jpg","datePublished":"2019-10-16T06:44:59+00:00","dateModified":"2019-10-16T08:11:55+00:00","author":{"@id":"https:\/\/www.ebg.de\/#\/schema\/person\/af645ea1741029d9a44ae532ceb268bc"},"breadcrumb":{"@id":"https:\/\/www.ebg.de\/virtuelle-und-additive-technologien\/#breadcrumb"},"inLanguage":"en-US","potentialAction":[{"@type":"ReadAction","target":["https:\/\/www.ebg.de\/virtuelle-und-additive-technologien\/"]}]},{"@type":"ImageObject","inLanguage":"en-US","@id":"https:\/\/www.ebg.de\/virtuelle-und-additive-technologien\/#primaryimage","url":"https:\/\/www.ebg.de\/wp-content\/uploads\/2019\/10\/Dr.Beckm_.jpg","contentUrl":"https:\/\/www.ebg.de\/wp-content\/uploads\/2019\/10\/Dr.Beckm_.jpg","width":4072,"height":2376},{"@type":"BreadcrumbList","@id":"https:\/\/www.ebg.de\/virtuelle-und-additive-technologien\/#breadcrumb","itemListElement":[{"@type":"ListItem","position":1,"name":"Startseite","item":"https:\/\/www.ebg.de\/"},{"@type":"ListItem","position":2,"name":"Virtuelle und Additive Technologien"}]},{"@type":"WebSite","@id":"https:\/\/www.ebg.de\/#website","url":"https:\/\/www.ebg.de\/","name":"Europ\u00e4isches Bildungswerk f\u00fcr Beruf und Gesellschaft","description":"Bildung, Ausbildung und Weiterbildung","potentialAction":[{"@type":"SearchAction","target":{"@type":"EntryPoint","urlTemplate":"https:\/\/www.ebg.de\/?s={search_term_string}"},"query-input":{"@type":"PropertyValueSpecification","valueRequired":true,"valueName":"search_term_string"}}],"inLanguage":"en-US"},{"@type":"Person","@id":"https:\/\/www.ebg.de\/#\/schema\/person\/af645ea1741029d9a44ae532ceb268bc","name":"Stephan Deubner","image":{"@type":"ImageObject","inLanguage":"en-US","@id":"https:\/\/www.ebg.de\/#\/schema\/person\/image\/","url":"https:\/\/secure.gravatar.com\/avatar\/35731f6a08afa0518c45f153077f6135c0f41aa2ae0b76e850ef9508976a7bbe?s=96&d=mm&r=g","contentUrl":"https:\/\/secure.gravatar.com\/avatar\/35731f6a08afa0518c45f153077f6135c0f41aa2ae0b76e850ef9508976a7bbe?s=96&d=mm&r=g","caption":"Stephan Deubner"},"url":"https:\/\/www.ebg.de\/en\/author\/sdeubner\/"}]}},"_links":{"self":[{"href":"https:\/\/www.ebg.de\/en\/wp-json\/wp\/v2\/posts\/4972","targetHints":{"allow":["GET"]}}],"collection":[{"href":"https:\/\/www.ebg.de\/en\/wp-json\/wp\/v2\/posts"}],"about":[{"href":"https:\/\/www.ebg.de\/en\/wp-json\/wp\/v2\/types\/post"}],"author":[{"embeddable":true,"href":"https:\/\/www.ebg.de\/en\/wp-json\/wp\/v2\/users\/22"}],"replies":[{"embeddable":true,"href":"https:\/\/www.ebg.de\/en\/wp-json\/wp\/v2\/comments?post=4972"}],"version-history":[{"count":5,"href":"https:\/\/www.ebg.de\/en\/wp-json\/wp\/v2\/posts\/4972\/revisions"}],"predecessor-version":[{"id":4990,"href":"https:\/\/www.ebg.de\/en\/wp-json\/wp\/v2\/posts\/4972\/revisions\/4990"}],"wp:featuredmedia":[{"embeddable":true,"href":"https:\/\/www.ebg.de\/en\/wp-json\/wp\/v2\/media\/4973"}],"wp:attachment":[{"href":"https:\/\/www.ebg.de\/en\/wp-json\/wp\/v2\/media?parent=4972"}],"wp:term":[{"taxonomy":"category","embeddable":true,"href":"https:\/\/www.ebg.de\/en\/wp-json\/wp\/v2\/categories?post=4972"},{"taxonomy":"post_tag","embeddable":true,"href":"https:\/\/www.ebg.de\/en\/wp-json\/wp\/v2\/tags?post=4972"}],"curies":[{"name":"wp","href":"https:\/\/api.w.org\/{rel}","templated":true}]}}