{"id":4884,"date":"2019-10-08T08:32:17","date_gmt":"2019-10-08T06:32:17","guid":{"rendered":"https:\/\/www.ebg.de\/?p=4884"},"modified":"2019-10-09T08:31:06","modified_gmt":"2019-10-09T06:31:06","slug":"exklusion-in-die-ddr","status":"publish","type":"post","link":"https:\/\/www.ebg.de\/en\/exklusion-in-die-ddr\/","title":{"rendered":"Exklusion in der DDR"},"content":{"rendered":"\n<p>Im Rahmen der Wahlpflichtwoche des EBG Magdeburg besuchten\ninsgesamt 52 Sch\u00fcler an drei Tagen die Gedenkst\u00e4tte\nMoritzplatz Magdeburg. <\/p>\n\n\n\n<p>Urspr\u00fcnglich ab 1873 als&nbsp;Amtsgericht\nund Stadtgef\u00e4ngnis errichtet, diente der Geb\u00e4udekomplex in&nbsp;Magdeburg-Neustadt\nab 1940 als Strafgef\u00e4ngnis f\u00fcr bis zu 250&nbsp;Insassen. Ab\n1945&nbsp;wurde er als Untersuchungshaftanstalt von allen mit der politisch motivierten Verfolgung\nbefassten ostdeutschen Strafverfolgungsorganen genutzt und unterstand ab\n1958 dem\nMinisterium f\u00fcr Staatssicherheit der DD R. Seit 1990 erinnert\ndie Gedenkst\u00e4tte Moritzplatz Magdeburg an die&nbsp;mehr als 10.000 an diesem\ninhaftierten Opfer politischer Verfolgung, Menschen u.a. wegen ihrer\nkritischen Einstellung zur DDR-Politik oder wegen des Wunsches, dieses Land zu\nverlassen.<\/p>\n\n\n\n<p>&nbsp;Als Projekt innerhalb der Wahlpflichtwoche\nerhielten die Sch\u00fclerInnen umfassende und interessante Einblicke in die\nHistorie der Gedenkst\u00e4tte, lernten w\u00e4hrend der F\u00fchrung die Haftbedingungen\nkennen und erfuhren viel Neues \u00fcber die Lebensbedingungen in der DDR,\npolitische Rahmenbedingungen und die Arbeitsweise des MfS kennen. Mit\nErschrecken wurde die Diskrepanz zwischen Verfassung und Vorgehensweise der\nStasi zur Kenntnis genommen und diskutiert. So gew\u00e4hrte die Verfassung der DDR\nnach Art. 8 die pers\u00f6nliche\nFreiheit, Unverletzlichkeit der Wohnung, Postgeheimnis und das Recht, sich an\neinem beliebigen Ort niederzulassen sowie nach Art. 10 jeder B\u00fcrger das Recht\nzur Auswanderung bes\u00e4\u00dfe. Dagegen wurden in der Praxis des MfS Ausreisewillige\ninhaftiert, politisch Verd\u00e4chtige abgeh\u00f6rt, Briefe ge\u00f6ffnet und Berichte \u00fcber\njegliche Lebensbereiche gesammelt. Auf gro\u00dfes Interesse stie\u00df auch die\nInformation, dass Inhaftierte politische Gefangene durch Westdeutschland\nfreigekauft wurden und die DDR somit einen schwunghaften Menschenhandel gegen\nDevisen betrieb.<\/p>\n\n\n\n<p>Mit besonderem Interesse lauschten die\nSch\u00fclerInnen den Zeitzeugen, die im Anschluss an die F\u00fchrung durch das Geb\u00e4ude\nund die Dauerausstellung \u00fcber ihr Leben berichteten, die Umst\u00e4nde ihrer Inhaftierung\nund die Auswirkungen der Haft auf ihr weiteres Leben. Die Sch\u00fclerInnen konnten\nden Zeitzeugen viele Fragen stellen und gingen um viele Erfahrungen und mit\nWissen bereichert aus dem Projekt.<\/p>\n\n\n\n<figure class=\"wp-block-image\"><img loading=\"lazy\" decoding=\"async\" width=\"678\" height=\"509\" src=\"https:\/\/www.ebg.de\/wp-content\/uploads\/2019\/10\/Moritzplatz1.jpg\" alt=\"\" class=\"wp-image-4888\" srcset=\"https:\/\/www.ebg.de\/wp-content\/uploads\/2019\/10\/Moritzplatz1.jpg 678w, https:\/\/www.ebg.de\/wp-content\/uploads\/2019\/10\/Moritzplatz1-300x225.jpg 300w\" sizes=\"auto, (max-width: 678px) 100vw, 678px\" \/><\/figure>\n\n\n\n<figure class=\"wp-block-image\"><img loading=\"lazy\" decoding=\"async\" width=\"373\" height=\"498\" src=\"https:\/\/www.ebg.de\/wp-content\/uploads\/2019\/10\/Moritzplatz2.jpg\" alt=\"\" class=\"wp-image-4890\" srcset=\"https:\/\/www.ebg.de\/wp-content\/uploads\/2019\/10\/Moritzplatz2.jpg 373w, https:\/\/www.ebg.de\/wp-content\/uploads\/2019\/10\/Moritzplatz2-225x300.jpg 225w\" sizes=\"auto, (max-width: 373px) 100vw, 373px\" \/><\/figure>\n\n\n\n<figure class=\"wp-block-image\"><img loading=\"lazy\" decoding=\"async\" width=\"432\" height=\"577\" src=\"https:\/\/www.ebg.de\/wp-content\/uploads\/2019\/10\/Moritzplatz3.jpg\" alt=\"\" class=\"wp-image-4892\" srcset=\"https:\/\/www.ebg.de\/wp-content\/uploads\/2019\/10\/Moritzplatz3.jpg 432w, https:\/\/www.ebg.de\/wp-content\/uploads\/2019\/10\/Moritzplatz3-225x300.jpg 225w\" sizes=\"auto, (max-width: 432px) 100vw, 432px\" \/><\/figure>\n\n\n\n<figure class=\"wp-block-image\"><img loading=\"lazy\" decoding=\"async\" width=\"426\" height=\"568\" src=\"https:\/\/www.ebg.de\/wp-content\/uploads\/2019\/10\/Moritzplatz4.jpg\" alt=\"\" class=\"wp-image-4894\" srcset=\"https:\/\/www.ebg.de\/wp-content\/uploads\/2019\/10\/Moritzplatz4.jpg 426w, https:\/\/www.ebg.de\/wp-content\/uploads\/2019\/10\/Moritzplatz4-225x300.jpg 225w\" sizes=\"auto, (max-width: 426px) 100vw, 426px\" \/><\/figure>\n\n\n\n<figure class=\"wp-block-image\"><img loading=\"lazy\" decoding=\"async\" width=\"368\" height=\"276\" src=\"https:\/\/www.ebg.de\/wp-content\/uploads\/2019\/10\/Moritzplatz6.jpg\" alt=\"\" class=\"wp-image-4896\" srcset=\"https:\/\/www.ebg.de\/wp-content\/uploads\/2019\/10\/Moritzplatz6.jpg 368w, https:\/\/www.ebg.de\/wp-content\/uploads\/2019\/10\/Moritzplatz6-300x225.jpg 300w\" sizes=\"auto, (max-width: 368px) 100vw, 368px\" \/><\/figure>\n","protected":false},"excerpt":{"rendered":"<p>Im Rahmen der Wahlpflichtwoche des EBG Magdeburg besuchten insgesamt 52 Sch\u00fcler an drei Tagen die Gedenkst\u00e4tte Moritzplatz Magdeburg. <\/p>\n","protected":false},"author":21,"featured_media":4885,"comment_status":"closed","ping_status":"closed","sticky":false,"template":"","format":"standard","meta":{"_acf_changed":false,"footnotes":""},"categories":[19],"tags":[],"class_list":["post-4884","post","type-post","status-publish","format-standard","has-post-thumbnail","hentry","category-news-magdeburg-schulen"],"acf":[],"yoast_head":"<!-- This site is optimized with the Yoast SEO plugin v26.9 - https:\/\/yoast.com\/product\/yoast-seo-wordpress\/ -->\n<title>Exklusion in der DDR - Europ\u00e4isches Bildungswerk f\u00fcr Beruf und Gesellschaft<\/title>\n<meta name=\"robots\" content=\"index, follow, max-snippet:-1, max-image-preview:large, max-video-preview:-1\" \/>\n<link rel=\"canonical\" href=\"https:\/\/www.ebg.de\/exklusion-in-die-ddr\/\" \/>\n<meta property=\"og:locale\" content=\"en_US\" \/>\n<meta property=\"og:type\" content=\"article\" \/>\n<meta property=\"og:title\" content=\"Exklusion in der DDR - Europ\u00e4isches Bildungswerk f\u00fcr Beruf und Gesellschaft\" \/>\n<meta property=\"og:description\" content=\"Im Rahmen der Wahlpflichtwoche des EBG Magdeburg besuchten insgesamt 52 Sch\u00fcler an drei Tagen die Gedenkst\u00e4tte Moritzplatz Magdeburg.\" \/>\n<meta property=\"og:url\" content=\"https:\/\/www.ebg.de\/exklusion-in-die-ddr\/\" \/>\n<meta property=\"og:site_name\" content=\"Europ\u00e4isches Bildungswerk f\u00fcr Beruf und Gesellschaft\" \/>\n<meta property=\"article:published_time\" content=\"2019-10-08T06:32:17+00:00\" \/>\n<meta property=\"article:modified_time\" content=\"2019-10-09T06:31:06+00:00\" \/>\n<meta property=\"og:image\" content=\"https:\/\/www.ebg.de\/wp-content\/uploads\/2019\/10\/Moritzplatz5-e1570516147235.jpg\" \/>\n\t<meta property=\"og:image:width\" content=\"582\" \/>\n\t<meta property=\"og:image:height\" content=\"388\" \/>\n\t<meta property=\"og:image:type\" content=\"image\/jpeg\" \/>\n<meta name=\"author\" content=\"Annett Schuldt\" \/>\n<meta name=\"twitter:card\" content=\"summary_large_image\" \/>\n<meta name=\"twitter:label1\" content=\"Written by\" \/>\n\t<meta name=\"twitter:data1\" content=\"Annett Schuldt\" \/>\n\t<meta name=\"twitter:label2\" content=\"Est. reading time\" \/>\n\t<meta name=\"twitter:data2\" content=\"2 minutes\" \/>\n<!-- \/ Yoast SEO plugin. -->","yoast_head_json":{"title":"Exklusion in der DDR - Europ\u00e4isches Bildungswerk f\u00fcr Beruf und Gesellschaft","robots":{"index":"index","follow":"follow","max-snippet":"max-snippet:-1","max-image-preview":"max-image-preview:large","max-video-preview":"max-video-preview:-1"},"canonical":"https:\/\/www.ebg.de\/exklusion-in-die-ddr\/","og_locale":"en_US","og_type":"article","og_title":"Exklusion in der DDR - Europ\u00e4isches Bildungswerk f\u00fcr Beruf und Gesellschaft","og_description":"Im Rahmen der Wahlpflichtwoche des EBG Magdeburg besuchten insgesamt 52 Sch\u00fcler an drei Tagen die Gedenkst\u00e4tte Moritzplatz Magdeburg.","og_url":"https:\/\/www.ebg.de\/exklusion-in-die-ddr\/","og_site_name":"Europ\u00e4isches Bildungswerk f\u00fcr Beruf und Gesellschaft","article_published_time":"2019-10-08T06:32:17+00:00","article_modified_time":"2019-10-09T06:31:06+00:00","og_image":[{"width":582,"height":388,"url":"https:\/\/www.ebg.de\/wp-content\/uploads\/2019\/10\/Moritzplatz5-e1570516147235.jpg","type":"image\/jpeg"}],"author":"Annett Schuldt","twitter_card":"summary_large_image","twitter_misc":{"Written by":"Annett Schuldt","Est. reading time":"2 minutes"},"schema":{"@context":"https:\/\/schema.org","@graph":[{"@type":"Article","@id":"https:\/\/www.ebg.de\/exklusion-in-die-ddr\/#article","isPartOf":{"@id":"https:\/\/www.ebg.de\/exklusion-in-die-ddr\/"},"author":{"name":"Annett Schuldt","@id":"https:\/\/www.ebg.de\/#\/schema\/person\/d9d18d8e217556f034719e96291a453e"},"headline":"Exklusion in der DDR","datePublished":"2019-10-08T06:32:17+00:00","dateModified":"2019-10-09T06:31:06+00:00","mainEntityOfPage":{"@id":"https:\/\/www.ebg.de\/exklusion-in-die-ddr\/"},"wordCount":325,"image":{"@id":"https:\/\/www.ebg.de\/exklusion-in-die-ddr\/#primaryimage"},"thumbnailUrl":"https:\/\/www.ebg.de\/wp-content\/uploads\/2019\/10\/Moritzplatz5-e1570516147235.jpg","articleSection":["News - Magdeburg Schulen"],"inLanguage":"en-US"},{"@type":"WebPage","@id":"https:\/\/www.ebg.de\/exklusion-in-die-ddr\/","url":"https:\/\/www.ebg.de\/exklusion-in-die-ddr\/","name":"Exklusion in der DDR - Europ\u00e4isches Bildungswerk f\u00fcr Beruf und Gesellschaft","isPartOf":{"@id":"https:\/\/www.ebg.de\/#website"},"primaryImageOfPage":{"@id":"https:\/\/www.ebg.de\/exklusion-in-die-ddr\/#primaryimage"},"image":{"@id":"https:\/\/www.ebg.de\/exklusion-in-die-ddr\/#primaryimage"},"thumbnailUrl":"https:\/\/www.ebg.de\/wp-content\/uploads\/2019\/10\/Moritzplatz5-e1570516147235.jpg","datePublished":"2019-10-08T06:32:17+00:00","dateModified":"2019-10-09T06:31:06+00:00","author":{"@id":"https:\/\/www.ebg.de\/#\/schema\/person\/d9d18d8e217556f034719e96291a453e"},"breadcrumb":{"@id":"https:\/\/www.ebg.de\/exklusion-in-die-ddr\/#breadcrumb"},"inLanguage":"en-US","potentialAction":[{"@type":"ReadAction","target":["https:\/\/www.ebg.de\/exklusion-in-die-ddr\/"]}]},{"@type":"ImageObject","inLanguage":"en-US","@id":"https:\/\/www.ebg.de\/exklusion-in-die-ddr\/#primaryimage","url":"https:\/\/www.ebg.de\/wp-content\/uploads\/2019\/10\/Moritzplatz5-e1570516147235.jpg","contentUrl":"https:\/\/www.ebg.de\/wp-content\/uploads\/2019\/10\/Moritzplatz5-e1570516147235.jpg","width":582,"height":388},{"@type":"BreadcrumbList","@id":"https:\/\/www.ebg.de\/exklusion-in-die-ddr\/#breadcrumb","itemListElement":[{"@type":"ListItem","position":1,"name":"Startseite","item":"https:\/\/www.ebg.de\/"},{"@type":"ListItem","position":2,"name":"Exklusion in der DDR"}]},{"@type":"WebSite","@id":"https:\/\/www.ebg.de\/#website","url":"https:\/\/www.ebg.de\/","name":"Europ\u00e4isches Bildungswerk f\u00fcr Beruf und Gesellschaft","description":"Bildung, Ausbildung und Weiterbildung","potentialAction":[{"@type":"SearchAction","target":{"@type":"EntryPoint","urlTemplate":"https:\/\/www.ebg.de\/?s={search_term_string}"},"query-input":{"@type":"PropertyValueSpecification","valueRequired":true,"valueName":"search_term_string"}}],"inLanguage":"en-US"},{"@type":"Person","@id":"https:\/\/www.ebg.de\/#\/schema\/person\/d9d18d8e217556f034719e96291a453e","name":"Annett Schuldt","image":{"@type":"ImageObject","inLanguage":"en-US","@id":"https:\/\/www.ebg.de\/#\/schema\/person\/image\/","url":"https:\/\/secure.gravatar.com\/avatar\/abe19a9ad2aaf0199ddc3283fe9aaec50317447b19cc4ffbef6a0d142bb1e674?s=96&d=mm&r=g","contentUrl":"https:\/\/secure.gravatar.com\/avatar\/abe19a9ad2aaf0199ddc3283fe9aaec50317447b19cc4ffbef6a0d142bb1e674?s=96&d=mm&r=g","caption":"Annett Schuldt"},"url":"https:\/\/www.ebg.de\/en\/author\/aschuldt\/"}]}},"_links":{"self":[{"href":"https:\/\/www.ebg.de\/en\/wp-json\/wp\/v2\/posts\/4884","targetHints":{"allow":["GET"]}}],"collection":[{"href":"https:\/\/www.ebg.de\/en\/wp-json\/wp\/v2\/posts"}],"about":[{"href":"https:\/\/www.ebg.de\/en\/wp-json\/wp\/v2\/types\/post"}],"author":[{"embeddable":true,"href":"https:\/\/www.ebg.de\/en\/wp-json\/wp\/v2\/users\/21"}],"replies":[{"embeddable":true,"href":"https:\/\/www.ebg.de\/en\/wp-json\/wp\/v2\/comments?post=4884"}],"version-history":[{"count":6,"href":"https:\/\/www.ebg.de\/en\/wp-json\/wp\/v2\/posts\/4884\/revisions"}],"predecessor-version":[{"id":4928,"href":"https:\/\/www.ebg.de\/en\/wp-json\/wp\/v2\/posts\/4884\/revisions\/4928"}],"wp:featuredmedia":[{"embeddable":true,"href":"https:\/\/www.ebg.de\/en\/wp-json\/wp\/v2\/media\/4885"}],"wp:attachment":[{"href":"https:\/\/www.ebg.de\/en\/wp-json\/wp\/v2\/media?parent=4884"}],"wp:term":[{"taxonomy":"category","embeddable":true,"href":"https:\/\/www.ebg.de\/en\/wp-json\/wp\/v2\/categories?post=4884"},{"taxonomy":"post_tag","embeddable":true,"href":"https:\/\/www.ebg.de\/en\/wp-json\/wp\/v2\/tags?post=4884"}],"curies":[{"name":"wp","href":"https:\/\/api.w.org\/{rel}","templated":true}]}}