{"id":4871,"date":"2019-10-07T14:19:30","date_gmt":"2019-10-07T12:19:30","guid":{"rendered":"https:\/\/www.ebg.de\/?p=4871"},"modified":"2019-10-08T10:34:08","modified_gmt":"2019-10-08T08:34:08","slug":"ein-projekt-der-wahlpflichtwoche-stadtrallye","status":"publish","type":"post","link":"https:\/\/www.ebg.de\/en\/ein-projekt-der-wahlpflichtwoche-stadtrallye\/","title":{"rendered":"Stadtrallye in der Wahlpflichtwoche"},"content":{"rendered":"\n<p>Projekt: Stadtrallye<\/p>\n\n\n\n<p>Magdeburg mal auf eine andere Art erkunden \u2013 das war das\nZiel w\u00e4hrend unserer diesj\u00e4hrigen Wahlpflichtwoche. Ausgehend vom EBG\npassierten wir auf unserem Weg durch die Landeshauptstadt den Hasselbachplatz,\nden Domfelsen, den Magdeburger Dom, das Hundertwasserhaus, das Kloster unser\nlieben Frauen, die Johanneskirche und den Alten Markt. Mit Hilfe verschiedener\nR\u00e4tsel und Aufgaben konnten wir so die einzelnen Sehensw\u00fcrdigkeiten entdecken.\nH\u00f6hepunkt unserer Stadtf\u00fchrung der besonderen Art war das Gespr\u00e4ch mit der\nB\u00dcNDNISGR\u00dcNEN Fraktionschefin Cornelia L\u00fcddemann im Landtag von Sachsen-Anhalt.\nWir diskutieren mit ihr \u00fcber die kostenlose Erzieher*Innen-Ausbildung, die\nVerbesserung der Infrastruktur und \u00fcber den Mangel von Medizinern im Land. <\/p>\n\n\n\n<figure class=\"wp-block-image is-resized\"><img loading=\"lazy\" decoding=\"async\" src=\"https:\/\/www.ebg.de\/wp-content\/uploads\/2019\/10\/Stadtrallye2-2-web.jpg\" alt=\"Teinehmer unserer Stadtrallye Magdeburg\" class=\"wp-image-4905\" width=\"900\" height=\"453\"\/><\/figure>\n","protected":false},"excerpt":{"rendered":"<p>Magdeburg mal auf eine andere Art erkunden \u2013 das war das Ziel w\u00e4hrend unserer diesj\u00e4hrigen Wahlpflichtwoche.<\/p>\n","protected":false},"author":21,"featured_media":4872,"comment_status":"closed","ping_status":"closed","sticky":false,"template":"","format":"standard","meta":{"_acf_changed":false,"footnotes":""},"categories":[19],"tags":[],"class_list":["post-4871","post","type-post","status-publish","format-standard","has-post-thumbnail","hentry","category-news-magdeburg-schulen"],"acf":[],"yoast_head":"<!-- This site is optimized with the Yoast SEO plugin v26.9 - https:\/\/yoast.com\/product\/yoast-seo-wordpress\/ -->\n<title>Stadtrallye in der Wahlpflichtwoche - Europ\u00e4isches Bildungswerk f\u00fcr Beruf und Gesellschaft<\/title>\n<meta name=\"robots\" content=\"index, follow, max-snippet:-1, max-image-preview:large, max-video-preview:-1\" \/>\n<link rel=\"canonical\" href=\"https:\/\/www.ebg.de\/ein-projekt-der-wahlpflichtwoche-stadtrallye\/\" \/>\n<meta property=\"og:locale\" content=\"en_US\" \/>\n<meta property=\"og:type\" content=\"article\" \/>\n<meta property=\"og:title\" content=\"Stadtrallye in der Wahlpflichtwoche - Europ\u00e4isches Bildungswerk f\u00fcr Beruf und Gesellschaft\" \/>\n<meta property=\"og:description\" content=\"Magdeburg mal auf eine andere Art erkunden \u2013 das war das Ziel w\u00e4hrend unserer diesj\u00e4hrigen Wahlpflichtwoche.\" \/>\n<meta property=\"og:url\" content=\"https:\/\/www.ebg.de\/ein-projekt-der-wahlpflichtwoche-stadtrallye\/\" \/>\n<meta property=\"og:site_name\" content=\"Europ\u00e4isches Bildungswerk f\u00fcr Beruf und Gesellschaft\" \/>\n<meta property=\"article:published_time\" content=\"2019-10-07T12:19:30+00:00\" \/>\n<meta property=\"article:modified_time\" content=\"2019-10-08T08:34:08+00:00\" \/>\n<meta property=\"og:image\" content=\"https:\/\/www.ebg.de\/wp-content\/uploads\/2019\/10\/Stadtrallye1.jpg\" \/>\n\t<meta property=\"og:image:width\" content=\"1387\" \/>\n\t<meta property=\"og:image:height\" content=\"780\" \/>\n\t<meta property=\"og:image:type\" content=\"image\/jpeg\" \/>\n<meta name=\"author\" content=\"Annett Schuldt\" \/>\n<meta name=\"twitter:card\" content=\"summary_large_image\" \/>\n<meta name=\"twitter:label1\" content=\"Written by\" \/>\n\t<meta name=\"twitter:data1\" content=\"Annett Schuldt\" \/>\n\t<meta name=\"twitter:label2\" content=\"Est. reading time\" \/>\n\t<meta name=\"twitter:data2\" content=\"1 minute\" \/>\n<!-- \/ Yoast SEO plugin. -->","yoast_head_json":{"title":"Stadtrallye in der Wahlpflichtwoche - Europ\u00e4isches Bildungswerk f\u00fcr Beruf und Gesellschaft","robots":{"index":"index","follow":"follow","max-snippet":"max-snippet:-1","max-image-preview":"max-image-preview:large","max-video-preview":"max-video-preview:-1"},"canonical":"https:\/\/www.ebg.de\/ein-projekt-der-wahlpflichtwoche-stadtrallye\/","og_locale":"en_US","og_type":"article","og_title":"Stadtrallye in der Wahlpflichtwoche - Europ\u00e4isches Bildungswerk f\u00fcr Beruf und Gesellschaft","og_description":"Magdeburg mal auf eine andere Art erkunden \u2013 das war das Ziel w\u00e4hrend unserer diesj\u00e4hrigen Wahlpflichtwoche.","og_url":"https:\/\/www.ebg.de\/ein-projekt-der-wahlpflichtwoche-stadtrallye\/","og_site_name":"Europ\u00e4isches Bildungswerk f\u00fcr Beruf und Gesellschaft","article_published_time":"2019-10-07T12:19:30+00:00","article_modified_time":"2019-10-08T08:34:08+00:00","og_image":[{"width":1387,"height":780,"url":"https:\/\/www.ebg.de\/wp-content\/uploads\/2019\/10\/Stadtrallye1.jpg","type":"image\/jpeg"}],"author":"Annett Schuldt","twitter_card":"summary_large_image","twitter_misc":{"Written by":"Annett Schuldt","Est. reading time":"1 minute"},"schema":{"@context":"https:\/\/schema.org","@graph":[{"@type":"Article","@id":"https:\/\/www.ebg.de\/ein-projekt-der-wahlpflichtwoche-stadtrallye\/#article","isPartOf":{"@id":"https:\/\/www.ebg.de\/ein-projekt-der-wahlpflichtwoche-stadtrallye\/"},"author":{"name":"Annett Schuldt","@id":"https:\/\/www.ebg.de\/#\/schema\/person\/d9d18d8e217556f034719e96291a453e"},"headline":"Stadtrallye in der Wahlpflichtwoche","datePublished":"2019-10-07T12:19:30+00:00","dateModified":"2019-10-08T08:34:08+00:00","mainEntityOfPage":{"@id":"https:\/\/www.ebg.de\/ein-projekt-der-wahlpflichtwoche-stadtrallye\/"},"wordCount":115,"image":{"@id":"https:\/\/www.ebg.de\/ein-projekt-der-wahlpflichtwoche-stadtrallye\/#primaryimage"},"thumbnailUrl":"https:\/\/www.ebg.de\/wp-content\/uploads\/2019\/10\/Stadtrallye1.jpg","articleSection":["News - Magdeburg Schulen"],"inLanguage":"en-US"},{"@type":"WebPage","@id":"https:\/\/www.ebg.de\/ein-projekt-der-wahlpflichtwoche-stadtrallye\/","url":"https:\/\/www.ebg.de\/ein-projekt-der-wahlpflichtwoche-stadtrallye\/","name":"Stadtrallye in der Wahlpflichtwoche - Europ\u00e4isches Bildungswerk f\u00fcr Beruf und Gesellschaft","isPartOf":{"@id":"https:\/\/www.ebg.de\/#website"},"primaryImageOfPage":{"@id":"https:\/\/www.ebg.de\/ein-projekt-der-wahlpflichtwoche-stadtrallye\/#primaryimage"},"image":{"@id":"https:\/\/www.ebg.de\/ein-projekt-der-wahlpflichtwoche-stadtrallye\/#primaryimage"},"thumbnailUrl":"https:\/\/www.ebg.de\/wp-content\/uploads\/2019\/10\/Stadtrallye1.jpg","datePublished":"2019-10-07T12:19:30+00:00","dateModified":"2019-10-08T08:34:08+00:00","author":{"@id":"https:\/\/www.ebg.de\/#\/schema\/person\/d9d18d8e217556f034719e96291a453e"},"breadcrumb":{"@id":"https:\/\/www.ebg.de\/ein-projekt-der-wahlpflichtwoche-stadtrallye\/#breadcrumb"},"inLanguage":"en-US","potentialAction":[{"@type":"ReadAction","target":["https:\/\/www.ebg.de\/ein-projekt-der-wahlpflichtwoche-stadtrallye\/"]}]},{"@type":"ImageObject","inLanguage":"en-US","@id":"https:\/\/www.ebg.de\/ein-projekt-der-wahlpflichtwoche-stadtrallye\/#primaryimage","url":"https:\/\/www.ebg.de\/wp-content\/uploads\/2019\/10\/Stadtrallye1.jpg","contentUrl":"https:\/\/www.ebg.de\/wp-content\/uploads\/2019\/10\/Stadtrallye1.jpg","width":1387,"height":780},{"@type":"BreadcrumbList","@id":"https:\/\/www.ebg.de\/ein-projekt-der-wahlpflichtwoche-stadtrallye\/#breadcrumb","itemListElement":[{"@type":"ListItem","position":1,"name":"Startseite","item":"https:\/\/www.ebg.de\/"},{"@type":"ListItem","position":2,"name":"Stadtrallye in der Wahlpflichtwoche"}]},{"@type":"WebSite","@id":"https:\/\/www.ebg.de\/#website","url":"https:\/\/www.ebg.de\/","name":"Europ\u00e4isches Bildungswerk f\u00fcr Beruf und Gesellschaft","description":"Bildung, Ausbildung und Weiterbildung","potentialAction":[{"@type":"SearchAction","target":{"@type":"EntryPoint","urlTemplate":"https:\/\/www.ebg.de\/?s={search_term_string}"},"query-input":{"@type":"PropertyValueSpecification","valueRequired":true,"valueName":"search_term_string"}}],"inLanguage":"en-US"},{"@type":"Person","@id":"https:\/\/www.ebg.de\/#\/schema\/person\/d9d18d8e217556f034719e96291a453e","name":"Annett Schuldt","image":{"@type":"ImageObject","inLanguage":"en-US","@id":"https:\/\/www.ebg.de\/#\/schema\/person\/image\/","url":"https:\/\/secure.gravatar.com\/avatar\/abe19a9ad2aaf0199ddc3283fe9aaec50317447b19cc4ffbef6a0d142bb1e674?s=96&d=mm&r=g","contentUrl":"https:\/\/secure.gravatar.com\/avatar\/abe19a9ad2aaf0199ddc3283fe9aaec50317447b19cc4ffbef6a0d142bb1e674?s=96&d=mm&r=g","caption":"Annett Schuldt"},"url":"https:\/\/www.ebg.de\/en\/author\/aschuldt\/"}]}},"_links":{"self":[{"href":"https:\/\/www.ebg.de\/en\/wp-json\/wp\/v2\/posts\/4871","targetHints":{"allow":["GET"]}}],"collection":[{"href":"https:\/\/www.ebg.de\/en\/wp-json\/wp\/v2\/posts"}],"about":[{"href":"https:\/\/www.ebg.de\/en\/wp-json\/wp\/v2\/types\/post"}],"author":[{"embeddable":true,"href":"https:\/\/www.ebg.de\/en\/wp-json\/wp\/v2\/users\/21"}],"replies":[{"embeddable":true,"href":"https:\/\/www.ebg.de\/en\/wp-json\/wp\/v2\/comments?post=4871"}],"version-history":[{"count":6,"href":"https:\/\/www.ebg.de\/en\/wp-json\/wp\/v2\/posts\/4871\/revisions"}],"predecessor-version":[{"id":4909,"href":"https:\/\/www.ebg.de\/en\/wp-json\/wp\/v2\/posts\/4871\/revisions\/4909"}],"wp:featuredmedia":[{"embeddable":true,"href":"https:\/\/www.ebg.de\/en\/wp-json\/wp\/v2\/media\/4872"}],"wp:attachment":[{"href":"https:\/\/www.ebg.de\/en\/wp-json\/wp\/v2\/media?parent=4871"}],"wp:term":[{"taxonomy":"category","embeddable":true,"href":"https:\/\/www.ebg.de\/en\/wp-json\/wp\/v2\/categories?post=4871"},{"taxonomy":"post_tag","embeddable":true,"href":"https:\/\/www.ebg.de\/en\/wp-json\/wp\/v2\/tags?post=4871"}],"curies":[{"name":"wp","href":"https:\/\/api.w.org\/{rel}","templated":true}]}}