{"id":4858,"date":"2019-10-07T14:03:15","date_gmt":"2019-10-07T12:03:15","guid":{"rendered":"https:\/\/www.ebg.de\/?p=4858"},"modified":"2019-10-08T10:46:21","modified_gmt":"2019-10-08T08:46:21","slug":"musikgarten-eltern-kind-konzept-ein-thema-in-der-wahlpflichtwoche","status":"publish","type":"post","link":"https:\/\/www.ebg.de\/en\/musikgarten-eltern-kind-konzept-ein-thema-in-der-wahlpflichtwoche\/","title":{"rendered":"Musikgarten Eltern-Kind-Konzept"},"content":{"rendered":"\n<p>Musikgarten als Thema in der Wahlpflichtwoche ist ein bew\u00e4hrtes musikalisches Eltern-Kind-Konzept von der Geburt bis zum f\u00fcnften Lebensjahr. Durch Singen, Musizieren, Bewegen und Musikh\u00f6ren wird die nat\u00fcrliche musikalische Veranlagung der Kinder geweckt und entwickelt. Einfache Instrumente wie Klangh\u00f6lzer, Gl\u00f6ckchen, Rasseln und Trommeln f\u00fchren in die Welt der Kl\u00e4nge ein. <strong>Musikkindergarten <\/strong>ist &#8220;Musikgarten&#8221; f\u00fcr Kinderg\u00e4rten, Kitas und Kindergruppen ohne Eltern. <\/p>\n\n\n\n<p>Die Sch\u00fcler wurden in\nTheorie und Praxis mit der Grundidee und den Elementen des Musikgartens und des\nMusikkindergartens vertraut gemacht: einfache, kindgerechte Lieder, Einsatz von\nelementaren Musikinstrumenten sowie die Vermittlung von verschiedenen\nmusikalischen Spielideen mit kindgerechten Requisiten. Sie konnten\nBewegungsideen erproben, T\u00e4nze&nbsp; kennenlernen und das musikalische\n&#8220;Grundvokabular&#8221; des Musikgartens wie beispielsweise die rhythmischen\nund melodischen Echos erlernen. Beinhaltet waren auch Lieder aus anderen\nKulturen, Lieder und Spielideen zum Beginnen und Beenden einer Musikgarten-Stunde\nsowie Lieder zum Austeilen und Einsammeln der elementaren Instrumente und\nRequisiten. Insgesamt war das Feedback der Sch\u00fcler am Ende sehr positiv, da\nalles sofort 1:1 in die Praxis umgesetzt werden kann und Musik in Verbindung\nmit Bewegung die Kinder ganzheitlich f\u00f6rdert und begeistert.<\/p>\n\n\n\n<p><\/p>\n\n\n\n<p><\/p>\n\n\n\n<figure class=\"wp-block-image is-resized\"><img decoding=\"async\" src=\"https:\/\/www.ebg.de\/wp-content\/uploads\/2019\/10\/SDC12778-1.jpg\" alt=\"Spiel in der Wahlpflichtwoche\" class=\"wp-image-4861\" width=\"900\" srcset=\"https:\/\/www.ebg.de\/wp-content\/uploads\/2019\/10\/SDC12778-1.jpg 604w, https:\/\/www.ebg.de\/wp-content\/uploads\/2019\/10\/SDC12778-1-300x225.jpg 300w\" sizes=\"(max-width: 604px) 100vw, 604px\" \/><\/figure>\n\n\n\n<figure class=\"wp-block-image\"><img loading=\"lazy\" decoding=\"async\" width=\"617\" height=\"453\" src=\"https:\/\/www.ebg.de\/wp-content\/uploads\/2019\/10\/SDC12784-1.jpg\" alt=\"Tanz beim Musikprojekt Wahlpflichtwoche\" class=\"wp-image-4863\" srcset=\"https:\/\/www.ebg.de\/wp-content\/uploads\/2019\/10\/SDC12784-1.jpg 617w, https:\/\/www.ebg.de\/wp-content\/uploads\/2019\/10\/SDC12784-1-300x220.jpg 300w\" sizes=\"auto, (max-width: 617px) 100vw, 617px\" \/><\/figure>\n\n\n\n<figure class=\"wp-block-image is-resized\"><img decoding=\"async\" src=\"https:\/\/www.ebg.de\/wp-content\/uploads\/2019\/10\/SDC12788-1.jpg\" alt=\"\" class=\"wp-image-4865\" width=\"900\" srcset=\"https:\/\/www.ebg.de\/wp-content\/uploads\/2019\/10\/SDC12788-1.jpg 604w, https:\/\/www.ebg.de\/wp-content\/uploads\/2019\/10\/SDC12788-1-300x225.jpg 300w\" sizes=\"(max-width: 604px) 100vw, 604px\" \/><\/figure>\n\n\n\n<figure class=\"wp-block-image is-resized\"><img decoding=\"async\" src=\"https:\/\/www.ebg.de\/wp-content\/uploads\/2019\/10\/SDC12790-1.jpg\" alt=\"\" class=\"wp-image-4867\" width=\"900\" srcset=\"https:\/\/www.ebg.de\/wp-content\/uploads\/2019\/10\/SDC12790-1.jpg 604w, https:\/\/www.ebg.de\/wp-content\/uploads\/2019\/10\/SDC12790-1-300x225.jpg 300w\" sizes=\"(max-width: 604px) 100vw, 604px\" \/><\/figure>\n\n\n\n<p><\/p>\n\n\n\n<p><\/p>\n","protected":false},"excerpt":{"rendered":"<p>Musikgarten als Thema in der Wahlpflichtwoche ist ein bew\u00e4hrtes musikalisches Eltern-Kind-Konzept von der Geburt bis zum f\u00fcnften Lebensjahr.<\/p>\n","protected":false},"author":21,"featured_media":4859,"comment_status":"closed","ping_status":"closed","sticky":false,"template":"","format":"standard","meta":{"_acf_changed":false,"footnotes":""},"categories":[19],"tags":[],"class_list":["post-4858","post","type-post","status-publish","format-standard","has-post-thumbnail","hentry","category-news-magdeburg-schulen"],"acf":[],"yoast_head":"<!-- This site is optimized with the Yoast SEO plugin v26.9 - https:\/\/yoast.com\/product\/yoast-seo-wordpress\/ -->\n<title>Musikgarten Eltern-Kind-Konzept - Europ\u00e4isches Bildungswerk f\u00fcr Beruf und Gesellschaft<\/title>\n<meta name=\"robots\" content=\"index, follow, max-snippet:-1, max-image-preview:large, max-video-preview:-1\" \/>\n<link rel=\"canonical\" href=\"https:\/\/www.ebg.de\/musikgarten-eltern-kind-konzept-ein-thema-in-der-wahlpflichtwoche\/\" \/>\n<meta property=\"og:locale\" content=\"en_US\" \/>\n<meta property=\"og:type\" content=\"article\" \/>\n<meta property=\"og:title\" content=\"Musikgarten Eltern-Kind-Konzept - Europ\u00e4isches Bildungswerk f\u00fcr Beruf und Gesellschaft\" \/>\n<meta property=\"og:description\" content=\"Musikgarten als Thema in der Wahlpflichtwoche ist ein bew\u00e4hrtes musikalisches Eltern-Kind-Konzept von der Geburt bis zum f\u00fcnften Lebensjahr.\" \/>\n<meta property=\"og:url\" content=\"https:\/\/www.ebg.de\/musikgarten-eltern-kind-konzept-ein-thema-in-der-wahlpflichtwoche\/\" \/>\n<meta property=\"og:site_name\" content=\"Europ\u00e4isches Bildungswerk f\u00fcr Beruf und Gesellschaft\" \/>\n<meta property=\"article:published_time\" content=\"2019-10-07T12:03:15+00:00\" \/>\n<meta property=\"article:modified_time\" content=\"2019-10-08T08:46:21+00:00\" \/>\n<meta property=\"og:image\" content=\"https:\/\/www.ebg.de\/wp-content\/uploads\/2019\/10\/SDC12772-1.jpg\" \/>\n\t<meta property=\"og:image:width\" content=\"762\" \/>\n\t<meta property=\"og:image:height\" content=\"453\" \/>\n\t<meta property=\"og:image:type\" content=\"image\/jpeg\" \/>\n<meta name=\"author\" content=\"Annett Schuldt\" \/>\n<meta name=\"twitter:card\" content=\"summary_large_image\" \/>\n<meta name=\"twitter:label1\" content=\"Written by\" \/>\n\t<meta name=\"twitter:data1\" content=\"Annett Schuldt\" \/>\n\t<meta name=\"twitter:label2\" content=\"Est. reading time\" \/>\n\t<meta name=\"twitter:data2\" content=\"1 minute\" \/>\n<!-- \/ Yoast SEO plugin. -->","yoast_head_json":{"title":"Musikgarten Eltern-Kind-Konzept - Europ\u00e4isches Bildungswerk f\u00fcr Beruf und Gesellschaft","robots":{"index":"index","follow":"follow","max-snippet":"max-snippet:-1","max-image-preview":"max-image-preview:large","max-video-preview":"max-video-preview:-1"},"canonical":"https:\/\/www.ebg.de\/musikgarten-eltern-kind-konzept-ein-thema-in-der-wahlpflichtwoche\/","og_locale":"en_US","og_type":"article","og_title":"Musikgarten Eltern-Kind-Konzept - Europ\u00e4isches Bildungswerk f\u00fcr Beruf und Gesellschaft","og_description":"Musikgarten als Thema in der Wahlpflichtwoche ist ein bew\u00e4hrtes musikalisches Eltern-Kind-Konzept von der Geburt bis zum f\u00fcnften Lebensjahr.","og_url":"https:\/\/www.ebg.de\/musikgarten-eltern-kind-konzept-ein-thema-in-der-wahlpflichtwoche\/","og_site_name":"Europ\u00e4isches Bildungswerk f\u00fcr Beruf und Gesellschaft","article_published_time":"2019-10-07T12:03:15+00:00","article_modified_time":"2019-10-08T08:46:21+00:00","og_image":[{"width":762,"height":453,"url":"https:\/\/www.ebg.de\/wp-content\/uploads\/2019\/10\/SDC12772-1.jpg","type":"image\/jpeg"}],"author":"Annett Schuldt","twitter_card":"summary_large_image","twitter_misc":{"Written by":"Annett Schuldt","Est. reading time":"1 minute"},"schema":{"@context":"https:\/\/schema.org","@graph":[{"@type":"Article","@id":"https:\/\/www.ebg.de\/musikgarten-eltern-kind-konzept-ein-thema-in-der-wahlpflichtwoche\/#article","isPartOf":{"@id":"https:\/\/www.ebg.de\/musikgarten-eltern-kind-konzept-ein-thema-in-der-wahlpflichtwoche\/"},"author":{"name":"Annett Schuldt","@id":"https:\/\/www.ebg.de\/#\/schema\/person\/d9d18d8e217556f034719e96291a453e"},"headline":"Musikgarten Eltern-Kind-Konzept","datePublished":"2019-10-07T12:03:15+00:00","dateModified":"2019-10-08T08:46:21+00:00","mainEntityOfPage":{"@id":"https:\/\/www.ebg.de\/musikgarten-eltern-kind-konzept-ein-thema-in-der-wahlpflichtwoche\/"},"wordCount":191,"image":{"@id":"https:\/\/www.ebg.de\/musikgarten-eltern-kind-konzept-ein-thema-in-der-wahlpflichtwoche\/#primaryimage"},"thumbnailUrl":"https:\/\/www.ebg.de\/wp-content\/uploads\/2019\/10\/SDC12772-1.jpg","articleSection":["News - Magdeburg Schulen"],"inLanguage":"en-US"},{"@type":"WebPage","@id":"https:\/\/www.ebg.de\/musikgarten-eltern-kind-konzept-ein-thema-in-der-wahlpflichtwoche\/","url":"https:\/\/www.ebg.de\/musikgarten-eltern-kind-konzept-ein-thema-in-der-wahlpflichtwoche\/","name":"Musikgarten Eltern-Kind-Konzept - Europ\u00e4isches Bildungswerk f\u00fcr Beruf und Gesellschaft","isPartOf":{"@id":"https:\/\/www.ebg.de\/#website"},"primaryImageOfPage":{"@id":"https:\/\/www.ebg.de\/musikgarten-eltern-kind-konzept-ein-thema-in-der-wahlpflichtwoche\/#primaryimage"},"image":{"@id":"https:\/\/www.ebg.de\/musikgarten-eltern-kind-konzept-ein-thema-in-der-wahlpflichtwoche\/#primaryimage"},"thumbnailUrl":"https:\/\/www.ebg.de\/wp-content\/uploads\/2019\/10\/SDC12772-1.jpg","datePublished":"2019-10-07T12:03:15+00:00","dateModified":"2019-10-08T08:46:21+00:00","author":{"@id":"https:\/\/www.ebg.de\/#\/schema\/person\/d9d18d8e217556f034719e96291a453e"},"breadcrumb":{"@id":"https:\/\/www.ebg.de\/musikgarten-eltern-kind-konzept-ein-thema-in-der-wahlpflichtwoche\/#breadcrumb"},"inLanguage":"en-US","potentialAction":[{"@type":"ReadAction","target":["https:\/\/www.ebg.de\/musikgarten-eltern-kind-konzept-ein-thema-in-der-wahlpflichtwoche\/"]}]},{"@type":"ImageObject","inLanguage":"en-US","@id":"https:\/\/www.ebg.de\/musikgarten-eltern-kind-konzept-ein-thema-in-der-wahlpflichtwoche\/#primaryimage","url":"https:\/\/www.ebg.de\/wp-content\/uploads\/2019\/10\/SDC12772-1.jpg","contentUrl":"https:\/\/www.ebg.de\/wp-content\/uploads\/2019\/10\/SDC12772-1.jpg","width":762,"height":453,"caption":"Musikprojekt Wahlpflichtwoche"},{"@type":"BreadcrumbList","@id":"https:\/\/www.ebg.de\/musikgarten-eltern-kind-konzept-ein-thema-in-der-wahlpflichtwoche\/#breadcrumb","itemListElement":[{"@type":"ListItem","position":1,"name":"Startseite","item":"https:\/\/www.ebg.de\/"},{"@type":"ListItem","position":2,"name":"Musikgarten Eltern-Kind-Konzept"}]},{"@type":"WebSite","@id":"https:\/\/www.ebg.de\/#website","url":"https:\/\/www.ebg.de\/","name":"Europ\u00e4isches Bildungswerk f\u00fcr Beruf und Gesellschaft","description":"Bildung, Ausbildung und Weiterbildung","potentialAction":[{"@type":"SearchAction","target":{"@type":"EntryPoint","urlTemplate":"https:\/\/www.ebg.de\/?s={search_term_string}"},"query-input":{"@type":"PropertyValueSpecification","valueRequired":true,"valueName":"search_term_string"}}],"inLanguage":"en-US"},{"@type":"Person","@id":"https:\/\/www.ebg.de\/#\/schema\/person\/d9d18d8e217556f034719e96291a453e","name":"Annett Schuldt","image":{"@type":"ImageObject","inLanguage":"en-US","@id":"https:\/\/www.ebg.de\/#\/schema\/person\/image\/","url":"https:\/\/secure.gravatar.com\/avatar\/abe19a9ad2aaf0199ddc3283fe9aaec50317447b19cc4ffbef6a0d142bb1e674?s=96&d=mm&r=g","contentUrl":"https:\/\/secure.gravatar.com\/avatar\/abe19a9ad2aaf0199ddc3283fe9aaec50317447b19cc4ffbef6a0d142bb1e674?s=96&d=mm&r=g","caption":"Annett Schuldt"},"url":"https:\/\/www.ebg.de\/en\/author\/aschuldt\/"}]}},"_links":{"self":[{"href":"https:\/\/www.ebg.de\/en\/wp-json\/wp\/v2\/posts\/4858","targetHints":{"allow":["GET"]}}],"collection":[{"href":"https:\/\/www.ebg.de\/en\/wp-json\/wp\/v2\/posts"}],"about":[{"href":"https:\/\/www.ebg.de\/en\/wp-json\/wp\/v2\/types\/post"}],"author":[{"embeddable":true,"href":"https:\/\/www.ebg.de\/en\/wp-json\/wp\/v2\/users\/21"}],"replies":[{"embeddable":true,"href":"https:\/\/www.ebg.de\/en\/wp-json\/wp\/v2\/comments?post=4858"}],"version-history":[{"count":6,"href":"https:\/\/www.ebg.de\/en\/wp-json\/wp\/v2\/posts\/4858\/revisions"}],"predecessor-version":[{"id":4915,"href":"https:\/\/www.ebg.de\/en\/wp-json\/wp\/v2\/posts\/4858\/revisions\/4915"}],"wp:featuredmedia":[{"embeddable":true,"href":"https:\/\/www.ebg.de\/en\/wp-json\/wp\/v2\/media\/4859"}],"wp:attachment":[{"href":"https:\/\/www.ebg.de\/en\/wp-json\/wp\/v2\/media?parent=4858"}],"wp:term":[{"taxonomy":"category","embeddable":true,"href":"https:\/\/www.ebg.de\/en\/wp-json\/wp\/v2\/categories?post=4858"},{"taxonomy":"post_tag","embeddable":true,"href":"https:\/\/www.ebg.de\/en\/wp-json\/wp\/v2\/tags?post=4858"}],"curies":[{"name":"wp","href":"https:\/\/api.w.org\/{rel}","templated":true}]}}