{"id":4775,"date":"2019-09-17T11:58:02","date_gmt":"2019-09-17T09:58:02","guid":{"rendered":"https:\/\/www.ebg.de\/?p=4775"},"modified":"2019-09-24T14:07:48","modified_gmt":"2019-09-24T12:07:48","slug":"gemeinsam-auf-der-laufstrecke-gutes-tun","status":"publish","type":"post","link":"https:\/\/www.ebg.de\/en\/gemeinsam-auf-der-laufstrecke-gutes-tun\/","title":{"rendered":"Gemeinsam auf der Laufstrecke Gutes tun"},"content":{"rendered":"\n<p><\/p>\n\n\n\n<p>PRESSEMIITTEIILUNG der HALLIANZ f\u00fcr Vielfalt <br>Halle (Saale), 17.09.2019: <br>Am 20. September 2019, 10-18 Uhr findet im Stadtpark zum 8. Mal der HALLIANZ Spendenlauf \u201eStartschuss f\u00fcr Toleranz\u201c zugunsten der HALLIANZ F\u00f6rderfonds f\u00fcr Demokratie und Toleranz statt. \u00dcber 650 L\u00e4uferinnen und L\u00e4ufer haben sich bereits angemeldet.<br>\u201eWir freuen uns, dass auch in diesem Jahr wieder zahlreiche Schulklassen teilnehmen. Dass junge Menschen Verantwortung \u00fcbernehmen und aktiv werden f\u00fcr eine offene Gesellschaft, ist uns ein wichtiges Anliegen. Die Sch\u00fcler und Sch\u00fclerinnen machen durch die Teilnahme am Spendenlauf ihr Umfeld auf die Themen Demokratie und Engagement aufmerksam und leisten so einen wichtigen Beitrag f\u00fcr die Stadt Halle.\u201c erkl\u00e4rt die Koordinatorin des HALLIANZ Spendenlaufs, Karen Leonhardt.<br>So gebe es Anmeldungen von Schulen, die schon \u201eseit der ersten Stunde\u201c dabei sind, wie beispielsweise die \u201eSchule am Lebensbaum\u201c oder die \u201eComeniusschule\u201c. Weiterhin freue man sich \u00fcber Anmeldungen von Schulteams, die dieses Jahr zum ersten Mal dabei sind. <strong>Dazu geh\u00f6rt auch das Fach- und Berufsfachschulzentrum &#8220;Europ\u00e4isches Bildungswerk f\u00fcr Beruf und Gesellschaft&#8221; aus Halle. Etwa 25 angehende Erzieher und Erzieherinnen beteiligen sich am 20. September an der sportlichen Benefizveranstaltung: \u201eEs liegt in meiner Verantwortung als Mama und als zuk\u00fcnftige Erzieherin, mich zu beteiligen. Als gro\u00dfe Gruppe k\u00f6nnen wir viel bewirken.&#8221; sagt Berufssch\u00fclerin Aileen Fischer. Die 35-J\u00e4hrige sch\u00e4tzt an ihrer Schule, dass Rassismus und Diskriminierung nicht geduldet werden. Mit der Teilnahme setzen die Sch\u00fcler und Sch\u00fclerinnen ein wichtiges Zeichen f\u00fcr Vielfalt.<\/strong><br>Dar\u00fcber hinaus beteiligen sich viele weitere Organisationen und Personen am Spendenlauf, wie das Schirm-Projekt, der Friedenskreis Halle, die Franckeschen Stiftungen und verschiedene Stadtr\u00e4te. Als Rundenspender konnte man bereits regionale Unternehmen gewinnen, wie beispielsweise die Fuchs &amp; Partner GmbH, die Firma Farbenfreude.net oder die GP G\u00fcnter Papenburg AG. \u201eDer Spendenlauf eignet sich wunderbar als Team-Event und M\u00f6glichkeit, engagierten Nachwuchs kennenzulernen. Wir freuen uns, wenn sich Teams aus Unternehmen anmelden und Gesicht f\u00fcr Toleranz zeigen.\u201c f\u00fcgt Karen Leonhardt hinzu.<br>Anmeldungen f\u00fcr den HALLIANZ Spendenlauf sind noch bis zum 18.09.2019 \u00fcber die Webseite www.hallianz-fuer-vielfalt.de oder per Mail an hallianz@freiwilligen-agentur.de m\u00f6glich. Kurzentschlossene k\u00f6nnen sich am Tag des Spendenlaufs (20.09.) direkt am Meldestand spontan anmelden. Der Meldestand befindet sich im Stadtpark, Ecke Anhalter Stra\u00dfe\/Magdeburger Stra\u00dfe.<br>Weitere Infos und Anmeldung unter <a href=\"https:\/\/www.hallianz-fuer-vielfalt.de\/hallianz-spendenlauf\">https:\/\/www.hallianz-fuer-vielfalt.de\/hallianz-spendenlauf<\/a><br><\/p>\n\n\n\n<p> Kontakt:<br> HALLIANZ f\u00fcr Vielfalt\/ Externe Koordinierungs- und Fachstelle<br> c\/o Freiwilligen-Agentur Halle-Saalkreis e.V.<br> Karen Leonhardt<br> Tel. 0345 \/ 470 13 55<br> Leipziger Stra\u00dfe 37, 06108 Halle (Saale)<br> Mail hallianz@freiwilligen-agentur.de<br> Web <a href=\"https:\/\/www.hallianz-fuer-vielfalt.de\">www.hallianz-fuer-vielfalt.de<\/a><\/p>\n\n\n\n<div class=\"wp-block-image\"><figure class=\"aligncenter\"><img loading=\"lazy\" decoding=\"async\" width=\"576\" height=\"1024\" src=\"https:\/\/www.ebg.de\/wp-content\/uploads\/2019\/09\/c-Marcus-Andreas-Mohr_EBG-Spendenlauf-576x1024.jpg\" alt=\"\" class=\"wp-image-4776\" srcset=\"https:\/\/www.ebg.de\/wp-content\/uploads\/2019\/09\/c-Marcus-Andreas-Mohr_EBG-Spendenlauf-576x1024.jpg 576w, https:\/\/www.ebg.de\/wp-content\/uploads\/2019\/09\/c-Marcus-Andreas-Mohr_EBG-Spendenlauf-169x300.jpg 169w, https:\/\/www.ebg.de\/wp-content\/uploads\/2019\/09\/c-Marcus-Andreas-Mohr_EBG-Spendenlauf-768x1365.jpg 768w, https:\/\/www.ebg.de\/wp-content\/uploads\/2019\/09\/c-Marcus-Andreas-Mohr_EBG-Spendenlauf-900x1600.jpg 900w, https:\/\/www.ebg.de\/wp-content\/uploads\/2019\/09\/c-Marcus-Andreas-Mohr_EBG-Spendenlauf.jpg 1080w\" sizes=\"auto, (max-width: 576px) 100vw, 576px\" \/><figcaption> Sch\u00fcler und Sch\u00fclerinnen des EBG Halle freuen sich auf  den Spendenlauf <br> Foto: Marcus-Andreas Mohr <\/figcaption><\/figure><\/div>\n","protected":false},"excerpt":{"rendered":"<p>Aufruf zur Teilnahme am HALLIANZ Spendenlauf<\/p>\n","protected":false},"author":18,"featured_media":4776,"comment_status":"closed","ping_status":"closed","sticky":false,"template":"","format":"standard","meta":{"_acf_changed":false,"footnotes":""},"categories":[29],"tags":[95,94,93,80,92,123,124],"class_list":["post-4775","post","type-post","status-publish","format-standard","has-post-thumbnail","hentry","category-news-halle-schulen","tag-ausbildung","tag-beruf","tag-ebg-halle","tag-erzieher","tag-halle","tag-hallianz","tag-spendenlauf"],"acf":[],"yoast_head":"<!-- This site is optimized with the Yoast SEO plugin v26.9 - https:\/\/yoast.com\/product\/yoast-seo-wordpress\/ -->\n<title>Gemeinsam auf der Laufstrecke Gutes tun - Europ\u00e4isches Bildungswerk f\u00fcr Beruf und Gesellschaft<\/title>\n<meta name=\"robots\" content=\"index, follow, max-snippet:-1, max-image-preview:large, max-video-preview:-1\" \/>\n<link rel=\"canonical\" href=\"https:\/\/www.ebg.de\/gemeinsam-auf-der-laufstrecke-gutes-tun\/?lang=en\" \/>\n<meta property=\"og:locale\" content=\"en_US\" \/>\n<meta property=\"og:type\" content=\"article\" \/>\n<meta property=\"og:title\" content=\"Gemeinsam auf der Laufstrecke Gutes tun - Europ\u00e4isches Bildungswerk f\u00fcr Beruf und Gesellschaft\" \/>\n<meta property=\"og:description\" content=\"Aufruf zur Teilnahme am HALLIANZ Spendenlauf\" \/>\n<meta property=\"og:url\" content=\"https:\/\/www.ebg.de\/gemeinsam-auf-der-laufstrecke-gutes-tun\/?lang=en\" \/>\n<meta property=\"og:site_name\" content=\"Europ\u00e4isches Bildungswerk f\u00fcr Beruf und Gesellschaft\" \/>\n<meta property=\"article:published_time\" content=\"2019-09-17T09:58:02+00:00\" \/>\n<meta property=\"article:modified_time\" content=\"2019-09-24T12:07:48+00:00\" \/>\n<meta property=\"og:image\" content=\"https:\/\/www.ebg.de\/wp-content\/uploads\/2019\/09\/c-Marcus-Andreas-Mohr_EBG-Spendenlauf.jpg\" \/>\n\t<meta property=\"og:image:width\" content=\"1080\" \/>\n\t<meta property=\"og:image:height\" content=\"1920\" \/>\n\t<meta property=\"og:image:type\" content=\"image\/jpeg\" \/>\n<meta name=\"author\" content=\"Dagmar Gumbert\" \/>\n<meta name=\"twitter:card\" content=\"summary_large_image\" \/>\n<meta name=\"twitter:label1\" content=\"Written by\" \/>\n\t<meta name=\"twitter:data1\" content=\"Dagmar Gumbert\" \/>\n\t<meta name=\"twitter:label2\" content=\"Est. reading time\" \/>\n\t<meta name=\"twitter:data2\" content=\"2 minutes\" \/>\n<!-- \/ Yoast SEO plugin. -->","yoast_head_json":{"title":"Gemeinsam auf der Laufstrecke Gutes tun - Europ\u00e4isches Bildungswerk f\u00fcr Beruf und Gesellschaft","robots":{"index":"index","follow":"follow","max-snippet":"max-snippet:-1","max-image-preview":"max-image-preview:large","max-video-preview":"max-video-preview:-1"},"canonical":"https:\/\/www.ebg.de\/gemeinsam-auf-der-laufstrecke-gutes-tun\/?lang=en","og_locale":"en_US","og_type":"article","og_title":"Gemeinsam auf der Laufstrecke Gutes tun - Europ\u00e4isches Bildungswerk f\u00fcr Beruf und Gesellschaft","og_description":"Aufruf zur Teilnahme am HALLIANZ Spendenlauf","og_url":"https:\/\/www.ebg.de\/gemeinsam-auf-der-laufstrecke-gutes-tun\/?lang=en","og_site_name":"Europ\u00e4isches Bildungswerk f\u00fcr Beruf und Gesellschaft","article_published_time":"2019-09-17T09:58:02+00:00","article_modified_time":"2019-09-24T12:07:48+00:00","og_image":[{"width":1080,"height":1920,"url":"https:\/\/www.ebg.de\/wp-content\/uploads\/2019\/09\/c-Marcus-Andreas-Mohr_EBG-Spendenlauf.jpg","type":"image\/jpeg"}],"author":"Dagmar Gumbert","twitter_card":"summary_large_image","twitter_misc":{"Written by":"Dagmar Gumbert","Est. reading time":"2 minutes"},"schema":{"@context":"https:\/\/schema.org","@graph":[{"@type":"Article","@id":"https:\/\/www.ebg.de\/gemeinsam-auf-der-laufstrecke-gutes-tun\/?lang=en#article","isPartOf":{"@id":"https:\/\/www.ebg.de\/gemeinsam-auf-der-laufstrecke-gutes-tun\/?lang=en"},"author":{"name":"Dagmar Gumbert","@id":"https:\/\/www.ebg.de\/#\/schema\/person\/77f2f3c6647074b70ad64b8397a8edc4"},"headline":"Gemeinsam auf der Laufstrecke Gutes tun","datePublished":"2019-09-17T09:58:02+00:00","dateModified":"2019-09-24T12:07:48+00:00","mainEntityOfPage":{"@id":"https:\/\/www.ebg.de\/gemeinsam-auf-der-laufstrecke-gutes-tun\/?lang=en"},"wordCount":444,"image":{"@id":"https:\/\/www.ebg.de\/gemeinsam-auf-der-laufstrecke-gutes-tun\/?lang=en#primaryimage"},"thumbnailUrl":"https:\/\/www.ebg.de\/wp-content\/uploads\/2019\/09\/c-Marcus-Andreas-Mohr_EBG-Spendenlauf.jpg","keywords":["Ausbildung","Beruf","EBG Halle","Erzieher","Halle","hallianz","spendenlauf"],"articleSection":["News - Halle Schulen"],"inLanguage":"en-US"},{"@type":"WebPage","@id":"https:\/\/www.ebg.de\/gemeinsam-auf-der-laufstrecke-gutes-tun\/?lang=en","url":"https:\/\/www.ebg.de\/gemeinsam-auf-der-laufstrecke-gutes-tun\/?lang=en","name":"Gemeinsam auf der Laufstrecke Gutes tun - Europ\u00e4isches Bildungswerk f\u00fcr Beruf und Gesellschaft","isPartOf":{"@id":"https:\/\/www.ebg.de\/#website"},"primaryImageOfPage":{"@id":"https:\/\/www.ebg.de\/gemeinsam-auf-der-laufstrecke-gutes-tun\/?lang=en#primaryimage"},"image":{"@id":"https:\/\/www.ebg.de\/gemeinsam-auf-der-laufstrecke-gutes-tun\/?lang=en#primaryimage"},"thumbnailUrl":"https:\/\/www.ebg.de\/wp-content\/uploads\/2019\/09\/c-Marcus-Andreas-Mohr_EBG-Spendenlauf.jpg","datePublished":"2019-09-17T09:58:02+00:00","dateModified":"2019-09-24T12:07:48+00:00","author":{"@id":"https:\/\/www.ebg.de\/#\/schema\/person\/77f2f3c6647074b70ad64b8397a8edc4"},"breadcrumb":{"@id":"https:\/\/www.ebg.de\/gemeinsam-auf-der-laufstrecke-gutes-tun\/?lang=en#breadcrumb"},"inLanguage":"en-US","potentialAction":[{"@type":"ReadAction","target":["https:\/\/www.ebg.de\/gemeinsam-auf-der-laufstrecke-gutes-tun\/?lang=en"]}]},{"@type":"ImageObject","inLanguage":"en-US","@id":"https:\/\/www.ebg.de\/gemeinsam-auf-der-laufstrecke-gutes-tun\/?lang=en#primaryimage","url":"https:\/\/www.ebg.de\/wp-content\/uploads\/2019\/09\/c-Marcus-Andreas-Mohr_EBG-Spendenlauf.jpg","contentUrl":"https:\/\/www.ebg.de\/wp-content\/uploads\/2019\/09\/c-Marcus-Andreas-Mohr_EBG-Spendenlauf.jpg","width":1080,"height":1920},{"@type":"BreadcrumbList","@id":"https:\/\/www.ebg.de\/gemeinsam-auf-der-laufstrecke-gutes-tun\/?lang=en#breadcrumb","itemListElement":[{"@type":"ListItem","position":1,"name":"Startseite","item":"https:\/\/www.ebg.de\/"},{"@type":"ListItem","position":2,"name":"Gemeinsam auf der Laufstrecke Gutes tun"}]},{"@type":"WebSite","@id":"https:\/\/www.ebg.de\/#website","url":"https:\/\/www.ebg.de\/","name":"Europ\u00e4isches Bildungswerk f\u00fcr Beruf und Gesellschaft","description":"Bildung, Ausbildung und Weiterbildung","potentialAction":[{"@type":"SearchAction","target":{"@type":"EntryPoint","urlTemplate":"https:\/\/www.ebg.de\/?s={search_term_string}"},"query-input":{"@type":"PropertyValueSpecification","valueRequired":true,"valueName":"search_term_string"}}],"inLanguage":"en-US"},{"@type":"Person","@id":"https:\/\/www.ebg.de\/#\/schema\/person\/77f2f3c6647074b70ad64b8397a8edc4","name":"Dagmar Gumbert","image":{"@type":"ImageObject","inLanguage":"en-US","@id":"https:\/\/www.ebg.de\/#\/schema\/person\/image\/","url":"https:\/\/secure.gravatar.com\/avatar\/0af05cad1f550280112950cec0ccbad0d3acc2f5f0e9ed045b6857b2c4d88d49?s=96&d=mm&r=g","contentUrl":"https:\/\/secure.gravatar.com\/avatar\/0af05cad1f550280112950cec0ccbad0d3acc2f5f0e9ed045b6857b2c4d88d49?s=96&d=mm&r=g","caption":"Dagmar Gumbert"},"url":"https:\/\/www.ebg.de\/en\/author\/fshalle\/"}]}},"_links":{"self":[{"href":"https:\/\/www.ebg.de\/en\/wp-json\/wp\/v2\/posts\/4775","targetHints":{"allow":["GET"]}}],"collection":[{"href":"https:\/\/www.ebg.de\/en\/wp-json\/wp\/v2\/posts"}],"about":[{"href":"https:\/\/www.ebg.de\/en\/wp-json\/wp\/v2\/types\/post"}],"author":[{"embeddable":true,"href":"https:\/\/www.ebg.de\/en\/wp-json\/wp\/v2\/users\/18"}],"replies":[{"embeddable":true,"href":"https:\/\/www.ebg.de\/en\/wp-json\/wp\/v2\/comments?post=4775"}],"version-history":[{"count":5,"href":"https:\/\/www.ebg.de\/en\/wp-json\/wp\/v2\/posts\/4775\/revisions"}],"predecessor-version":[{"id":4800,"href":"https:\/\/www.ebg.de\/en\/wp-json\/wp\/v2\/posts\/4775\/revisions\/4800"}],"wp:featuredmedia":[{"embeddable":true,"href":"https:\/\/www.ebg.de\/en\/wp-json\/wp\/v2\/media\/4776"}],"wp:attachment":[{"href":"https:\/\/www.ebg.de\/en\/wp-json\/wp\/v2\/media?parent=4775"}],"wp:term":[{"taxonomy":"category","embeddable":true,"href":"https:\/\/www.ebg.de\/en\/wp-json\/wp\/v2\/categories?post=4775"},{"taxonomy":"post_tag","embeddable":true,"href":"https:\/\/www.ebg.de\/en\/wp-json\/wp\/v2\/tags?post=4775"}],"curies":[{"name":"wp","href":"https:\/\/api.w.org\/{rel}","templated":true}]}}