{"id":4768,"date":"2019-09-10T11:16:32","date_gmt":"2019-09-10T09:16:32","guid":{"rendered":"https:\/\/www.ebg.de\/?p=4768"},"modified":"2019-09-27T08:13:22","modified_gmt":"2019-09-27T06:13:22","slug":"startschuss-fuer-toleranz","status":"publish","type":"post","link":"https:\/\/www.ebg.de\/en\/startschuss-fuer-toleranz\/","title":{"rendered":"Startschuss f\u00fcr Toleranz"},"content":{"rendered":"\n<p>Das EBG Halle beteiligt sich am 20. September 2019 am 8. HALLIANZ Spendenlauf mit  Auszubildenden der Erzieher-Klassen 2019 und unterst\u00fctzt das Projekt <a href=\"https:\/\/web.facebook.com\/hallianz.fuer.vielfalt\/?__tn__=K-R&amp;eid=ARC92Qg3hxSWXNOLP1Z6zcn2lq0fAEIifYsxCeQ7R2gS2X1kWZTt5wIlWsN0QyDSNOH_qP_zIcefOwXy&amp;fref=mentions&amp;__xts__%5B0%5D=68.ARA8Uey0DFT6HL-PPAv4jM4t6_PWeIiu-rDvlQzoxyis7tXaHwVvJlrWcImgNjZOnLS1I1dihTNqrOzoP6rZJx5AwgaRhK7IZuvmGNn3bbA04-khe5PRRxBZUqJJJlk0eelEi6hVwPRZDafa3PHFCFOfSD3-AKLxPvJaTWW9DOaL8fJRnSg3CodyfOWbnMQB4QyBdYvu4ZOgnTFSXi7prYAXSQmk1D_IZXKPVrHf0tzswKvHl1YMRP3zDYtdFdHjP9dC97LBZJtUC9ND_S-bYQpGnOfCQvZYSV-c_YPmRMNM7XFuY1-4Ag3R-Or-wPBnm3CEmECYW1nm5rnQi85sZcrzPbM5tasw4AzcLx1X1tOpjBlOMCVpDrNPj7rAAGRxwcuWZ-ejIy5r3reAjPTyko-RSNhgf0NdycDfX6OiMv7d\">Hallianz f\u00fcr Vielfalt<\/a>, f\u00fcr ein tolerantes Zusammenleben und demokratische Werte in Halle (Saale). <\/p>\n\n\n\n<figure class=\"wp-block-image\"><img loading=\"lazy\" decoding=\"async\" width=\"1024\" height=\"388\" src=\"https:\/\/www.ebg.de\/wp-content\/uploads\/2019\/09\/spendenlauf-2019-banner-hallianzwebseite-660x250-1024x388.jpg\" alt=\"\" class=\"wp-image-4769\" srcset=\"https:\/\/www.ebg.de\/wp-content\/uploads\/2019\/09\/spendenlauf-2019-banner-hallianzwebseite-660x250-1024x388.jpg 1024w, https:\/\/www.ebg.de\/wp-content\/uploads\/2019\/09\/spendenlauf-2019-banner-hallianzwebseite-660x250-300x114.jpg 300w, https:\/\/www.ebg.de\/wp-content\/uploads\/2019\/09\/spendenlauf-2019-banner-hallianzwebseite-660x250-768x291.jpg 768w, https:\/\/www.ebg.de\/wp-content\/uploads\/2019\/09\/spendenlauf-2019-banner-hallianzwebseite-660x250-900x341.jpg 900w, https:\/\/www.ebg.de\/wp-content\/uploads\/2019\/09\/spendenlauf-2019-banner-hallianzwebseite-660x250-1200x455.jpg 1200w, https:\/\/www.ebg.de\/wp-content\/uploads\/2019\/09\/spendenlauf-2019-banner-hallianzwebseite-660x250.jpg 1375w\" sizes=\"auto, (max-width: 1024px) 100vw, 1024px\" \/><\/figure>\n","protected":false},"excerpt":{"rendered":"<p>Das EBG Halle beteiligt sich am 20. September 2019 am 8. HALLIANZ Spendenlauf (&#8230;)<\/p>\n","protected":false},"author":18,"featured_media":4771,"comment_status":"closed","ping_status":"closed","sticky":false,"template":"","format":"standard","meta":{"_acf_changed":false,"footnotes":""},"categories":[29],"tags":[90,95,78,93,80,92,123,124],"class_list":["post-4768","post","type-post","status-publish","format-standard","has-post-thumbnail","hentry","category-news-halle-schulen","tag-90","tag-ausbildung","tag-ebg","tag-ebg-halle","tag-erzieher","tag-halle","tag-hallianz","tag-spendenlauf"],"acf":[],"yoast_head":"<!-- This site is optimized with the Yoast SEO plugin v26.9 - https:\/\/yoast.com\/product\/yoast-seo-wordpress\/ -->\n<title>Startschuss f\u00fcr Toleranz - Europ\u00e4isches Bildungswerk f\u00fcr Beruf und Gesellschaft<\/title>\n<meta name=\"robots\" content=\"index, follow, max-snippet:-1, max-image-preview:large, max-video-preview:-1\" \/>\n<link rel=\"canonical\" href=\"https:\/\/www.ebg.de\/startschuss-fuer-toleranz\/?lang=en\" \/>\n<meta property=\"og:locale\" content=\"en_US\" \/>\n<meta property=\"og:type\" content=\"article\" \/>\n<meta property=\"og:title\" content=\"Startschuss f\u00fcr Toleranz - Europ\u00e4isches Bildungswerk f\u00fcr Beruf und Gesellschaft\" \/>\n<meta property=\"og:description\" content=\"Das EBG Halle beteiligt sich am 20. September 2019 am 8. HALLIANZ Spendenlauf (...)\" \/>\n<meta property=\"og:url\" content=\"https:\/\/www.ebg.de\/startschuss-fuer-toleranz\/?lang=en\" \/>\n<meta property=\"og:site_name\" content=\"Europ\u00e4isches Bildungswerk f\u00fcr Beruf und Gesellschaft\" \/>\n<meta property=\"article:published_time\" content=\"2019-09-10T09:16:32+00:00\" \/>\n<meta property=\"article:modified_time\" content=\"2019-09-27T06:13:22+00:00\" \/>\n<meta property=\"og:image\" content=\"https:\/\/www.ebg.de\/wp-content\/uploads\/2019\/09\/serveimage.jpg\" \/>\n\t<meta property=\"og:image:width\" content=\"1618\" \/>\n\t<meta property=\"og:image:height\" content=\"1080\" \/>\n\t<meta property=\"og:image:type\" content=\"image\/jpeg\" \/>\n<meta name=\"author\" content=\"Dagmar Gumbert\" \/>\n<meta name=\"twitter:card\" content=\"summary_large_image\" \/>\n<meta name=\"twitter:label1\" content=\"Written by\" \/>\n\t<meta name=\"twitter:data1\" content=\"Dagmar Gumbert\" \/>\n<!-- \/ Yoast SEO plugin. -->","yoast_head_json":{"title":"Startschuss f\u00fcr Toleranz - Europ\u00e4isches Bildungswerk f\u00fcr Beruf und Gesellschaft","robots":{"index":"index","follow":"follow","max-snippet":"max-snippet:-1","max-image-preview":"max-image-preview:large","max-video-preview":"max-video-preview:-1"},"canonical":"https:\/\/www.ebg.de\/startschuss-fuer-toleranz\/?lang=en","og_locale":"en_US","og_type":"article","og_title":"Startschuss f\u00fcr Toleranz - Europ\u00e4isches Bildungswerk f\u00fcr Beruf und Gesellschaft","og_description":"Das EBG Halle beteiligt sich am 20. September 2019 am 8. HALLIANZ Spendenlauf (...)","og_url":"https:\/\/www.ebg.de\/startschuss-fuer-toleranz\/?lang=en","og_site_name":"Europ\u00e4isches Bildungswerk f\u00fcr Beruf und Gesellschaft","article_published_time":"2019-09-10T09:16:32+00:00","article_modified_time":"2019-09-27T06:13:22+00:00","og_image":[{"width":1618,"height":1080,"url":"https:\/\/www.ebg.de\/wp-content\/uploads\/2019\/09\/serveimage.jpg","type":"image\/jpeg"}],"author":"Dagmar Gumbert","twitter_card":"summary_large_image","twitter_misc":{"Written by":"Dagmar Gumbert"},"schema":{"@context":"https:\/\/schema.org","@graph":[{"@type":"Article","@id":"https:\/\/www.ebg.de\/startschuss-fuer-toleranz\/?lang=en#article","isPartOf":{"@id":"https:\/\/www.ebg.de\/startschuss-fuer-toleranz\/?lang=en"},"author":{"name":"Dagmar Gumbert","@id":"https:\/\/www.ebg.de\/#\/schema\/person\/77f2f3c6647074b70ad64b8397a8edc4"},"headline":"Startschuss f\u00fcr Toleranz","datePublished":"2019-09-10T09:16:32+00:00","dateModified":"2019-09-27T06:13:22+00:00","mainEntityOfPage":{"@id":"https:\/\/www.ebg.de\/startschuss-fuer-toleranz\/?lang=en"},"wordCount":38,"image":{"@id":"https:\/\/www.ebg.de\/startschuss-fuer-toleranz\/?lang=en#primaryimage"},"thumbnailUrl":"https:\/\/www.ebg.de\/wp-content\/uploads\/2019\/09\/serveimage.jpg","keywords":["2019","Ausbildung","EBG","EBG Halle","Erzieher","Halle","hallianz","spendenlauf"],"articleSection":["News - Halle Schulen"],"inLanguage":"en-US"},{"@type":"WebPage","@id":"https:\/\/www.ebg.de\/startschuss-fuer-toleranz\/?lang=en","url":"https:\/\/www.ebg.de\/startschuss-fuer-toleranz\/?lang=en","name":"Startschuss f\u00fcr Toleranz - Europ\u00e4isches Bildungswerk f\u00fcr Beruf und Gesellschaft","isPartOf":{"@id":"https:\/\/www.ebg.de\/#website"},"primaryImageOfPage":{"@id":"https:\/\/www.ebg.de\/startschuss-fuer-toleranz\/?lang=en#primaryimage"},"image":{"@id":"https:\/\/www.ebg.de\/startschuss-fuer-toleranz\/?lang=en#primaryimage"},"thumbnailUrl":"https:\/\/www.ebg.de\/wp-content\/uploads\/2019\/09\/serveimage.jpg","datePublished":"2019-09-10T09:16:32+00:00","dateModified":"2019-09-27T06:13:22+00:00","author":{"@id":"https:\/\/www.ebg.de\/#\/schema\/person\/77f2f3c6647074b70ad64b8397a8edc4"},"breadcrumb":{"@id":"https:\/\/www.ebg.de\/startschuss-fuer-toleranz\/?lang=en#breadcrumb"},"inLanguage":"en-US","potentialAction":[{"@type":"ReadAction","target":["https:\/\/www.ebg.de\/startschuss-fuer-toleranz\/?lang=en"]}]},{"@type":"ImageObject","inLanguage":"en-US","@id":"https:\/\/www.ebg.de\/startschuss-fuer-toleranz\/?lang=en#primaryimage","url":"https:\/\/www.ebg.de\/wp-content\/uploads\/2019\/09\/serveimage.jpg","contentUrl":"https:\/\/www.ebg.de\/wp-content\/uploads\/2019\/09\/serveimage.jpg","width":1618,"height":1080},{"@type":"BreadcrumbList","@id":"https:\/\/www.ebg.de\/startschuss-fuer-toleranz\/?lang=en#breadcrumb","itemListElement":[{"@type":"ListItem","position":1,"name":"Startseite","item":"https:\/\/www.ebg.de\/"},{"@type":"ListItem","position":2,"name":"Startschuss f\u00fcr Toleranz"}]},{"@type":"WebSite","@id":"https:\/\/www.ebg.de\/#website","url":"https:\/\/www.ebg.de\/","name":"Europ\u00e4isches Bildungswerk f\u00fcr Beruf und Gesellschaft","description":"Bildung, Ausbildung und Weiterbildung","potentialAction":[{"@type":"SearchAction","target":{"@type":"EntryPoint","urlTemplate":"https:\/\/www.ebg.de\/?s={search_term_string}"},"query-input":{"@type":"PropertyValueSpecification","valueRequired":true,"valueName":"search_term_string"}}],"inLanguage":"en-US"},{"@type":"Person","@id":"https:\/\/www.ebg.de\/#\/schema\/person\/77f2f3c6647074b70ad64b8397a8edc4","name":"Dagmar Gumbert","image":{"@type":"ImageObject","inLanguage":"en-US","@id":"https:\/\/www.ebg.de\/#\/schema\/person\/image\/","url":"https:\/\/secure.gravatar.com\/avatar\/0af05cad1f550280112950cec0ccbad0d3acc2f5f0e9ed045b6857b2c4d88d49?s=96&d=mm&r=g","contentUrl":"https:\/\/secure.gravatar.com\/avatar\/0af05cad1f550280112950cec0ccbad0d3acc2f5f0e9ed045b6857b2c4d88d49?s=96&d=mm&r=g","caption":"Dagmar Gumbert"},"url":"https:\/\/www.ebg.de\/en\/author\/fshalle\/"}]}},"_links":{"self":[{"href":"https:\/\/www.ebg.de\/en\/wp-json\/wp\/v2\/posts\/4768","targetHints":{"allow":["GET"]}}],"collection":[{"href":"https:\/\/www.ebg.de\/en\/wp-json\/wp\/v2\/posts"}],"about":[{"href":"https:\/\/www.ebg.de\/en\/wp-json\/wp\/v2\/types\/post"}],"author":[{"embeddable":true,"href":"https:\/\/www.ebg.de\/en\/wp-json\/wp\/v2\/users\/18"}],"replies":[{"embeddable":true,"href":"https:\/\/www.ebg.de\/en\/wp-json\/wp\/v2\/comments?post=4768"}],"version-history":[{"count":3,"href":"https:\/\/www.ebg.de\/en\/wp-json\/wp\/v2\/posts\/4768\/revisions"}],"predecessor-version":[{"id":4802,"href":"https:\/\/www.ebg.de\/en\/wp-json\/wp\/v2\/posts\/4768\/revisions\/4802"}],"wp:featuredmedia":[{"embeddable":true,"href":"https:\/\/www.ebg.de\/en\/wp-json\/wp\/v2\/media\/4771"}],"wp:attachment":[{"href":"https:\/\/www.ebg.de\/en\/wp-json\/wp\/v2\/media?parent=4768"}],"wp:term":[{"taxonomy":"category","embeddable":true,"href":"https:\/\/www.ebg.de\/en\/wp-json\/wp\/v2\/categories?post=4768"},{"taxonomy":"post_tag","embeddable":true,"href":"https:\/\/www.ebg.de\/en\/wp-json\/wp\/v2\/tags?post=4768"}],"curies":[{"name":"wp","href":"https:\/\/api.w.org\/{rel}","templated":true}]}}