{"id":4762,"date":"2019-09-09T10:38:09","date_gmt":"2019-09-09T08:38:09","guid":{"rendered":"https:\/\/www.ebg.de\/?p=4762"},"modified":"2019-10-08T12:25:42","modified_gmt":"2019-10-08T10:25:42","slug":"qualifizierung-zur-paedagogischen-hilfskraft-in-kindertagesstaetten","status":"publish","type":"post","link":"https:\/\/www.ebg.de\/en\/qualifizierung-zur-paedagogischen-hilfskraft-in-kindertagesstaetten\/","title":{"rendered":"QUALIFIZIERUNG ZUR P\u00c4DAGOGISCHEN HILFSKRAFT IN KINDERTAGESST\u00c4TTEN&#8230;"},"content":{"rendered":"\n<p>&#8230;in Vorbereitung zur berufsbegleitenden Ausbildung<\/p>\n\n\n\n<p>Start <strong>14.10.19<\/strong><\/p>\n\n\n\n<p>Wollen Sie einen beruflichen Neustart wagen und suchen einen\nschnellen Einstieg in den Beruf des Erziehers ? <\/p>\n\n\n\n<p>Dann nutzen Sie diese Chance. Gern erteilen wir Ihnen Auskunft unter der <br>Telefonnummer: 03941\/4196290<br>oder per Mail: fs-hbs@ebg.de<\/p>\n","protected":false},"excerpt":{"rendered":"<p>Start am 14.10.2019, in Vorbereitung zur berufsbegleitenden Ausbildung<\/p>\n","protected":false},"author":22,"featured_media":4922,"comment_status":"closed","ping_status":"closed","sticky":false,"template":"","format":"standard","meta":{"_acf_changed":false,"footnotes":""},"categories":[28],"tags":[95,121,78,80,122,120,119,118],"class_list":["post-4762","post","type-post","status-publish","format-standard","has-post-thumbnail","hentry","category-news-halberstadt-schulen","tag-ausbildung","tag-berufsbegleitend","tag-ebg","tag-erzieher","tag-halberstadt","tag-hilfskraft","tag-paedagogische","tag-qualifizierung"],"acf":[],"yoast_head":"<!-- This site is optimized with the Yoast SEO plugin v26.9 - https:\/\/yoast.com\/product\/yoast-seo-wordpress\/ -->\n<title>QUALIFIZIERUNG ZUR P\u00c4DAGOGISCHEN HILFSKRAFT IN KINDERTAGESST\u00c4TTEN... - Europ\u00e4isches Bildungswerk f\u00fcr Beruf und Gesellschaft<\/title>\n<meta name=\"robots\" content=\"index, follow, max-snippet:-1, max-image-preview:large, max-video-preview:-1\" \/>\n<link rel=\"canonical\" href=\"https:\/\/www.ebg.de\/qualifizierung-zur-paedagogischen-hilfskraft-in-kindertagesstaetten\/\" \/>\n<meta property=\"og:locale\" content=\"en_US\" \/>\n<meta property=\"og:type\" content=\"article\" \/>\n<meta property=\"og:title\" content=\"QUALIFIZIERUNG ZUR P\u00c4DAGOGISCHEN HILFSKRAFT IN KINDERTAGESST\u00c4TTEN... - Europ\u00e4isches Bildungswerk f\u00fcr Beruf und Gesellschaft\" \/>\n<meta property=\"og:description\" content=\"Start am 14.10.2019, in Vorbereitung zur berufsbegleitenden Ausbildung\" \/>\n<meta property=\"og:url\" content=\"https:\/\/www.ebg.de\/qualifizierung-zur-paedagogischen-hilfskraft-in-kindertagesstaetten\/\" \/>\n<meta property=\"og:site_name\" content=\"Europ\u00e4isches Bildungswerk f\u00fcr Beruf und Gesellschaft\" \/>\n<meta property=\"article:published_time\" content=\"2019-09-09T08:38:09+00:00\" \/>\n<meta property=\"article:modified_time\" content=\"2019-10-08T10:25:42+00:00\" \/>\n<meta property=\"og:image\" content=\"https:\/\/www.ebg.de\/wp-content\/uploads\/2017\/06\/Fotolia_161681703-web-neu.jpg\" \/>\n\t<meta property=\"og:image:width\" content=\"300\" \/>\n\t<meta property=\"og:image:height\" content=\"151\" \/>\n\t<meta property=\"og:image:type\" content=\"image\/jpeg\" \/>\n<meta name=\"author\" content=\"Stephan Deubner\" \/>\n<meta name=\"twitter:card\" content=\"summary_large_image\" \/>\n<meta name=\"twitter:label1\" content=\"Written by\" \/>\n\t<meta name=\"twitter:data1\" content=\"Stephan Deubner\" \/>\n<!-- \/ Yoast SEO plugin. -->","yoast_head_json":{"title":"QUALIFIZIERUNG ZUR P\u00c4DAGOGISCHEN HILFSKRAFT IN KINDERTAGESST\u00c4TTEN... - Europ\u00e4isches Bildungswerk f\u00fcr Beruf und Gesellschaft","robots":{"index":"index","follow":"follow","max-snippet":"max-snippet:-1","max-image-preview":"max-image-preview:large","max-video-preview":"max-video-preview:-1"},"canonical":"https:\/\/www.ebg.de\/qualifizierung-zur-paedagogischen-hilfskraft-in-kindertagesstaetten\/","og_locale":"en_US","og_type":"article","og_title":"QUALIFIZIERUNG ZUR P\u00c4DAGOGISCHEN HILFSKRAFT IN KINDERTAGESST\u00c4TTEN... - Europ\u00e4isches Bildungswerk f\u00fcr Beruf und Gesellschaft","og_description":"Start am 14.10.2019, in Vorbereitung zur berufsbegleitenden Ausbildung","og_url":"https:\/\/www.ebg.de\/qualifizierung-zur-paedagogischen-hilfskraft-in-kindertagesstaetten\/","og_site_name":"Europ\u00e4isches Bildungswerk f\u00fcr Beruf und Gesellschaft","article_published_time":"2019-09-09T08:38:09+00:00","article_modified_time":"2019-10-08T10:25:42+00:00","og_image":[{"width":300,"height":151,"url":"https:\/\/www.ebg.de\/wp-content\/uploads\/2017\/06\/Fotolia_161681703-web-neu.jpg","type":"image\/jpeg"}],"author":"Stephan Deubner","twitter_card":"summary_large_image","twitter_misc":{"Written by":"Stephan Deubner"},"schema":{"@context":"https:\/\/schema.org","@graph":[{"@type":"Article","@id":"https:\/\/www.ebg.de\/qualifizierung-zur-paedagogischen-hilfskraft-in-kindertagesstaetten\/#article","isPartOf":{"@id":"https:\/\/www.ebg.de\/qualifizierung-zur-paedagogischen-hilfskraft-in-kindertagesstaetten\/"},"author":{"name":"Stephan Deubner","@id":"https:\/\/www.ebg.de\/#\/schema\/person\/af645ea1741029d9a44ae532ceb268bc"},"headline":"QUALIFIZIERUNG ZUR P\u00c4DAGOGISCHEN HILFSKRAFT IN KINDERTAGESST\u00c4TTEN&#8230;","datePublished":"2019-09-09T08:38:09+00:00","dateModified":"2019-10-08T10:25:42+00:00","mainEntityOfPage":{"@id":"https:\/\/www.ebg.de\/qualifizierung-zur-paedagogischen-hilfskraft-in-kindertagesstaetten\/"},"wordCount":49,"image":{"@id":"https:\/\/www.ebg.de\/qualifizierung-zur-paedagogischen-hilfskraft-in-kindertagesstaetten\/#primaryimage"},"thumbnailUrl":"https:\/\/www.ebg.de\/wp-content\/uploads\/2017\/06\/Fotolia_161681703-web-neu.jpg","keywords":["Ausbildung","berufsbegleitend","EBG","Erzieher","Halberstadt","Hilfskraft","p\u00e4dagogische","Qualifizierung"],"articleSection":["News - Halberstadt Schulen"],"inLanguage":"en-US"},{"@type":"WebPage","@id":"https:\/\/www.ebg.de\/qualifizierung-zur-paedagogischen-hilfskraft-in-kindertagesstaetten\/","url":"https:\/\/www.ebg.de\/qualifizierung-zur-paedagogischen-hilfskraft-in-kindertagesstaetten\/","name":"QUALIFIZIERUNG ZUR P\u00c4DAGOGISCHEN HILFSKRAFT IN KINDERTAGESST\u00c4TTEN... - Europ\u00e4isches Bildungswerk f\u00fcr Beruf und Gesellschaft","isPartOf":{"@id":"https:\/\/www.ebg.de\/#website"},"primaryImageOfPage":{"@id":"https:\/\/www.ebg.de\/qualifizierung-zur-paedagogischen-hilfskraft-in-kindertagesstaetten\/#primaryimage"},"image":{"@id":"https:\/\/www.ebg.de\/qualifizierung-zur-paedagogischen-hilfskraft-in-kindertagesstaetten\/#primaryimage"},"thumbnailUrl":"https:\/\/www.ebg.de\/wp-content\/uploads\/2017\/06\/Fotolia_161681703-web-neu.jpg","datePublished":"2019-09-09T08:38:09+00:00","dateModified":"2019-10-08T10:25:42+00:00","author":{"@id":"https:\/\/www.ebg.de\/#\/schema\/person\/af645ea1741029d9a44ae532ceb268bc"},"breadcrumb":{"@id":"https:\/\/www.ebg.de\/qualifizierung-zur-paedagogischen-hilfskraft-in-kindertagesstaetten\/#breadcrumb"},"inLanguage":"en-US","potentialAction":[{"@type":"ReadAction","target":["https:\/\/www.ebg.de\/qualifizierung-zur-paedagogischen-hilfskraft-in-kindertagesstaetten\/"]}]},{"@type":"ImageObject","inLanguage":"en-US","@id":"https:\/\/www.ebg.de\/qualifizierung-zur-paedagogischen-hilfskraft-in-kindertagesstaetten\/#primaryimage","url":"https:\/\/www.ebg.de\/wp-content\/uploads\/2017\/06\/Fotolia_161681703-web-neu.jpg","contentUrl":"https:\/\/www.ebg.de\/wp-content\/uploads\/2017\/06\/Fotolia_161681703-web-neu.jpg","width":300,"height":151,"caption":"Fachkraft in Kindertagesst\u00e4tten: Kind mit bunten H\u00e4nden lacht vergn\u00fcgt"},{"@type":"BreadcrumbList","@id":"https:\/\/www.ebg.de\/qualifizierung-zur-paedagogischen-hilfskraft-in-kindertagesstaetten\/#breadcrumb","itemListElement":[{"@type":"ListItem","position":1,"name":"Startseite","item":"https:\/\/www.ebg.de\/"},{"@type":"ListItem","position":2,"name":"QUALIFIZIERUNG ZUR P\u00c4DAGOGISCHEN HILFSKRAFT IN KINDERTAGESST\u00c4TTEN&#8230;"}]},{"@type":"WebSite","@id":"https:\/\/www.ebg.de\/#website","url":"https:\/\/www.ebg.de\/","name":"Europ\u00e4isches Bildungswerk f\u00fcr Beruf und Gesellschaft","description":"Bildung, Ausbildung und Weiterbildung","potentialAction":[{"@type":"SearchAction","target":{"@type":"EntryPoint","urlTemplate":"https:\/\/www.ebg.de\/?s={search_term_string}"},"query-input":{"@type":"PropertyValueSpecification","valueRequired":true,"valueName":"search_term_string"}}],"inLanguage":"en-US"},{"@type":"Person","@id":"https:\/\/www.ebg.de\/#\/schema\/person\/af645ea1741029d9a44ae532ceb268bc","name":"Stephan Deubner","image":{"@type":"ImageObject","inLanguage":"en-US","@id":"https:\/\/www.ebg.de\/#\/schema\/person\/image\/","url":"https:\/\/secure.gravatar.com\/avatar\/35731f6a08afa0518c45f153077f6135c0f41aa2ae0b76e850ef9508976a7bbe?s=96&d=mm&r=g","contentUrl":"https:\/\/secure.gravatar.com\/avatar\/35731f6a08afa0518c45f153077f6135c0f41aa2ae0b76e850ef9508976a7bbe?s=96&d=mm&r=g","caption":"Stephan Deubner"},"url":"https:\/\/www.ebg.de\/en\/author\/sdeubner\/"}]}},"_links":{"self":[{"href":"https:\/\/www.ebg.de\/en\/wp-json\/wp\/v2\/posts\/4762","targetHints":{"allow":["GET"]}}],"collection":[{"href":"https:\/\/www.ebg.de\/en\/wp-json\/wp\/v2\/posts"}],"about":[{"href":"https:\/\/www.ebg.de\/en\/wp-json\/wp\/v2\/types\/post"}],"author":[{"embeddable":true,"href":"https:\/\/www.ebg.de\/en\/wp-json\/wp\/v2\/users\/22"}],"replies":[{"embeddable":true,"href":"https:\/\/www.ebg.de\/en\/wp-json\/wp\/v2\/comments?post=4762"}],"version-history":[{"count":4,"href":"https:\/\/www.ebg.de\/en\/wp-json\/wp\/v2\/posts\/4762\/revisions"}],"predecessor-version":[{"id":4925,"href":"https:\/\/www.ebg.de\/en\/wp-json\/wp\/v2\/posts\/4762\/revisions\/4925"}],"wp:featuredmedia":[{"embeddable":true,"href":"https:\/\/www.ebg.de\/en\/wp-json\/wp\/v2\/media\/4922"}],"wp:attachment":[{"href":"https:\/\/www.ebg.de\/en\/wp-json\/wp\/v2\/media?parent=4762"}],"wp:term":[{"taxonomy":"category","embeddable":true,"href":"https:\/\/www.ebg.de\/en\/wp-json\/wp\/v2\/categories?post=4762"},{"taxonomy":"post_tag","embeddable":true,"href":"https:\/\/www.ebg.de\/en\/wp-json\/wp\/v2\/tags?post=4762"}],"curies":[{"name":"wp","href":"https:\/\/api.w.org\/{rel}","templated":true}]}}