{"id":4730,"date":"2019-08-29T08:53:42","date_gmt":"2019-08-29T06:53:42","guid":{"rendered":"https:\/\/www.ebg.de\/?p=4730"},"modified":"2019-08-29T08:54:46","modified_gmt":"2019-08-29T06:54:46","slug":"berufsorientierungsmesse-an-der-rahn-education","status":"publish","type":"post","link":"https:\/\/www.ebg.de\/en\/berufsorientierungsmesse-an-der-rahn-education\/","title":{"rendered":"Berufsorientierung an der Rahn-Education"},"content":{"rendered":"\n<p>Kleiner R\u00fcckblick auf die Berufsorientierungsmesse an der Rahn-Education: <br>Im Rahmen der Berufsorientierungsmesse in der Oberschule der Rahn-Education am 2. April 2019 stellte sich das Europ\u00e4ische  Bildungswerk mitsamt der angebotenen Ausbildungsberufe vor. Wir konnten  allgemeine Zukunftsfragen besprechen und Details zur Bewerbung kl\u00e4ren. Unsere Kunstlehrerin zeigte kleine \u00dcbungen aus dem Bereich der  Zirkusp\u00e4dagogik und lud die Sch\u00fcler zum Mitmachen ein. Nun freuen uns  sehr, dass ein Absolvent der 10. Klasse spontan seine Bewerbung  einreichte und die Ausbildung zum Sozialassistenten am EBG begonnen hat. <br> Wir freuen uns auf die n\u00e4chste Hausmesse und viele spannende Gespr\u00e4che und interessierte Sch\u00fcler.<\/p>\n\n\n\n<figure class=\"wp-block-image\"><img loading=\"lazy\" decoding=\"async\" width=\"1024\" height=\"683\" src=\"https:\/\/www.ebg.de\/wp-content\/uploads\/2019\/08\/RahnEducation_6711_00003_s-1024x683.jpg\" alt=\"\" class=\"wp-image-4733\" srcset=\"https:\/\/www.ebg.de\/wp-content\/uploads\/2019\/08\/RahnEducation_6711_00003_s-1024x683.jpg 1024w, https:\/\/www.ebg.de\/wp-content\/uploads\/2019\/08\/RahnEducation_6711_00003_s-300x200.jpg 300w, https:\/\/www.ebg.de\/wp-content\/uploads\/2019\/08\/RahnEducation_6711_00003_s-768x512.jpg 768w, https:\/\/www.ebg.de\/wp-content\/uploads\/2019\/08\/RahnEducation_6711_00003_s-900x600.jpg 900w, https:\/\/www.ebg.de\/wp-content\/uploads\/2019\/08\/RahnEducation_6711_00003_s-1200x800.jpg 1200w, https:\/\/www.ebg.de\/wp-content\/uploads\/2019\/08\/RahnEducation_6711_00003_s.jpg 1500w\" sizes=\"auto, (max-width: 1024px) 100vw, 1024px\" \/><\/figure>\n\n\n\n<figure class=\"wp-block-image\"><img loading=\"lazy\" decoding=\"async\" width=\"1024\" height=\"683\" src=\"https:\/\/www.ebg.de\/wp-content\/uploads\/2019\/08\/RahnEducation_6697_00002_s-1024x683.jpg\" alt=\"\" class=\"wp-image-4735\" srcset=\"https:\/\/www.ebg.de\/wp-content\/uploads\/2019\/08\/RahnEducation_6697_00002_s-1024x683.jpg 1024w, https:\/\/www.ebg.de\/wp-content\/uploads\/2019\/08\/RahnEducation_6697_00002_s-300x200.jpg 300w, https:\/\/www.ebg.de\/wp-content\/uploads\/2019\/08\/RahnEducation_6697_00002_s-768x512.jpg 768w, https:\/\/www.ebg.de\/wp-content\/uploads\/2019\/08\/RahnEducation_6697_00002_s-900x600.jpg 900w, https:\/\/www.ebg.de\/wp-content\/uploads\/2019\/08\/RahnEducation_6697_00002_s-1200x800.jpg 1200w, https:\/\/www.ebg.de\/wp-content\/uploads\/2019\/08\/RahnEducation_6697_00002_s.jpg 1500w\" sizes=\"auto, (max-width: 1024px) 100vw, 1024px\" \/><\/figure>\n","protected":false},"excerpt":{"rendered":"<p>Kleiner R\u00fcckblick auf die Berufsorientierungsmesse an der Rahn-Education<\/p>\n","protected":false},"author":2,"featured_media":4731,"comment_status":"closed","ping_status":"closed","sticky":false,"template":"","format":"standard","meta":{"_acf_changed":false,"footnotes":""},"categories":[27],"tags":[],"class_list":["post-4730","post","type-post","status-publish","format-standard","has-post-thumbnail","hentry","category-news-leipzig-schulen"],"acf":[],"yoast_head":"<!-- This site is optimized with the Yoast SEO plugin v26.9 - https:\/\/yoast.com\/product\/yoast-seo-wordpress\/ -->\n<title>Berufsorientierung an der Rahn-Education - Europ\u00e4isches Bildungswerk f\u00fcr Beruf und Gesellschaft<\/title>\n<meta name=\"robots\" content=\"index, follow, max-snippet:-1, max-image-preview:large, max-video-preview:-1\" \/>\n<link rel=\"canonical\" href=\"https:\/\/www.ebg.de\/berufsorientierungsmesse-an-der-rahn-education\/\" \/>\n<meta property=\"og:locale\" content=\"en_US\" \/>\n<meta property=\"og:type\" content=\"article\" \/>\n<meta property=\"og:title\" content=\"Berufsorientierung an der Rahn-Education - Europ\u00e4isches Bildungswerk f\u00fcr Beruf und Gesellschaft\" \/>\n<meta property=\"og:description\" content=\"Kleiner R\u00fcckblick auf die Berufsorientierungsmesse an der Rahn-Education\" \/>\n<meta property=\"og:url\" content=\"https:\/\/www.ebg.de\/berufsorientierungsmesse-an-der-rahn-education\/\" \/>\n<meta property=\"og:site_name\" content=\"Europ\u00e4isches Bildungswerk f\u00fcr Beruf und Gesellschaft\" \/>\n<meta property=\"article:published_time\" content=\"2019-08-29T06:53:42+00:00\" \/>\n<meta property=\"article:modified_time\" content=\"2019-08-29T06:54:46+00:00\" \/>\n<meta property=\"og:image\" content=\"https:\/\/www.ebg.de\/wp-content\/uploads\/2019\/08\/RahnEducation_6717_00004_s.jpg\" \/>\n\t<meta property=\"og:image:width\" content=\"1500\" \/>\n\t<meta property=\"og:image:height\" content=\"1000\" \/>\n\t<meta property=\"og:image:type\" content=\"image\/jpeg\" \/>\n<meta name=\"author\" content=\"Carla R\u00f6blitz\" \/>\n<meta name=\"twitter:card\" content=\"summary_large_image\" \/>\n<meta name=\"twitter:label1\" content=\"Written by\" \/>\n\t<meta name=\"twitter:data1\" content=\"Carla R\u00f6blitz\" \/>\n\t<meta name=\"twitter:label2\" content=\"Est. reading time\" \/>\n\t<meta name=\"twitter:data2\" content=\"1 minute\" \/>\n<!-- \/ Yoast SEO plugin. -->","yoast_head_json":{"title":"Berufsorientierung an der Rahn-Education - Europ\u00e4isches Bildungswerk f\u00fcr Beruf und Gesellschaft","robots":{"index":"index","follow":"follow","max-snippet":"max-snippet:-1","max-image-preview":"max-image-preview:large","max-video-preview":"max-video-preview:-1"},"canonical":"https:\/\/www.ebg.de\/berufsorientierungsmesse-an-der-rahn-education\/","og_locale":"en_US","og_type":"article","og_title":"Berufsorientierung an der Rahn-Education - Europ\u00e4isches Bildungswerk f\u00fcr Beruf und Gesellschaft","og_description":"Kleiner R\u00fcckblick auf die Berufsorientierungsmesse an der Rahn-Education","og_url":"https:\/\/www.ebg.de\/berufsorientierungsmesse-an-der-rahn-education\/","og_site_name":"Europ\u00e4isches Bildungswerk f\u00fcr Beruf und Gesellschaft","article_published_time":"2019-08-29T06:53:42+00:00","article_modified_time":"2019-08-29T06:54:46+00:00","og_image":[{"width":1500,"height":1000,"url":"https:\/\/www.ebg.de\/wp-content\/uploads\/2019\/08\/RahnEducation_6717_00004_s.jpg","type":"image\/jpeg"}],"author":"Carla R\u00f6blitz","twitter_card":"summary_large_image","twitter_misc":{"Written by":"Carla R\u00f6blitz","Est. reading time":"1 minute"},"schema":{"@context":"https:\/\/schema.org","@graph":[{"@type":"Article","@id":"https:\/\/www.ebg.de\/berufsorientierungsmesse-an-der-rahn-education\/#article","isPartOf":{"@id":"https:\/\/www.ebg.de\/berufsorientierungsmesse-an-der-rahn-education\/"},"author":{"name":"Carla R\u00f6blitz","@id":"https:\/\/www.ebg.de\/#\/schema\/person\/6194a3051c516578ca559a6b15ac8fd8"},"headline":"Berufsorientierung an der Rahn-Education","datePublished":"2019-08-29T06:53:42+00:00","dateModified":"2019-08-29T06:54:46+00:00","mainEntityOfPage":{"@id":"https:\/\/www.ebg.de\/berufsorientierungsmesse-an-der-rahn-education\/"},"wordCount":104,"image":{"@id":"https:\/\/www.ebg.de\/berufsorientierungsmesse-an-der-rahn-education\/#primaryimage"},"thumbnailUrl":"https:\/\/www.ebg.de\/wp-content\/uploads\/2019\/08\/RahnEducation_6717_00004_s.jpg","articleSection":["News - Leipzig Schulen"],"inLanguage":"en-US"},{"@type":"WebPage","@id":"https:\/\/www.ebg.de\/berufsorientierungsmesse-an-der-rahn-education\/","url":"https:\/\/www.ebg.de\/berufsorientierungsmesse-an-der-rahn-education\/","name":"Berufsorientierung an der Rahn-Education - Europ\u00e4isches Bildungswerk f\u00fcr Beruf und Gesellschaft","isPartOf":{"@id":"https:\/\/www.ebg.de\/#website"},"primaryImageOfPage":{"@id":"https:\/\/www.ebg.de\/berufsorientierungsmesse-an-der-rahn-education\/#primaryimage"},"image":{"@id":"https:\/\/www.ebg.de\/berufsorientierungsmesse-an-der-rahn-education\/#primaryimage"},"thumbnailUrl":"https:\/\/www.ebg.de\/wp-content\/uploads\/2019\/08\/RahnEducation_6717_00004_s.jpg","datePublished":"2019-08-29T06:53:42+00:00","dateModified":"2019-08-29T06:54:46+00:00","author":{"@id":"https:\/\/www.ebg.de\/#\/schema\/person\/6194a3051c516578ca559a6b15ac8fd8"},"breadcrumb":{"@id":"https:\/\/www.ebg.de\/berufsorientierungsmesse-an-der-rahn-education\/#breadcrumb"},"inLanguage":"en-US","potentialAction":[{"@type":"ReadAction","target":["https:\/\/www.ebg.de\/berufsorientierungsmesse-an-der-rahn-education\/"]}]},{"@type":"ImageObject","inLanguage":"en-US","@id":"https:\/\/www.ebg.de\/berufsorientierungsmesse-an-der-rahn-education\/#primaryimage","url":"https:\/\/www.ebg.de\/wp-content\/uploads\/2019\/08\/RahnEducation_6717_00004_s.jpg","contentUrl":"https:\/\/www.ebg.de\/wp-content\/uploads\/2019\/08\/RahnEducation_6717_00004_s.jpg","width":1500,"height":1000},{"@type":"BreadcrumbList","@id":"https:\/\/www.ebg.de\/berufsorientierungsmesse-an-der-rahn-education\/#breadcrumb","itemListElement":[{"@type":"ListItem","position":1,"name":"Startseite","item":"https:\/\/www.ebg.de\/"},{"@type":"ListItem","position":2,"name":"Berufsorientierung an der Rahn-Education"}]},{"@type":"WebSite","@id":"https:\/\/www.ebg.de\/#website","url":"https:\/\/www.ebg.de\/","name":"Europ\u00e4isches Bildungswerk f\u00fcr Beruf und Gesellschaft","description":"Bildung, Ausbildung und Weiterbildung","potentialAction":[{"@type":"SearchAction","target":{"@type":"EntryPoint","urlTemplate":"https:\/\/www.ebg.de\/?s={search_term_string}"},"query-input":{"@type":"PropertyValueSpecification","valueRequired":true,"valueName":"search_term_string"}}],"inLanguage":"en-US"},{"@type":"Person","@id":"https:\/\/www.ebg.de\/#\/schema\/person\/6194a3051c516578ca559a6b15ac8fd8","name":"Carla R\u00f6blitz","image":{"@type":"ImageObject","inLanguage":"en-US","@id":"https:\/\/www.ebg.de\/#\/schema\/person\/image\/","url":"https:\/\/secure.gravatar.com\/avatar\/a857149204a48781b4d141524fc4cbc60c48bb5682271a5e2762174f7ac85a2d?s=96&d=mm&r=g","contentUrl":"https:\/\/secure.gravatar.com\/avatar\/a857149204a48781b4d141524fc4cbc60c48bb5682271a5e2762174f7ac85a2d?s=96&d=mm&r=g","caption":"Carla R\u00f6blitz"},"url":"https:\/\/www.ebg.de\/en\/author\/croeblitz\/"}]}},"_links":{"self":[{"href":"https:\/\/www.ebg.de\/en\/wp-json\/wp\/v2\/posts\/4730","targetHints":{"allow":["GET"]}}],"collection":[{"href":"https:\/\/www.ebg.de\/en\/wp-json\/wp\/v2\/posts"}],"about":[{"href":"https:\/\/www.ebg.de\/en\/wp-json\/wp\/v2\/types\/post"}],"author":[{"embeddable":true,"href":"https:\/\/www.ebg.de\/en\/wp-json\/wp\/v2\/users\/2"}],"replies":[{"embeddable":true,"href":"https:\/\/www.ebg.de\/en\/wp-json\/wp\/v2\/comments?post=4730"}],"version-history":[{"count":3,"href":"https:\/\/www.ebg.de\/en\/wp-json\/wp\/v2\/posts\/4730\/revisions"}],"predecessor-version":[{"id":4741,"href":"https:\/\/www.ebg.de\/en\/wp-json\/wp\/v2\/posts\/4730\/revisions\/4741"}],"wp:featuredmedia":[{"embeddable":true,"href":"https:\/\/www.ebg.de\/en\/wp-json\/wp\/v2\/media\/4731"}],"wp:attachment":[{"href":"https:\/\/www.ebg.de\/en\/wp-json\/wp\/v2\/media?parent=4730"}],"wp:term":[{"taxonomy":"category","embeddable":true,"href":"https:\/\/www.ebg.de\/en\/wp-json\/wp\/v2\/categories?post=4730"},{"taxonomy":"post_tag","embeddable":true,"href":"https:\/\/www.ebg.de\/en\/wp-json\/wp\/v2\/tags?post=4730"}],"curies":[{"name":"wp","href":"https:\/\/api.w.org\/{rel}","templated":true}]}}