{"id":4432,"date":"2019-06-24T07:48:19","date_gmt":"2019-06-24T05:48:19","guid":{"rendered":"https:\/\/www.ebg.de\/?p=4432"},"modified":"2019-06-24T07:51:56","modified_gmt":"2019-06-24T05:51:56","slug":"der-ebg-qualitaetsverbund-liefert-weiterhin-hohe-qualitaet","status":"publish","type":"post","link":"https:\/\/www.ebg.de\/en\/der-ebg-qualitaetsverbund-liefert-weiterhin-hohe-qualitaet\/","title":{"rendered":"Der EBG-Qualit\u00e4tsverbund liefert weiterhin hohe Qualit\u00e4t"},"content":{"rendered":"\n<p>Nach der\nerfolgreichen Rezertifizierung im letzten Jahr war es das 1. \u00dcberwachungsaudit\nnach der neuen Normversion DIN EN ISO 9001:2015 und das 4. \u00dcberwachungsaudit\nbzgl. unserer Tr\u00e4gerzulassung nach AZAV f\u00fcr die entsprechenden\nVerbundmitglieder EBG gemeinn\u00fctzige GmbH, EBG e. V. Leipzig, Magdeburger\nProjektservice GmbH und die Plan B gGmbH.<\/p>\n\n\n\n<p>Auch unsere\nslowakischen Partner in Brezno (Private P\u00e4dagogische Fachschule EBG) und\nZavadka nad Hronom (Euro Projektservis s.r.o) waren diesmal in das Audit\neinbezogen.&nbsp; <\/p>\n\n\n\n<p>Ein\nH\u00f6hepunkt in diesem Jahr war das Audit in unserem \u00dcberregionalen\nKompetenzzentrum Ma\u00dfnahmen im Strafvollzug, wobei in der JVA Brandenburg die\nSchwei\u00dfausbildung f\u00fcr Strafgefangene gepr\u00fcft wurde. Eine Herausforderung\nhierbei ist das Zusammenspiel der Qualit\u00e4tsanforderungen von DIN EN ISO\n9001:2015 und der speziellen Qualit\u00e4tsanforderungen f\u00fcr das Schwei\u00dfen (z. B.\nDVS-Richtlinien).<\/p>\n\n\n\n<p>Au\u00dferdem\nfand eine vor-Ort-Pr\u00fcfung von 12 Ma\u00dfnahmen der Arbeitsf\u00f6rderung nach SGB III\nstatt, die im Rahmen der AZAV-Ma\u00dfnahmezertifizierungen in 2018 und Anfang 2019\nreferenzgepr\u00fcft wurden.<\/p>\n\n\n\n<p>Das Ergebnis des \u00dcberwachungsaudits war positiv, der EBG-Qualit\u00e4tsverbund konnte sein Zertifikat nach DIN EN ISO 9001:2015 und die Tr\u00e4gerzulassungen nach AZAV erfolgreich verteidigen.<\/p>\n\n\n\n<p><\/p>\n\n\n\n<p> Dr. Frank Siebeck<br> Qualit\u00e4tsmanagementbeauftragter <\/p>\n","protected":false},"excerpt":{"rendered":"<p>Am 06., 07. und 14.05.2019 fand f\u00fcr den Qualit\u00e4tsverbund der Europ\u00e4ischen Bildungswerke f\u00fcr Beruf und Gesellschaft und verbundener Gesellschaften das \u00dcberwachungsaudit durch unsere Zertifizierungsgesellschaft CERTQUA statt.<\/p>\n","protected":false},"author":22,"featured_media":4434,"comment_status":"closed","ping_status":"closed","sticky":false,"template":"","format":"standard","meta":{"_acf_changed":false,"footnotes":""},"categories":[22],"tags":[],"class_list":["post-4432","post","type-post","status-publish","format-standard","has-post-thumbnail","hentry","category-news-gf"],"acf":[],"yoast_head":"<!-- This site is optimized with the Yoast SEO plugin v26.9 - https:\/\/yoast.com\/product\/yoast-seo-wordpress\/ -->\n<title>Der EBG-Qualit\u00e4tsverbund liefert weiterhin hohe Qualit\u00e4t - Europ\u00e4isches Bildungswerk f\u00fcr Beruf und Gesellschaft<\/title>\n<meta name=\"robots\" content=\"index, follow, max-snippet:-1, max-image-preview:large, max-video-preview:-1\" \/>\n<link rel=\"canonical\" href=\"https:\/\/www.ebg.de\/der-ebg-qualitaetsverbund-liefert-weiterhin-hohe-qualitaet\/\" \/>\n<meta property=\"og:locale\" content=\"en_US\" \/>\n<meta property=\"og:type\" content=\"article\" \/>\n<meta property=\"og:title\" content=\"Der EBG-Qualit\u00e4tsverbund liefert weiterhin hohe Qualit\u00e4t - Europ\u00e4isches Bildungswerk f\u00fcr Beruf und Gesellschaft\" \/>\n<meta property=\"og:description\" content=\"Am 06., 07. und 14.05.2019 fand f\u00fcr den Qualit\u00e4tsverbund der Europ\u00e4ischen Bildungswerke f\u00fcr Beruf und Gesellschaft und verbundener Gesellschaften das \u00dcberwachungsaudit durch unsere Zertifizierungsgesellschaft CERTQUA statt.\" \/>\n<meta property=\"og:url\" content=\"https:\/\/www.ebg.de\/der-ebg-qualitaetsverbund-liefert-weiterhin-hohe-qualitaet\/\" \/>\n<meta property=\"og:site_name\" content=\"Europ\u00e4isches Bildungswerk f\u00fcr Beruf und Gesellschaft\" \/>\n<meta property=\"article:published_time\" content=\"2019-06-24T05:48:19+00:00\" \/>\n<meta property=\"article:modified_time\" content=\"2019-06-24T05:51:56+00:00\" \/>\n<meta property=\"og:image\" content=\"https:\/\/www.ebg.de\/wp-content\/uploads\/2019\/06\/Certqua_Siegel_9001_AZAV_gross_4c.jpg\" \/>\n\t<meta property=\"og:image:width\" content=\"783\" \/>\n\t<meta property=\"og:image:height\" content=\"396\" \/>\n\t<meta property=\"og:image:type\" content=\"image\/jpeg\" \/>\n<meta name=\"author\" content=\"Stephan Deubner\" \/>\n<meta name=\"twitter:card\" content=\"summary_large_image\" \/>\n<meta name=\"twitter:label1\" content=\"Written by\" \/>\n\t<meta name=\"twitter:data1\" content=\"Stephan Deubner\" \/>\n\t<meta name=\"twitter:label2\" content=\"Est. reading time\" \/>\n\t<meta name=\"twitter:data2\" content=\"1 minute\" \/>\n<!-- \/ Yoast SEO plugin. -->","yoast_head_json":{"title":"Der EBG-Qualit\u00e4tsverbund liefert weiterhin hohe Qualit\u00e4t - Europ\u00e4isches Bildungswerk f\u00fcr Beruf und Gesellschaft","robots":{"index":"index","follow":"follow","max-snippet":"max-snippet:-1","max-image-preview":"max-image-preview:large","max-video-preview":"max-video-preview:-1"},"canonical":"https:\/\/www.ebg.de\/der-ebg-qualitaetsverbund-liefert-weiterhin-hohe-qualitaet\/","og_locale":"en_US","og_type":"article","og_title":"Der EBG-Qualit\u00e4tsverbund liefert weiterhin hohe Qualit\u00e4t - Europ\u00e4isches Bildungswerk f\u00fcr Beruf und Gesellschaft","og_description":"Am 06., 07. und 14.05.2019 fand f\u00fcr den Qualit\u00e4tsverbund der Europ\u00e4ischen Bildungswerke f\u00fcr Beruf und Gesellschaft und verbundener Gesellschaften das \u00dcberwachungsaudit durch unsere Zertifizierungsgesellschaft CERTQUA statt.","og_url":"https:\/\/www.ebg.de\/der-ebg-qualitaetsverbund-liefert-weiterhin-hohe-qualitaet\/","og_site_name":"Europ\u00e4isches Bildungswerk f\u00fcr Beruf und Gesellschaft","article_published_time":"2019-06-24T05:48:19+00:00","article_modified_time":"2019-06-24T05:51:56+00:00","og_image":[{"width":783,"height":396,"url":"https:\/\/www.ebg.de\/wp-content\/uploads\/2019\/06\/Certqua_Siegel_9001_AZAV_gross_4c.jpg","type":"image\/jpeg"}],"author":"Stephan Deubner","twitter_card":"summary_large_image","twitter_misc":{"Written by":"Stephan Deubner","Est. reading time":"1 minute"},"schema":{"@context":"https:\/\/schema.org","@graph":[{"@type":"Article","@id":"https:\/\/www.ebg.de\/der-ebg-qualitaetsverbund-liefert-weiterhin-hohe-qualitaet\/#article","isPartOf":{"@id":"https:\/\/www.ebg.de\/der-ebg-qualitaetsverbund-liefert-weiterhin-hohe-qualitaet\/"},"author":{"name":"Stephan Deubner","@id":"https:\/\/www.ebg.de\/#\/schema\/person\/af645ea1741029d9a44ae532ceb268bc"},"headline":"Der EBG-Qualit\u00e4tsverbund liefert weiterhin hohe Qualit\u00e4t","datePublished":"2019-06-24T05:48:19+00:00","dateModified":"2019-06-24T05:51:56+00:00","mainEntityOfPage":{"@id":"https:\/\/www.ebg.de\/der-ebg-qualitaetsverbund-liefert-weiterhin-hohe-qualitaet\/"},"wordCount":197,"image":{"@id":"https:\/\/www.ebg.de\/der-ebg-qualitaetsverbund-liefert-weiterhin-hohe-qualitaet\/#primaryimage"},"thumbnailUrl":"https:\/\/www.ebg.de\/wp-content\/uploads\/2019\/06\/Certqua_Siegel_9001_AZAV_gross_4c.jpg","articleSection":["News-GF"],"inLanguage":"en-US"},{"@type":"WebPage","@id":"https:\/\/www.ebg.de\/der-ebg-qualitaetsverbund-liefert-weiterhin-hohe-qualitaet\/","url":"https:\/\/www.ebg.de\/der-ebg-qualitaetsverbund-liefert-weiterhin-hohe-qualitaet\/","name":"Der EBG-Qualit\u00e4tsverbund liefert weiterhin hohe Qualit\u00e4t - Europ\u00e4isches Bildungswerk f\u00fcr Beruf und Gesellschaft","isPartOf":{"@id":"https:\/\/www.ebg.de\/#website"},"primaryImageOfPage":{"@id":"https:\/\/www.ebg.de\/der-ebg-qualitaetsverbund-liefert-weiterhin-hohe-qualitaet\/#primaryimage"},"image":{"@id":"https:\/\/www.ebg.de\/der-ebg-qualitaetsverbund-liefert-weiterhin-hohe-qualitaet\/#primaryimage"},"thumbnailUrl":"https:\/\/www.ebg.de\/wp-content\/uploads\/2019\/06\/Certqua_Siegel_9001_AZAV_gross_4c.jpg","datePublished":"2019-06-24T05:48:19+00:00","dateModified":"2019-06-24T05:51:56+00:00","author":{"@id":"https:\/\/www.ebg.de\/#\/schema\/person\/af645ea1741029d9a44ae532ceb268bc"},"breadcrumb":{"@id":"https:\/\/www.ebg.de\/der-ebg-qualitaetsverbund-liefert-weiterhin-hohe-qualitaet\/#breadcrumb"},"inLanguage":"en-US","potentialAction":[{"@type":"ReadAction","target":["https:\/\/www.ebg.de\/der-ebg-qualitaetsverbund-liefert-weiterhin-hohe-qualitaet\/"]}]},{"@type":"ImageObject","inLanguage":"en-US","@id":"https:\/\/www.ebg.de\/der-ebg-qualitaetsverbund-liefert-weiterhin-hohe-qualitaet\/#primaryimage","url":"https:\/\/www.ebg.de\/wp-content\/uploads\/2019\/06\/Certqua_Siegel_9001_AZAV_gross_4c.jpg","contentUrl":"https:\/\/www.ebg.de\/wp-content\/uploads\/2019\/06\/Certqua_Siegel_9001_AZAV_gross_4c.jpg","width":783,"height":396},{"@type":"BreadcrumbList","@id":"https:\/\/www.ebg.de\/der-ebg-qualitaetsverbund-liefert-weiterhin-hohe-qualitaet\/#breadcrumb","itemListElement":[{"@type":"ListItem","position":1,"name":"Startseite","item":"https:\/\/www.ebg.de\/"},{"@type":"ListItem","position":2,"name":"Der EBG-Qualit\u00e4tsverbund liefert weiterhin hohe Qualit\u00e4t"}]},{"@type":"WebSite","@id":"https:\/\/www.ebg.de\/#website","url":"https:\/\/www.ebg.de\/","name":"Europ\u00e4isches Bildungswerk f\u00fcr Beruf und Gesellschaft","description":"Bildung, Ausbildung und Weiterbildung","potentialAction":[{"@type":"SearchAction","target":{"@type":"EntryPoint","urlTemplate":"https:\/\/www.ebg.de\/?s={search_term_string}"},"query-input":{"@type":"PropertyValueSpecification","valueRequired":true,"valueName":"search_term_string"}}],"inLanguage":"en-US"},{"@type":"Person","@id":"https:\/\/www.ebg.de\/#\/schema\/person\/af645ea1741029d9a44ae532ceb268bc","name":"Stephan Deubner","image":{"@type":"ImageObject","inLanguage":"en-US","@id":"https:\/\/www.ebg.de\/#\/schema\/person\/image\/","url":"https:\/\/secure.gravatar.com\/avatar\/35731f6a08afa0518c45f153077f6135c0f41aa2ae0b76e850ef9508976a7bbe?s=96&d=mm&r=g","contentUrl":"https:\/\/secure.gravatar.com\/avatar\/35731f6a08afa0518c45f153077f6135c0f41aa2ae0b76e850ef9508976a7bbe?s=96&d=mm&r=g","caption":"Stephan Deubner"},"url":"https:\/\/www.ebg.de\/en\/author\/sdeubner\/"}]}},"_links":{"self":[{"href":"https:\/\/www.ebg.de\/en\/wp-json\/wp\/v2\/posts\/4432","targetHints":{"allow":["GET"]}}],"collection":[{"href":"https:\/\/www.ebg.de\/en\/wp-json\/wp\/v2\/posts"}],"about":[{"href":"https:\/\/www.ebg.de\/en\/wp-json\/wp\/v2\/types\/post"}],"author":[{"embeddable":true,"href":"https:\/\/www.ebg.de\/en\/wp-json\/wp\/v2\/users\/22"}],"replies":[{"embeddable":true,"href":"https:\/\/www.ebg.de\/en\/wp-json\/wp\/v2\/comments?post=4432"}],"version-history":[{"count":5,"href":"https:\/\/www.ebg.de\/en\/wp-json\/wp\/v2\/posts\/4432\/revisions"}],"predecessor-version":[{"id":4481,"href":"https:\/\/www.ebg.de\/en\/wp-json\/wp\/v2\/posts\/4432\/revisions\/4481"}],"wp:featuredmedia":[{"embeddable":true,"href":"https:\/\/www.ebg.de\/en\/wp-json\/wp\/v2\/media\/4434"}],"wp:attachment":[{"href":"https:\/\/www.ebg.de\/en\/wp-json\/wp\/v2\/media?parent=4432"}],"wp:term":[{"taxonomy":"category","embeddable":true,"href":"https:\/\/www.ebg.de\/en\/wp-json\/wp\/v2\/categories?post=4432"},{"taxonomy":"post_tag","embeddable":true,"href":"https:\/\/www.ebg.de\/en\/wp-json\/wp\/v2\/tags?post=4432"}],"curies":[{"name":"wp","href":"https:\/\/api.w.org\/{rel}","templated":true}]}}