{"id":4236,"date":"2019-05-21T09:54:29","date_gmt":"2019-05-21T07:54:29","guid":{"rendered":"https:\/\/www.ebg.de\/?p=4236"},"modified":"2019-09-09T10:54:43","modified_gmt":"2019-09-09T08:54:43","slug":"benefizlauf-fuer-krebskranke-kinder","status":"publish","type":"post","link":"https:\/\/www.ebg.de\/en\/benefizlauf-fuer-krebskranke-kinder\/","title":{"rendered":"Benefizlauf f\u00fcr krebskranke Kinder"},"content":{"rendered":"\n<p><\/p>\n\n\n\n<p>Mit Ehrgeiz und Freude liefen wir Runde um Runde und spendeten damit  Geld f\u00fcr Kinder, deren Lebensweg von Krankheit gekennzeichnet ist.  Soziales Engagement ist menschliches Grundprinzip eines angehenden  Erziehers. Unser Team geht mit gutem Vorbild voran. Es war ein schwei\u00dftreibender aber erf\u00fcllter Tag. Ein herzlichen Dank an Frau Becker, f\u00fcr die tolle Organisation des Events !!<\/p>\n\n\n\n<p><\/p>\n","protected":false},"excerpt":{"rendered":"<p>Am 18.5.19 um 10.00 Uhr bewies unser Team Mut und Kondition f\u00fcr einen guten Zweck.<\/p>\n","protected":false},"author":19,"featured_media":4238,"comment_status":"closed","ping_status":"closed","sticky":false,"template":"","format":"standard","meta":{"_acf_changed":false,"footnotes":""},"categories":[28],"tags":[],"class_list":["post-4236","post","type-post","status-publish","format-standard","has-post-thumbnail","hentry","category-news-halberstadt-schulen"],"acf":[],"yoast_head":"<!-- This site is optimized with the Yoast SEO plugin v26.9 - https:\/\/yoast.com\/product\/yoast-seo-wordpress\/ -->\n<title>Benefizlauf f\u00fcr krebskranke Kinder - Europ\u00e4isches Bildungswerk f\u00fcr Beruf und Gesellschaft<\/title>\n<meta name=\"robots\" content=\"index, follow, max-snippet:-1, max-image-preview:large, max-video-preview:-1\" \/>\n<link rel=\"canonical\" href=\"https:\/\/www.ebg.de\/benefizlauf-fuer-krebskranke-kinder\/?lang=en\" \/>\n<meta property=\"og:locale\" content=\"en_US\" \/>\n<meta property=\"og:type\" content=\"article\" \/>\n<meta property=\"og:title\" content=\"Benefizlauf f\u00fcr krebskranke Kinder - Europ\u00e4isches Bildungswerk f\u00fcr Beruf und Gesellschaft\" \/>\n<meta property=\"og:description\" content=\"Am 18.5.19 um 10.00 Uhr bewies unser Team Mut und Kondition f\u00fcr einen guten Zweck.\" \/>\n<meta property=\"og:url\" content=\"https:\/\/www.ebg.de\/benefizlauf-fuer-krebskranke-kinder\/?lang=en\" \/>\n<meta property=\"og:site_name\" content=\"Europ\u00e4isches Bildungswerk f\u00fcr Beruf und Gesellschaft\" \/>\n<meta property=\"article:published_time\" content=\"2019-05-21T07:54:29+00:00\" \/>\n<meta property=\"article:modified_time\" content=\"2019-09-09T08:54:43+00:00\" \/>\n<meta property=\"og:image\" content=\"https:\/\/www.ebg.de\/wp-content\/uploads\/2019\/05\/Benefizlauf-1024x768.jpg\" \/>\n\t<meta property=\"og:image:width\" content=\"1024\" \/>\n\t<meta property=\"og:image:height\" content=\"768\" \/>\n\t<meta property=\"og:image:type\" content=\"image\/jpeg\" \/>\n<meta name=\"author\" content=\"Nicole Jebauer\" \/>\n<meta name=\"twitter:card\" content=\"summary_large_image\" \/>\n<meta name=\"twitter:label1\" content=\"Written by\" \/>\n\t<meta name=\"twitter:data1\" content=\"Nicole Jebauer\" \/>\n<!-- \/ Yoast SEO plugin. -->","yoast_head_json":{"title":"Benefizlauf f\u00fcr krebskranke Kinder - Europ\u00e4isches Bildungswerk f\u00fcr Beruf und Gesellschaft","robots":{"index":"index","follow":"follow","max-snippet":"max-snippet:-1","max-image-preview":"max-image-preview:large","max-video-preview":"max-video-preview:-1"},"canonical":"https:\/\/www.ebg.de\/benefizlauf-fuer-krebskranke-kinder\/?lang=en","og_locale":"en_US","og_type":"article","og_title":"Benefizlauf f\u00fcr krebskranke Kinder - Europ\u00e4isches Bildungswerk f\u00fcr Beruf und Gesellschaft","og_description":"Am 18.5.19 um 10.00 Uhr bewies unser Team Mut und Kondition f\u00fcr einen guten Zweck.","og_url":"https:\/\/www.ebg.de\/benefizlauf-fuer-krebskranke-kinder\/?lang=en","og_site_name":"Europ\u00e4isches Bildungswerk f\u00fcr Beruf und Gesellschaft","article_published_time":"2019-05-21T07:54:29+00:00","article_modified_time":"2019-09-09T08:54:43+00:00","og_image":[{"width":1024,"height":768,"url":"https:\/\/www.ebg.de\/wp-content\/uploads\/2019\/05\/Benefizlauf-1024x768.jpg","type":"image\/jpeg"}],"author":"Nicole Jebauer","twitter_card":"summary_large_image","twitter_misc":{"Written by":"Nicole Jebauer"},"schema":{"@context":"https:\/\/schema.org","@graph":[{"@type":"Article","@id":"https:\/\/www.ebg.de\/benefizlauf-fuer-krebskranke-kinder\/?lang=en#article","isPartOf":{"@id":"https:\/\/www.ebg.de\/benefizlauf-fuer-krebskranke-kinder\/?lang=en"},"author":{"name":"Nicole Jebauer","@id":"https:\/\/www.ebg.de\/#\/schema\/person\/683a730993574c6987355ff28e65a040"},"headline":"Benefizlauf f\u00fcr krebskranke Kinder","datePublished":"2019-05-21T07:54:29+00:00","dateModified":"2019-09-09T08:54:43+00:00","mainEntityOfPage":{"@id":"https:\/\/www.ebg.de\/benefizlauf-fuer-krebskranke-kinder\/?lang=en"},"wordCount":64,"image":{"@id":"https:\/\/www.ebg.de\/benefizlauf-fuer-krebskranke-kinder\/?lang=en#primaryimage"},"thumbnailUrl":"https:\/\/www.ebg.de\/wp-content\/uploads\/2019\/05\/Benefizlauf.jpg","articleSection":["News - Halberstadt Schulen"],"inLanguage":"en-US"},{"@type":"WebPage","@id":"https:\/\/www.ebg.de\/benefizlauf-fuer-krebskranke-kinder\/?lang=en","url":"https:\/\/www.ebg.de\/benefizlauf-fuer-krebskranke-kinder\/?lang=en","name":"Benefizlauf f\u00fcr krebskranke Kinder - Europ\u00e4isches Bildungswerk f\u00fcr Beruf und Gesellschaft","isPartOf":{"@id":"https:\/\/www.ebg.de\/#website"},"primaryImageOfPage":{"@id":"https:\/\/www.ebg.de\/benefizlauf-fuer-krebskranke-kinder\/?lang=en#primaryimage"},"image":{"@id":"https:\/\/www.ebg.de\/benefizlauf-fuer-krebskranke-kinder\/?lang=en#primaryimage"},"thumbnailUrl":"https:\/\/www.ebg.de\/wp-content\/uploads\/2019\/05\/Benefizlauf.jpg","datePublished":"2019-05-21T07:54:29+00:00","dateModified":"2019-09-09T08:54:43+00:00","author":{"@id":"https:\/\/www.ebg.de\/#\/schema\/person\/683a730993574c6987355ff28e65a040"},"breadcrumb":{"@id":"https:\/\/www.ebg.de\/benefizlauf-fuer-krebskranke-kinder\/?lang=en#breadcrumb"},"inLanguage":"en-US","potentialAction":[{"@type":"ReadAction","target":["https:\/\/www.ebg.de\/benefizlauf-fuer-krebskranke-kinder\/?lang=en"]}]},{"@type":"ImageObject","inLanguage":"en-US","@id":"https:\/\/www.ebg.de\/benefizlauf-fuer-krebskranke-kinder\/?lang=en#primaryimage","url":"https:\/\/www.ebg.de\/wp-content\/uploads\/2019\/05\/Benefizlauf.jpg","contentUrl":"https:\/\/www.ebg.de\/wp-content\/uploads\/2019\/05\/Benefizlauf.jpg","width":4160,"height":3120,"caption":"dav"},{"@type":"BreadcrumbList","@id":"https:\/\/www.ebg.de\/benefizlauf-fuer-krebskranke-kinder\/?lang=en#breadcrumb","itemListElement":[{"@type":"ListItem","position":1,"name":"Startseite","item":"https:\/\/www.ebg.de\/"},{"@type":"ListItem","position":2,"name":"Benefizlauf f\u00fcr krebskranke Kinder"}]},{"@type":"WebSite","@id":"https:\/\/www.ebg.de\/#website","url":"https:\/\/www.ebg.de\/","name":"Europ\u00e4isches Bildungswerk f\u00fcr Beruf und Gesellschaft","description":"Bildung, Ausbildung und Weiterbildung","potentialAction":[{"@type":"SearchAction","target":{"@type":"EntryPoint","urlTemplate":"https:\/\/www.ebg.de\/?s={search_term_string}"},"query-input":{"@type":"PropertyValueSpecification","valueRequired":true,"valueName":"search_term_string"}}],"inLanguage":"en-US"},{"@type":"Person","@id":"https:\/\/www.ebg.de\/#\/schema\/person\/683a730993574c6987355ff28e65a040","name":"Nicole Jebauer","image":{"@type":"ImageObject","inLanguage":"en-US","@id":"https:\/\/www.ebg.de\/#\/schema\/person\/image\/","url":"https:\/\/secure.gravatar.com\/avatar\/e704d4f6221214865a929f4155d799645f194b6db7c64fbd461aa448c0d57b61?s=96&d=mm&r=g","contentUrl":"https:\/\/secure.gravatar.com\/avatar\/e704d4f6221214865a929f4155d799645f194b6db7c64fbd461aa448c0d57b61?s=96&d=mm&r=g","caption":"Nicole Jebauer"},"url":"https:\/\/www.ebg.de\/en\/author\/fshalberstadt\/"}]}},"_links":{"self":[{"href":"https:\/\/www.ebg.de\/en\/wp-json\/wp\/v2\/posts\/4236","targetHints":{"allow":["GET"]}}],"collection":[{"href":"https:\/\/www.ebg.de\/en\/wp-json\/wp\/v2\/posts"}],"about":[{"href":"https:\/\/www.ebg.de\/en\/wp-json\/wp\/v2\/types\/post"}],"author":[{"embeddable":true,"href":"https:\/\/www.ebg.de\/en\/wp-json\/wp\/v2\/users\/19"}],"replies":[{"embeddable":true,"href":"https:\/\/www.ebg.de\/en\/wp-json\/wp\/v2\/comments?post=4236"}],"version-history":[{"count":5,"href":"https:\/\/www.ebg.de\/en\/wp-json\/wp\/v2\/posts\/4236\/revisions"}],"predecessor-version":[{"id":4766,"href":"https:\/\/www.ebg.de\/en\/wp-json\/wp\/v2\/posts\/4236\/revisions\/4766"}],"wp:featuredmedia":[{"embeddable":true,"href":"https:\/\/www.ebg.de\/en\/wp-json\/wp\/v2\/media\/4238"}],"wp:attachment":[{"href":"https:\/\/www.ebg.de\/en\/wp-json\/wp\/v2\/media?parent=4236"}],"wp:term":[{"taxonomy":"category","embeddable":true,"href":"https:\/\/www.ebg.de\/en\/wp-json\/wp\/v2\/categories?post=4236"},{"taxonomy":"post_tag","embeddable":true,"href":"https:\/\/www.ebg.de\/en\/wp-json\/wp\/v2\/tags?post=4236"}],"curies":[{"name":"wp","href":"https:\/\/api.w.org\/{rel}","templated":true}]}}