{"id":4204,"date":"2019-05-16T08:45:25","date_gmt":"2019-05-16T06:45:25","guid":{"rendered":"https:\/\/www.ebg.de\/?p=4204"},"modified":"2019-05-23T07:41:39","modified_gmt":"2019-05-23T05:41:39","slug":"neugestaltung-2","status":"publish","type":"post","link":"https:\/\/www.ebg.de\/en\/neugestaltung-2\/","title":{"rendered":"Neugestaltung"},"content":{"rendered":"\n<p>\u2026so nun auch bei uns.<\/p>\n\n\n\n<p>Bei\nder Erstbeschriftung des Geb\u00e4udes sollte urspr\u00fcnglich die herk\u00f6mmliche\nBeschriftungsvariante der Aluminium Buchstaben gew\u00e4hlt werden. Es handelt sich\nbeim Fach- und Berufsfachschulzentrum um eine Bildungseinrichtung mit vielen\ngestalterischen Elementen. In der Ausbildung beispielsweise zum\nHeilerziehungspfleger oder Erzieher tauchen gestalterische Elemente ebenso auf\nwie in der Ausbildung zum Ergotherapeuten <\/p>\n\n\n\n<p>Aus diesen\nGr\u00fcnden haben wir M\u00f6glichkeiten der Beschriftung und Gestaltung gesucht, um\nbeide Dinge miteinander verbinden zu k\u00f6nnen.<\/p>\n\n\n\n<p>Wir haben unsere R\u00fcckfassade durch ein gro\u00dfes, eigenfinanziertes street art Graffiti im neuen Glanz erstrahlen lassen.<\/p>\n\n\n\n<figure class=\"wp-block-image\"><img loading=\"lazy\" decoding=\"async\" width=\"1024\" height=\"681\" src=\"https:\/\/www.ebg.de\/wp-content\/uploads\/2019\/05\/02_DSD0283-mam-foto-WEB-1-1024x681.jpg\" alt=\"\" class=\"wp-image-4205\" srcset=\"https:\/\/www.ebg.de\/wp-content\/uploads\/2019\/05\/02_DSD0283-mam-foto-WEB-1-1024x681.jpg 1024w, https:\/\/www.ebg.de\/wp-content\/uploads\/2019\/05\/02_DSD0283-mam-foto-WEB-1-300x200.jpg 300w, https:\/\/www.ebg.de\/wp-content\/uploads\/2019\/05\/02_DSD0283-mam-foto-WEB-1-768x511.jpg 768w, https:\/\/www.ebg.de\/wp-content\/uploads\/2019\/05\/02_DSD0283-mam-foto-WEB-1-900x599.jpg 900w, https:\/\/www.ebg.de\/wp-content\/uploads\/2019\/05\/02_DSD0283-mam-foto-WEB-1-1200x799.jpg 1200w, https:\/\/www.ebg.de\/wp-content\/uploads\/2019\/05\/02_DSD0283-mam-foto-WEB-1.jpg 1623w\" sizes=\"auto, (max-width: 1024px) 100vw, 1024px\" \/><figcaption> <br> <br>Foto: \u00a9  Mar_c_us-Andreas Mohr \/  <a href=\"https:\/\/mam-foto.de\/\">mam-_f_oto.de<\/a> <\/figcaption><\/figure>\n\n\n\n<figure class=\"wp-block-image is-resized\"><img loading=\"lazy\" decoding=\"async\" src=\"https:\/\/www.ebg.de\/wp-content\/uploads\/2019\/05\/08_DSD0301-mam-foto-WEB-1-1024x681.jpg\" alt=\"\" class=\"wp-image-4207\" width=\"580\" height=\"385\" srcset=\"https:\/\/www.ebg.de\/wp-content\/uploads\/2019\/05\/08_DSD0301-mam-foto-WEB-1-1024x681.jpg 1024w, https:\/\/www.ebg.de\/wp-content\/uploads\/2019\/05\/08_DSD0301-mam-foto-WEB-1-300x200.jpg 300w, https:\/\/www.ebg.de\/wp-content\/uploads\/2019\/05\/08_DSD0301-mam-foto-WEB-1-768x511.jpg 768w, https:\/\/www.ebg.de\/wp-content\/uploads\/2019\/05\/08_DSD0301-mam-foto-WEB-1-900x599.jpg 900w, https:\/\/www.ebg.de\/wp-content\/uploads\/2019\/05\/08_DSD0301-mam-foto-WEB-1-1200x799.jpg 1200w, https:\/\/www.ebg.de\/wp-content\/uploads\/2019\/05\/08_DSD0301-mam-foto-WEB-1.jpg 1623w\" sizes=\"auto, (max-width: 580px) 100vw, 580px\" \/><figcaption> <br> <br>Foto: \u00a9   Mar_c_us-Andreas Mohr \/  <a href=\"https:\/\/mam-foto.de\/\">mam-_f_oto.de<\/a>   <\/figcaption><\/figure>\n\n\n\n<figure class=\"wp-block-image\"><img loading=\"lazy\" decoding=\"async\" width=\"1024\" height=\"681\" src=\"https:\/\/www.ebg.de\/wp-content\/uploads\/2019\/05\/16_DTS6567-mam-foto-WEB-1-1024x681.jpg\" alt=\"\" class=\"wp-image-4209\" srcset=\"https:\/\/www.ebg.de\/wp-content\/uploads\/2019\/05\/16_DTS6567-mam-foto-WEB-1-1024x681.jpg 1024w, https:\/\/www.ebg.de\/wp-content\/uploads\/2019\/05\/16_DTS6567-mam-foto-WEB-1-300x200.jpg 300w, https:\/\/www.ebg.de\/wp-content\/uploads\/2019\/05\/16_DTS6567-mam-foto-WEB-1-768x511.jpg 768w, https:\/\/www.ebg.de\/wp-content\/uploads\/2019\/05\/16_DTS6567-mam-foto-WEB-1-900x599.jpg 900w, https:\/\/www.ebg.de\/wp-content\/uploads\/2019\/05\/16_DTS6567-mam-foto-WEB-1-1200x799.jpg 1200w, https:\/\/www.ebg.de\/wp-content\/uploads\/2019\/05\/16_DTS6567-mam-foto-WEB-1.jpg 1623w\" sizes=\"auto, (max-width: 1024px) 100vw, 1024px\" \/><figcaption> <br> <br>Foto: \u00a9   Mar_c_us-Andreas Mohr \/  <a href=\"https:\/\/mam-foto.de\/\">mam-_f_oto.de<\/a>  <\/figcaption><\/figure>\n\n\n\n<figure class=\"wp-block-image\"><img loading=\"lazy\" decoding=\"async\" width=\"1024\" height=\"681\" src=\"https:\/\/www.ebg.de\/wp-content\/uploads\/2019\/05\/17_DTS6568-mam-foto-WEB-1-1024x681.jpg\" alt=\"\" class=\"wp-image-4211\" srcset=\"https:\/\/www.ebg.de\/wp-content\/uploads\/2019\/05\/17_DTS6568-mam-foto-WEB-1-1024x681.jpg 1024w, https:\/\/www.ebg.de\/wp-content\/uploads\/2019\/05\/17_DTS6568-mam-foto-WEB-1-300x200.jpg 300w, https:\/\/www.ebg.de\/wp-content\/uploads\/2019\/05\/17_DTS6568-mam-foto-WEB-1-768x511.jpg 768w, https:\/\/www.ebg.de\/wp-content\/uploads\/2019\/05\/17_DTS6568-mam-foto-WEB-1-900x599.jpg 900w, https:\/\/www.ebg.de\/wp-content\/uploads\/2019\/05\/17_DTS6568-mam-foto-WEB-1-1200x799.jpg 1200w, https:\/\/www.ebg.de\/wp-content\/uploads\/2019\/05\/17_DTS6568-mam-foto-WEB-1.jpg 1623w\" sizes=\"auto, (max-width: 1024px) 100vw, 1024px\" \/><figcaption> <br> <br>Foto: \u00a9   Mar_c_us-Andreas Mohr \/  <a href=\"https:\/\/mam-foto.de\/\">mam-_f_oto.de<\/a>  <\/figcaption><\/figure>\n\n\n\n<figure class=\"wp-block-image\"><img loading=\"lazy\" decoding=\"async\" width=\"1024\" height=\"681\" src=\"https:\/\/www.ebg.de\/wp-content\/uploads\/2019\/05\/20_DTS6575-mam-foto-WEB-1-1024x681.jpg\" alt=\"\" class=\"wp-image-4213\" srcset=\"https:\/\/www.ebg.de\/wp-content\/uploads\/2019\/05\/20_DTS6575-mam-foto-WEB-1-1024x681.jpg 1024w, https:\/\/www.ebg.de\/wp-content\/uploads\/2019\/05\/20_DTS6575-mam-foto-WEB-1-300x200.jpg 300w, https:\/\/www.ebg.de\/wp-content\/uploads\/2019\/05\/20_DTS6575-mam-foto-WEB-1-768x511.jpg 768w, https:\/\/www.ebg.de\/wp-content\/uploads\/2019\/05\/20_DTS6575-mam-foto-WEB-1-900x599.jpg 900w, https:\/\/www.ebg.de\/wp-content\/uploads\/2019\/05\/20_DTS6575-mam-foto-WEB-1-1200x799.jpg 1200w, https:\/\/www.ebg.de\/wp-content\/uploads\/2019\/05\/20_DTS6575-mam-foto-WEB-1.jpg 1623w\" sizes=\"auto, (max-width: 1024px) 100vw, 1024px\" \/><figcaption> <br> <br>Foto: \u00a9   Mar_c_us-Andreas Mohr \/  <a href=\"https:\/\/mam-foto.de\/\">mam-_f_oto.de<\/a>  <\/figcaption><\/figure>\n\n\n\n<figure class=\"wp-block-image\"><img loading=\"lazy\" decoding=\"async\" width=\"681\" height=\"1024\" src=\"https:\/\/www.ebg.de\/wp-content\/uploads\/2019\/05\/26_DTS6587-mam-foto-WEB-1-681x1024.jpg\" alt=\"\" class=\"wp-image-4215\" srcset=\"https:\/\/www.ebg.de\/wp-content\/uploads\/2019\/05\/26_DTS6587-mam-foto-WEB-1-681x1024.jpg 681w, https:\/\/www.ebg.de\/wp-content\/uploads\/2019\/05\/26_DTS6587-mam-foto-WEB-1-200x300.jpg 200w, https:\/\/www.ebg.de\/wp-content\/uploads\/2019\/05\/26_DTS6587-mam-foto-WEB-1-768x1154.jpg 768w, https:\/\/www.ebg.de\/wp-content\/uploads\/2019\/05\/26_DTS6587-mam-foto-WEB-1-900x1353.jpg 900w, https:\/\/www.ebg.de\/wp-content\/uploads\/2019\/05\/26_DTS6587-mam-foto-WEB-1.jpg 1080w\" sizes=\"auto, (max-width: 681px) 100vw, 681px\" \/><figcaption> <br> <br>Foto: \u00a9   Mar_c_us-Andreas Mohr \/  <a href=\"https:\/\/mam-foto.de\/\">mam-_f_oto.de<\/a>  <\/figcaption><\/figure>\n\n\n\n<figure class=\"wp-block-image\"><img loading=\"lazy\" decoding=\"async\" width=\"681\" height=\"1024\" src=\"https:\/\/www.ebg.de\/wp-content\/uploads\/2019\/05\/44_DTS6638-mam-foto-WEB-1-681x1024.jpg\" alt=\"\" class=\"wp-image-4217\" srcset=\"https:\/\/www.ebg.de\/wp-content\/uploads\/2019\/05\/44_DTS6638-mam-foto-WEB-1-681x1024.jpg 681w, https:\/\/www.ebg.de\/wp-content\/uploads\/2019\/05\/44_DTS6638-mam-foto-WEB-1-200x300.jpg 200w, https:\/\/www.ebg.de\/wp-content\/uploads\/2019\/05\/44_DTS6638-mam-foto-WEB-1-768x1154.jpg 768w, https:\/\/www.ebg.de\/wp-content\/uploads\/2019\/05\/44_DTS6638-mam-foto-WEB-1-900x1353.jpg 900w, https:\/\/www.ebg.de\/wp-content\/uploads\/2019\/05\/44_DTS6638-mam-foto-WEB-1.jpg 1080w\" sizes=\"auto, (max-width: 681px) 100vw, 681px\" \/><figcaption> <br> <br>Foto: \u00a9   Mar_c_us-Andreas Mohr \/  <a href=\"https:\/\/mam-foto.de\/\">mam-_f_oto.de<\/a>  <\/figcaption><\/figure>\n\n\n\n<figure class=\"wp-block-image\"><img loading=\"lazy\" decoding=\"async\" width=\"681\" height=\"1024\" src=\"https:\/\/www.ebg.de\/wp-content\/uploads\/2019\/05\/49_DTS6648-mam-foto-WEB-1-681x1024.jpg\" alt=\"\" class=\"wp-image-4219\" srcset=\"https:\/\/www.ebg.de\/wp-content\/uploads\/2019\/05\/49_DTS6648-mam-foto-WEB-1-681x1024.jpg 681w, https:\/\/www.ebg.de\/wp-content\/uploads\/2019\/05\/49_DTS6648-mam-foto-WEB-1-200x300.jpg 200w, https:\/\/www.ebg.de\/wp-content\/uploads\/2019\/05\/49_DTS6648-mam-foto-WEB-1-768x1154.jpg 768w, https:\/\/www.ebg.de\/wp-content\/uploads\/2019\/05\/49_DTS6648-mam-foto-WEB-1-900x1353.jpg 900w, https:\/\/www.ebg.de\/wp-content\/uploads\/2019\/05\/49_DTS6648-mam-foto-WEB-1.jpg 1080w\" sizes=\"auto, (max-width: 681px) 100vw, 681px\" \/><figcaption> <br> <br>Foto: \u00a9   Mar_c_us-Andreas Mohr \/  <a href=\"https:\/\/mam-foto.de\/\">mam-_f_oto.de<\/a>  <\/figcaption><\/figure>\n\n\n\n<p>Die Fl\u00e4che von ca. 4 m x 10 m wurde am o9.o5.2o19 &amp; 1o.o5.2o19 vom K\u00fcnstler Michael Gensen der Firma Pigmente gesprayt. Das Resultat kann man jetzt nach der Fertigstellung u.a. von der Th\u00fcringer Stra\u00dfe, in der sich das Justizzentrum befindet, in Betracht nehmen.  <\/p>\n","protected":false},"excerpt":{"rendered":"<p>Graffitis machen graue W\u00e4nde lebendig&#8230;<\/p>\n","protected":false},"author":22,"featured_media":4184,"comment_status":"closed","ping_status":"closed","sticky":false,"template":"","format":"standard","meta":{"_acf_changed":false,"footnotes":""},"categories":[29],"tags":[],"class_list":["post-4204","post","type-post","status-publish","format-standard","has-post-thumbnail","hentry","category-news-halle-schulen"],"acf":[],"yoast_head":"<!-- This site is optimized with the Yoast SEO plugin v26.9 - https:\/\/yoast.com\/product\/yoast-seo-wordpress\/ -->\n<title>Neugestaltung - Europ\u00e4isches Bildungswerk f\u00fcr Beruf und Gesellschaft<\/title>\n<meta name=\"robots\" content=\"index, follow, max-snippet:-1, max-image-preview:large, max-video-preview:-1\" \/>\n<link rel=\"canonical\" href=\"https:\/\/www.ebg.de\/neugestaltung-2\/\" \/>\n<meta property=\"og:locale\" content=\"en_US\" \/>\n<meta property=\"og:type\" content=\"article\" \/>\n<meta property=\"og:title\" content=\"Neugestaltung - Europ\u00e4isches Bildungswerk f\u00fcr Beruf und Gesellschaft\" \/>\n<meta property=\"og:description\" content=\"Graffitis machen graue W\u00e4nde lebendig...\" \/>\n<meta property=\"og:url\" content=\"https:\/\/www.ebg.de\/neugestaltung-2\/\" \/>\n<meta property=\"og:site_name\" content=\"Europ\u00e4isches Bildungswerk f\u00fcr Beruf und Gesellschaft\" \/>\n<meta property=\"article:published_time\" content=\"2019-05-16T06:45:25+00:00\" \/>\n<meta property=\"article:modified_time\" content=\"2019-05-23T05:41:39+00:00\" \/>\n<meta property=\"og:image\" content=\"https:\/\/www.ebg.de\/wp-content\/uploads\/2019\/05\/48_DTS6644-mam-foto-WEB.jpg\" \/>\n\t<meta property=\"og:image:width\" content=\"1623\" \/>\n\t<meta property=\"og:image:height\" content=\"1080\" \/>\n\t<meta property=\"og:image:type\" content=\"image\/jpeg\" \/>\n<meta name=\"author\" content=\"Stephan Deubner\" \/>\n<meta name=\"twitter:card\" content=\"summary_large_image\" \/>\n<meta name=\"twitter:label1\" content=\"Written by\" \/>\n\t<meta name=\"twitter:data1\" content=\"Stephan Deubner\" \/>\n\t<meta name=\"twitter:label2\" content=\"Est. reading time\" \/>\n\t<meta name=\"twitter:data2\" content=\"1 minute\" \/>\n<!-- \/ Yoast SEO plugin. -->","yoast_head_json":{"title":"Neugestaltung - Europ\u00e4isches Bildungswerk f\u00fcr Beruf und Gesellschaft","robots":{"index":"index","follow":"follow","max-snippet":"max-snippet:-1","max-image-preview":"max-image-preview:large","max-video-preview":"max-video-preview:-1"},"canonical":"https:\/\/www.ebg.de\/neugestaltung-2\/","og_locale":"en_US","og_type":"article","og_title":"Neugestaltung - Europ\u00e4isches Bildungswerk f\u00fcr Beruf und Gesellschaft","og_description":"Graffitis machen graue W\u00e4nde lebendig...","og_url":"https:\/\/www.ebg.de\/neugestaltung-2\/","og_site_name":"Europ\u00e4isches Bildungswerk f\u00fcr Beruf und Gesellschaft","article_published_time":"2019-05-16T06:45:25+00:00","article_modified_time":"2019-05-23T05:41:39+00:00","og_image":[{"width":1623,"height":1080,"url":"https:\/\/www.ebg.de\/wp-content\/uploads\/2019\/05\/48_DTS6644-mam-foto-WEB.jpg","type":"image\/jpeg"}],"author":"Stephan Deubner","twitter_card":"summary_large_image","twitter_misc":{"Written by":"Stephan Deubner","Est. reading time":"1 minute"},"schema":{"@context":"https:\/\/schema.org","@graph":[{"@type":"Article","@id":"https:\/\/www.ebg.de\/neugestaltung-2\/#article","isPartOf":{"@id":"https:\/\/www.ebg.de\/neugestaltung-2\/"},"author":{"name":"Stephan Deubner","@id":"https:\/\/www.ebg.de\/#\/schema\/person\/af645ea1741029d9a44ae532ceb268bc"},"headline":"Neugestaltung","datePublished":"2019-05-16T06:45:25+00:00","dateModified":"2019-05-23T05:41:39+00:00","mainEntityOfPage":{"@id":"https:\/\/www.ebg.de\/neugestaltung-2\/"},"wordCount":220,"image":{"@id":"https:\/\/www.ebg.de\/neugestaltung-2\/#primaryimage"},"thumbnailUrl":"https:\/\/www.ebg.de\/wp-content\/uploads\/2019\/05\/48_DTS6644-mam-foto-WEB.jpg","articleSection":["News - Halle Schulen"],"inLanguage":"en-US"},{"@type":"WebPage","@id":"https:\/\/www.ebg.de\/neugestaltung-2\/","url":"https:\/\/www.ebg.de\/neugestaltung-2\/","name":"Neugestaltung - Europ\u00e4isches Bildungswerk f\u00fcr Beruf und Gesellschaft","isPartOf":{"@id":"https:\/\/www.ebg.de\/#website"},"primaryImageOfPage":{"@id":"https:\/\/www.ebg.de\/neugestaltung-2\/#primaryimage"},"image":{"@id":"https:\/\/www.ebg.de\/neugestaltung-2\/#primaryimage"},"thumbnailUrl":"https:\/\/www.ebg.de\/wp-content\/uploads\/2019\/05\/48_DTS6644-mam-foto-WEB.jpg","datePublished":"2019-05-16T06:45:25+00:00","dateModified":"2019-05-23T05:41:39+00:00","author":{"@id":"https:\/\/www.ebg.de\/#\/schema\/person\/af645ea1741029d9a44ae532ceb268bc"},"breadcrumb":{"@id":"https:\/\/www.ebg.de\/neugestaltung-2\/#breadcrumb"},"inLanguage":"en-US","potentialAction":[{"@type":"ReadAction","target":["https:\/\/www.ebg.de\/neugestaltung-2\/"]}]},{"@type":"ImageObject","inLanguage":"en-US","@id":"https:\/\/www.ebg.de\/neugestaltung-2\/#primaryimage","url":"https:\/\/www.ebg.de\/wp-content\/uploads\/2019\/05\/48_DTS6644-mam-foto-WEB.jpg","contentUrl":"https:\/\/www.ebg.de\/wp-content\/uploads\/2019\/05\/48_DTS6644-mam-foto-WEB.jpg","width":1623,"height":1080,"caption":"Foto: \u00a9 Markus-Andreas Mohr \/ mam-Foto.de"},{"@type":"BreadcrumbList","@id":"https:\/\/www.ebg.de\/neugestaltung-2\/#breadcrumb","itemListElement":[{"@type":"ListItem","position":1,"name":"Startseite","item":"https:\/\/www.ebg.de\/"},{"@type":"ListItem","position":2,"name":"Neugestaltung"}]},{"@type":"WebSite","@id":"https:\/\/www.ebg.de\/#website","url":"https:\/\/www.ebg.de\/","name":"Europ\u00e4isches Bildungswerk f\u00fcr Beruf und Gesellschaft","description":"Bildung, Ausbildung und Weiterbildung","potentialAction":[{"@type":"SearchAction","target":{"@type":"EntryPoint","urlTemplate":"https:\/\/www.ebg.de\/?s={search_term_string}"},"query-input":{"@type":"PropertyValueSpecification","valueRequired":true,"valueName":"search_term_string"}}],"inLanguage":"en-US"},{"@type":"Person","@id":"https:\/\/www.ebg.de\/#\/schema\/person\/af645ea1741029d9a44ae532ceb268bc","name":"Stephan Deubner","image":{"@type":"ImageObject","inLanguage":"en-US","@id":"https:\/\/www.ebg.de\/#\/schema\/person\/image\/","url":"https:\/\/secure.gravatar.com\/avatar\/35731f6a08afa0518c45f153077f6135c0f41aa2ae0b76e850ef9508976a7bbe?s=96&d=mm&r=g","contentUrl":"https:\/\/secure.gravatar.com\/avatar\/35731f6a08afa0518c45f153077f6135c0f41aa2ae0b76e850ef9508976a7bbe?s=96&d=mm&r=g","caption":"Stephan Deubner"},"url":"https:\/\/www.ebg.de\/en\/author\/sdeubner\/"}]}},"_links":{"self":[{"href":"https:\/\/www.ebg.de\/en\/wp-json\/wp\/v2\/posts\/4204","targetHints":{"allow":["GET"]}}],"collection":[{"href":"https:\/\/www.ebg.de\/en\/wp-json\/wp\/v2\/posts"}],"about":[{"href":"https:\/\/www.ebg.de\/en\/wp-json\/wp\/v2\/types\/post"}],"author":[{"embeddable":true,"href":"https:\/\/www.ebg.de\/en\/wp-json\/wp\/v2\/users\/22"}],"replies":[{"embeddable":true,"href":"https:\/\/www.ebg.de\/en\/wp-json\/wp\/v2\/comments?post=4204"}],"version-history":[{"count":4,"href":"https:\/\/www.ebg.de\/en\/wp-json\/wp\/v2\/posts\/4204\/revisions"}],"predecessor-version":[{"id":4262,"href":"https:\/\/www.ebg.de\/en\/wp-json\/wp\/v2\/posts\/4204\/revisions\/4262"}],"wp:featuredmedia":[{"embeddable":true,"href":"https:\/\/www.ebg.de\/en\/wp-json\/wp\/v2\/media\/4184"}],"wp:attachment":[{"href":"https:\/\/www.ebg.de\/en\/wp-json\/wp\/v2\/media?parent=4204"}],"wp:term":[{"taxonomy":"category","embeddable":true,"href":"https:\/\/www.ebg.de\/en\/wp-json\/wp\/v2\/categories?post=4204"},{"taxonomy":"post_tag","embeddable":true,"href":"https:\/\/www.ebg.de\/en\/wp-json\/wp\/v2\/tags?post=4204"}],"curies":[{"name":"wp","href":"https:\/\/api.w.org\/{rel}","templated":true}]}}