{"id":41276,"date":"2026-04-09T09:42:50","date_gmt":"2026-04-09T07:42:50","guid":{"rendered":"https:\/\/www.ebg.de\/?p=41276"},"modified":"2026-04-09T09:42:54","modified_gmt":"2026-04-09T07:42:54","slug":"eid-mubarak-am-fbz-magdeburg-%f0%9f%8c%99%e2%9c%a8","status":"publish","type":"post","link":"https:\/\/www.ebg.de\/en\/eid-mubarak-am-fbz-magdeburg-%f0%9f%8c%99%e2%9c%a8\/","title":{"rendered":"Eid Mubarak am FBZ Magdeburg \ud83c\udf19\u2728"},"content":{"rendered":"\n<p><strong>Eid Mubarak an der Pflegeschule Magdeburg \ud83c\udf19\u2728<\/strong><\/p>\n\n\n\n<p>\u201eEid Mubarak\u201c hie\u00df es am 23.03.2026 f\u00fcr unsere marokkanischen Sch\u00fcler \u2013 und schnell auch f\u00fcr viele ihrer Mitsch\u00fcler. Denn was als Fest f\u00fcr einige begann, wurde zu einem gemeinsamen Erlebnis f\u00fcr alle.<\/p>\n\n\n\n<p>Mit dem Ende des Fastenmonats Ramadan am 20.03. wurde das Zuckerfest eingel\u00e4utet \u2013 und kurzerhand auch bei uns gefeiert. Lehrer und Sch\u00fcler haben gemeinsam ein Fest auf die Beine gestellt, das mehr war als nur gutes Essen (auch wenn das definitiv ein Highlight war \ud83d\ude04).<\/p>\n\n\n\n<figure class=\"wp-block-gallery has-nested-images columns-default is-cropped wp-block-gallery-1 is-layout-flex wp-block-gallery-is-layout-flex\">\n<figure class=\"wp-block-image size-large\"><img loading=\"lazy\" decoding=\"async\" width=\"683\" height=\"1024\" data-id=\"41285\" src=\"https:\/\/www.ebg.de\/wp-content\/uploads\/2026\/04\/IMG_9383-683x1024.jpg\" alt=\"\" class=\"wp-image-41285\" srcset=\"https:\/\/www.ebg.de\/wp-content\/uploads\/2026\/04\/IMG_9383-683x1024.jpg 683w, https:\/\/www.ebg.de\/wp-content\/uploads\/2026\/04\/IMG_9383-200x300.jpg 200w, https:\/\/www.ebg.de\/wp-content\/uploads\/2026\/04\/IMG_9383-768x1152.jpg 768w, https:\/\/www.ebg.de\/wp-content\/uploads\/2026\/04\/IMG_9383-1024x1536.jpg 1024w, https:\/\/www.ebg.de\/wp-content\/uploads\/2026\/04\/IMG_9383-1365x2048.jpg 1365w, https:\/\/www.ebg.de\/wp-content\/uploads\/2026\/04\/IMG_9383-900x1350.jpg 900w, https:\/\/www.ebg.de\/wp-content\/uploads\/2026\/04\/IMG_9383-1200x1800.jpg 1200w, https:\/\/www.ebg.de\/wp-content\/uploads\/2026\/04\/IMG_9383-scaled.jpg 1707w\" sizes=\"auto, (max-width: 683px) 100vw, 683px\" \/><\/figure>\n\n\n\n<figure class=\"wp-block-image size-large\"><img loading=\"lazy\" decoding=\"async\" width=\"1024\" height=\"768\" data-id=\"41279\" src=\"https:\/\/www.ebg.de\/wp-content\/uploads\/2026\/04\/IMG_9473-1024x768.jpg\" alt=\"\" class=\"wp-image-41279\" srcset=\"https:\/\/www.ebg.de\/wp-content\/uploads\/2026\/04\/IMG_9473-1024x768.jpg 1024w, https:\/\/www.ebg.de\/wp-content\/uploads\/2026\/04\/IMG_9473-300x225.jpg 300w, https:\/\/www.ebg.de\/wp-content\/uploads\/2026\/04\/IMG_9473-768x576.jpg 768w, https:\/\/www.ebg.de\/wp-content\/uploads\/2026\/04\/IMG_9473-1536x1152.jpg 1536w, https:\/\/www.ebg.de\/wp-content\/uploads\/2026\/04\/IMG_9473-2048x1536.jpg 2048w, https:\/\/www.ebg.de\/wp-content\/uploads\/2026\/04\/IMG_9473-900x675.jpg 900w, https:\/\/www.ebg.de\/wp-content\/uploads\/2026\/04\/IMG_9473-1200x900.jpg 1200w\" sizes=\"auto, (max-width: 1024px) 100vw, 1024px\" \/><\/figure>\n<\/figure>\n\n\n\n<p><br>Bei marokkanischer Musik, vielen Gespr\u00e4chen und einer richtig sch\u00f6nen Atmosph\u00e4re wurde deutlich, worum es eigentlich geht: Gemeinschaft, Austausch und ein St\u00fcck Heimat \u2013 auch fernab davon.<\/p>\n\n\n\n<figure class=\"wp-block-gallery has-nested-images columns-default is-cropped wp-block-gallery-2 is-layout-flex wp-block-gallery-is-layout-flex\">\n<figure class=\"wp-block-image size-large\"><img loading=\"lazy\" decoding=\"async\" width=\"1024\" height=\"611\" data-id=\"41287\" src=\"https:\/\/www.ebg.de\/wp-content\/uploads\/2026\/04\/IMG_9500-1-1024x611.jpg\" alt=\"\" class=\"wp-image-41287\" srcset=\"https:\/\/www.ebg.de\/wp-content\/uploads\/2026\/04\/IMG_9500-1-1024x611.jpg 1024w, https:\/\/www.ebg.de\/wp-content\/uploads\/2026\/04\/IMG_9500-1-300x179.jpg 300w, https:\/\/www.ebg.de\/wp-content\/uploads\/2026\/04\/IMG_9500-1-768x458.jpg 768w, https:\/\/www.ebg.de\/wp-content\/uploads\/2026\/04\/IMG_9500-1-1536x916.jpg 1536w, https:\/\/www.ebg.de\/wp-content\/uploads\/2026\/04\/IMG_9500-1-2048x1221.jpg 2048w, https:\/\/www.ebg.de\/wp-content\/uploads\/2026\/04\/IMG_9500-1-900x537.jpg 900w, https:\/\/www.ebg.de\/wp-content\/uploads\/2026\/04\/IMG_9500-1-1200x716.jpg 1200w\" sizes=\"auto, (max-width: 1024px) 100vw, 1024px\" \/><\/figure>\n\n\n\n<figure class=\"wp-block-image size-large\"><img loading=\"lazy\" decoding=\"async\" width=\"1024\" height=\"683\" data-id=\"41289\" src=\"https:\/\/www.ebg.de\/wp-content\/uploads\/2026\/04\/IMG_9506-1-1024x683.jpg\" alt=\"\" class=\"wp-image-41289\" srcset=\"https:\/\/www.ebg.de\/wp-content\/uploads\/2026\/04\/IMG_9506-1-1024x683.jpg 1024w, https:\/\/www.ebg.de\/wp-content\/uploads\/2026\/04\/IMG_9506-1-300x200.jpg 300w, https:\/\/www.ebg.de\/wp-content\/uploads\/2026\/04\/IMG_9506-1-768x512.jpg 768w, https:\/\/www.ebg.de\/wp-content\/uploads\/2026\/04\/IMG_9506-1-1536x1024.jpg 1536w, https:\/\/www.ebg.de\/wp-content\/uploads\/2026\/04\/IMG_9506-1-2048x1365.jpg 2048w, https:\/\/www.ebg.de\/wp-content\/uploads\/2026\/04\/IMG_9506-1-900x600.jpg 900w, https:\/\/www.ebg.de\/wp-content\/uploads\/2026\/04\/IMG_9506-1-1200x800.jpg 1200w\" sizes=\"auto, (max-width: 1024px) 100vw, 1024px\" \/><\/figure>\n<\/figure>\n\n\n\n<p><br>Fazit des Tages? Einstimmig.<br>Das war nicht das letzte Zuckerfest an der EBG.<\/p>\n","protected":false},"excerpt":{"rendered":"<p>Eid Mubarak hie\u00df es am 23.03.2026 f\u00fcr unsere marokkanischen Sch\u00fcler.<\/p>\n","protected":false},"author":22,"featured_media":41277,"comment_status":"closed","ping_status":"closed","sticky":false,"template":"","format":"standard","meta":{"_acf_changed":false,"footnotes":""},"categories":[19,22],"tags":[198,78,98,80,107,209,193,172],"class_list":["post-41276","post","type-post","status-publish","format-standard","has-post-thumbnail","hentry","category-news-magdeburg-schulen","category-news-gf","tag-auszubildende","tag-ebg","tag-ergotherapie","tag-erzieher","tag-europaeisches-bildungswerk","tag-fachschulzentrum-magdeburg","tag-international","tag-pflegefachkraft"],"acf":[],"yoast_head":"<!-- This site is optimized with the Yoast SEO plugin v26.9 - https:\/\/yoast.com\/product\/yoast-seo-wordpress\/ -->\n<title>Das Eid Mubarak am FBZ Magdeburg \ud83c\udf19\u2728<\/title>\n<meta name=\"description\" content=\"Mehr als 600 marokkanische Sch\u00fclerinnen und Sch\u00fcler informierten sich am 15.Februar \u00b425 in Rabat \u00fcber Studien- und Ausbildungsm\u00f6glichkeiten in Deutschland.\" \/>\n<meta name=\"robots\" content=\"index, follow, max-snippet:-1, max-image-preview:large, max-video-preview:-1\" \/>\n<link rel=\"canonical\" href=\"https:\/\/www.ebg.de\/eid-mubarak-am-fbz-magdeburg-\ud83c\udf19\u2728\/\" \/>\n<meta property=\"og:locale\" content=\"en_US\" \/>\n<meta property=\"og:type\" content=\"article\" \/>\n<meta property=\"og:title\" content=\"Das Eid Mubarak am FBZ Magdeburg \ud83c\udf19\u2728\" \/>\n<meta property=\"og:description\" content=\"Mehr als 600 marokkanische Sch\u00fclerinnen und Sch\u00fcler informierten sich am 15.Februar \u00b425 in Rabat \u00fcber Studien- und Ausbildungsm\u00f6glichkeiten in Deutschland.\" \/>\n<meta property=\"og:url\" content=\"https:\/\/www.ebg.de\/eid-mubarak-am-fbz-magdeburg-\ud83c\udf19\u2728\/\" \/>\n<meta property=\"og:site_name\" content=\"Europ\u00e4isches Bildungswerk f\u00fcr Beruf und Gesellschaft\" \/>\n<meta property=\"article:published_time\" content=\"2026-04-09T07:42:50+00:00\" \/>\n<meta property=\"article:modified_time\" content=\"2026-04-09T07:42:54+00:00\" \/>\n<meta property=\"og:image\" content=\"https:\/\/www.ebg.de\/wp-content\/uploads\/2026\/04\/IMG_9430-scaled.jpg\" \/>\n\t<meta property=\"og:image:width\" content=\"2560\" \/>\n\t<meta property=\"og:image:height\" content=\"1706\" \/>\n\t<meta property=\"og:image:type\" content=\"image\/jpeg\" \/>\n<meta name=\"author\" content=\"Stephan Deubner\" \/>\n<meta name=\"twitter:card\" content=\"summary_large_image\" \/>\n<meta name=\"twitter:label1\" content=\"Written by\" \/>\n\t<meta name=\"twitter:data1\" content=\"Stephan Deubner\" \/>\n\t<meta name=\"twitter:label2\" content=\"Est. reading time\" \/>\n\t<meta name=\"twitter:data2\" content=\"2 minutes\" \/>\n<!-- \/ Yoast SEO plugin. -->","yoast_head_json":{"title":"Das Eid Mubarak am FBZ Magdeburg \ud83c\udf19\u2728","description":"Mehr als 600 marokkanische Sch\u00fclerinnen und Sch\u00fcler informierten sich am 15.Februar \u00b425 in Rabat \u00fcber Studien- und Ausbildungsm\u00f6glichkeiten in Deutschland.","robots":{"index":"index","follow":"follow","max-snippet":"max-snippet:-1","max-image-preview":"max-image-preview:large","max-video-preview":"max-video-preview:-1"},"canonical":"https:\/\/www.ebg.de\/eid-mubarak-am-fbz-magdeburg-\ud83c\udf19\u2728\/","og_locale":"en_US","og_type":"article","og_title":"Das Eid Mubarak am FBZ Magdeburg \ud83c\udf19\u2728","og_description":"Mehr als 600 marokkanische Sch\u00fclerinnen und Sch\u00fcler informierten sich am 15.Februar \u00b425 in Rabat \u00fcber Studien- und Ausbildungsm\u00f6glichkeiten in Deutschland.","og_url":"https:\/\/www.ebg.de\/eid-mubarak-am-fbz-magdeburg-\ud83c\udf19\u2728\/","og_site_name":"Europ\u00e4isches Bildungswerk f\u00fcr Beruf und Gesellschaft","article_published_time":"2026-04-09T07:42:50+00:00","article_modified_time":"2026-04-09T07:42:54+00:00","og_image":[{"width":2560,"height":1706,"url":"https:\/\/www.ebg.de\/wp-content\/uploads\/2026\/04\/IMG_9430-scaled.jpg","type":"image\/jpeg"}],"author":"Stephan Deubner","twitter_card":"summary_large_image","twitter_misc":{"Written by":"Stephan Deubner","Est. reading time":"2 minutes"},"schema":{"@context":"https:\/\/schema.org","@graph":[{"@type":"Article","@id":"https:\/\/www.ebg.de\/eid-mubarak-am-fbz-magdeburg-%f0%9f%8c%99%e2%9c%a8\/#article","isPartOf":{"@id":"https:\/\/www.ebg.de\/eid-mubarak-am-fbz-magdeburg-%f0%9f%8c%99%e2%9c%a8\/"},"author":{"name":"Stephan Deubner","@id":"https:\/\/www.ebg.de\/#\/schema\/person\/af645ea1741029d9a44ae532ceb268bc"},"headline":"Eid Mubarak am FBZ Magdeburg \ud83c\udf19\u2728","datePublished":"2026-04-09T07:42:50+00:00","dateModified":"2026-04-09T07:42:54+00:00","mainEntityOfPage":{"@id":"https:\/\/www.ebg.de\/eid-mubarak-am-fbz-magdeburg-%f0%9f%8c%99%e2%9c%a8\/"},"wordCount":133,"image":{"@id":"https:\/\/www.ebg.de\/eid-mubarak-am-fbz-magdeburg-%f0%9f%8c%99%e2%9c%a8\/#primaryimage"},"thumbnailUrl":"https:\/\/www.ebg.de\/wp-content\/uploads\/2026\/04\/IMG_9430-scaled.jpg","keywords":["Auszubildende","EBG","Ergotherapie","Erzieher","Europ\u00e4isches Bildungswerk","Fachschulzentrum Magdeburg","international","Pflegefachkraft"],"articleSection":["News - Magdeburg Schulen","News-GF"],"inLanguage":"en-US"},{"@type":"WebPage","@id":"https:\/\/www.ebg.de\/eid-mubarak-am-fbz-magdeburg-%f0%9f%8c%99%e2%9c%a8\/","url":"https:\/\/www.ebg.de\/eid-mubarak-am-fbz-magdeburg-%f0%9f%8c%99%e2%9c%a8\/","name":"Das Eid Mubarak am FBZ Magdeburg \ud83c\udf19\u2728","isPartOf":{"@id":"https:\/\/www.ebg.de\/#website"},"primaryImageOfPage":{"@id":"https:\/\/www.ebg.de\/eid-mubarak-am-fbz-magdeburg-%f0%9f%8c%99%e2%9c%a8\/#primaryimage"},"image":{"@id":"https:\/\/www.ebg.de\/eid-mubarak-am-fbz-magdeburg-%f0%9f%8c%99%e2%9c%a8\/#primaryimage"},"thumbnailUrl":"https:\/\/www.ebg.de\/wp-content\/uploads\/2026\/04\/IMG_9430-scaled.jpg","datePublished":"2026-04-09T07:42:50+00:00","dateModified":"2026-04-09T07:42:54+00:00","author":{"@id":"https:\/\/www.ebg.de\/#\/schema\/person\/af645ea1741029d9a44ae532ceb268bc"},"description":"Mehr als 600 marokkanische Sch\u00fclerinnen und Sch\u00fcler informierten sich am 15.Februar \u00b425 in Rabat \u00fcber Studien- und Ausbildungsm\u00f6glichkeiten in Deutschland.","breadcrumb":{"@id":"https:\/\/www.ebg.de\/eid-mubarak-am-fbz-magdeburg-%f0%9f%8c%99%e2%9c%a8\/#breadcrumb"},"inLanguage":"en-US","potentialAction":[{"@type":"ReadAction","target":["https:\/\/www.ebg.de\/eid-mubarak-am-fbz-magdeburg-%f0%9f%8c%99%e2%9c%a8\/"]}]},{"@type":"ImageObject","inLanguage":"en-US","@id":"https:\/\/www.ebg.de\/eid-mubarak-am-fbz-magdeburg-%f0%9f%8c%99%e2%9c%a8\/#primaryimage","url":"https:\/\/www.ebg.de\/wp-content\/uploads\/2026\/04\/IMG_9430-scaled.jpg","contentUrl":"https:\/\/www.ebg.de\/wp-content\/uploads\/2026\/04\/IMG_9430-scaled.jpg","width":2560,"height":1706},{"@type":"BreadcrumbList","@id":"https:\/\/www.ebg.de\/eid-mubarak-am-fbz-magdeburg-%f0%9f%8c%99%e2%9c%a8\/#breadcrumb","itemListElement":[{"@type":"ListItem","position":1,"name":"Startseite","item":"https:\/\/www.ebg.de\/"},{"@type":"ListItem","position":2,"name":"Eid Mubarak am FBZ Magdeburg \ud83c\udf19\u2728"}]},{"@type":"WebSite","@id":"https:\/\/www.ebg.de\/#website","url":"https:\/\/www.ebg.de\/","name":"Europ\u00e4isches Bildungswerk f\u00fcr Beruf und Gesellschaft","description":"Bildung, Ausbildung und Weiterbildung","potentialAction":[{"@type":"SearchAction","target":{"@type":"EntryPoint","urlTemplate":"https:\/\/www.ebg.de\/?s={search_term_string}"},"query-input":{"@type":"PropertyValueSpecification","valueRequired":true,"valueName":"search_term_string"}}],"inLanguage":"en-US"},{"@type":"Person","@id":"https:\/\/www.ebg.de\/#\/schema\/person\/af645ea1741029d9a44ae532ceb268bc","name":"Stephan Deubner","image":{"@type":"ImageObject","inLanguage":"en-US","@id":"https:\/\/www.ebg.de\/#\/schema\/person\/image\/","url":"https:\/\/secure.gravatar.com\/avatar\/35731f6a08afa0518c45f153077f6135c0f41aa2ae0b76e850ef9508976a7bbe?s=96&d=mm&r=g","contentUrl":"https:\/\/secure.gravatar.com\/avatar\/35731f6a08afa0518c45f153077f6135c0f41aa2ae0b76e850ef9508976a7bbe?s=96&d=mm&r=g","caption":"Stephan Deubner"},"url":"https:\/\/www.ebg.de\/en\/author\/sdeubner\/"}]}},"_links":{"self":[{"href":"https:\/\/www.ebg.de\/en\/wp-json\/wp\/v2\/posts\/41276","targetHints":{"allow":["GET"]}}],"collection":[{"href":"https:\/\/www.ebg.de\/en\/wp-json\/wp\/v2\/posts"}],"about":[{"href":"https:\/\/www.ebg.de\/en\/wp-json\/wp\/v2\/types\/post"}],"author":[{"embeddable":true,"href":"https:\/\/www.ebg.de\/en\/wp-json\/wp\/v2\/users\/22"}],"replies":[{"embeddable":true,"href":"https:\/\/www.ebg.de\/en\/wp-json\/wp\/v2\/comments?post=41276"}],"version-history":[{"count":2,"href":"https:\/\/www.ebg.de\/en\/wp-json\/wp\/v2\/posts\/41276\/revisions"}],"predecessor-version":[{"id":41292,"href":"https:\/\/www.ebg.de\/en\/wp-json\/wp\/v2\/posts\/41276\/revisions\/41292"}],"wp:featuredmedia":[{"embeddable":true,"href":"https:\/\/www.ebg.de\/en\/wp-json\/wp\/v2\/media\/41277"}],"wp:attachment":[{"href":"https:\/\/www.ebg.de\/en\/wp-json\/wp\/v2\/media?parent=41276"}],"wp:term":[{"taxonomy":"category","embeddable":true,"href":"https:\/\/www.ebg.de\/en\/wp-json\/wp\/v2\/categories?post=41276"},{"taxonomy":"post_tag","embeddable":true,"href":"https:\/\/www.ebg.de\/en\/wp-json\/wp\/v2\/tags?post=41276"}],"curies":[{"name":"wp","href":"https:\/\/api.w.org\/{rel}","templated":true}]}}