{"id":4125,"date":"2019-05-02T07:58:02","date_gmt":"2019-05-02T05:58:02","guid":{"rendered":"https:\/\/www.ebg.de\/?p=4125"},"modified":"2019-05-02T08:07:19","modified_gmt":"2019-05-02T06:07:19","slug":"tag-der-offenen-tuer-5","status":"publish","type":"post","link":"https:\/\/www.ebg.de\/en\/tag-der-offenen-tuer-5\/","title":{"rendered":"Tag der offenen T\u00fcr"},"content":{"rendered":"\n<p>Gro\u00dfes Interesse zeigten die Kooperationspartner des Europ\u00e4ischen Bildungswerkes bei der Informationsveranstaltung zur generalisierten Pflegeausbildung von Schulleiterin Frau Pilz &#8211; Schmidt.<\/p>\n","protected":false},"excerpt":{"rendered":"<p>In aller Munde: die kommende generalisierte Pflegeausbildung<\/p>\n","protected":false},"author":22,"featured_media":4126,"comment_status":"closed","ping_status":"closed","sticky":false,"template":"","format":"standard","meta":{"_acf_changed":false,"footnotes":""},"categories":[30],"tags":[],"class_list":["post-4125","post","type-post","status-publish","format-standard","has-post-thumbnail","hentry","category-news-naumburg-schulen"],"acf":[],"yoast_head":"<!-- This site is optimized with the Yoast SEO plugin v26.9 - https:\/\/yoast.com\/product\/yoast-seo-wordpress\/ -->\n<title>Tag der offenen T\u00fcr - Europ\u00e4isches Bildungswerk f\u00fcr Beruf und Gesellschaft<\/title>\n<meta name=\"robots\" content=\"index, follow, max-snippet:-1, max-image-preview:large, max-video-preview:-1\" \/>\n<link rel=\"canonical\" href=\"https:\/\/www.ebg.de\/tag-der-offenen-tuer-5\/?lang=en\" \/>\n<meta property=\"og:locale\" content=\"en_US\" \/>\n<meta property=\"og:type\" content=\"article\" \/>\n<meta property=\"og:title\" content=\"Tag der offenen T\u00fcr - Europ\u00e4isches Bildungswerk f\u00fcr Beruf und Gesellschaft\" \/>\n<meta property=\"og:description\" content=\"In aller Munde: die kommende generalisierte Pflegeausbildung\" \/>\n<meta property=\"og:url\" content=\"https:\/\/www.ebg.de\/tag-der-offenen-tuer-5\/?lang=en\" \/>\n<meta property=\"og:site_name\" content=\"Europ\u00e4isches Bildungswerk f\u00fcr Beruf und Gesellschaft\" \/>\n<meta property=\"article:published_time\" content=\"2019-05-02T05:58:02+00:00\" \/>\n<meta property=\"article:modified_time\" content=\"2019-05-02T06:07:19+00:00\" \/>\n<meta property=\"og:image\" content=\"https:\/\/www.ebg.de\/wp-content\/uploads\/2019\/05\/IMG_20190429_202637.jpg\" \/>\n\t<meta property=\"og:image:width\" content=\"3886\" \/>\n\t<meta property=\"og:image:height\" content=\"2372\" \/>\n\t<meta property=\"og:image:type\" content=\"image\/jpeg\" \/>\n<meta name=\"author\" content=\"Stephan Deubner\" \/>\n<meta name=\"twitter:card\" content=\"summary_large_image\" \/>\n<meta name=\"twitter:label1\" content=\"Written by\" \/>\n\t<meta name=\"twitter:data1\" content=\"Stephan Deubner\" \/>\n<!-- \/ Yoast SEO plugin. -->","yoast_head_json":{"title":"Tag der offenen T\u00fcr - Europ\u00e4isches Bildungswerk f\u00fcr Beruf und Gesellschaft","robots":{"index":"index","follow":"follow","max-snippet":"max-snippet:-1","max-image-preview":"max-image-preview:large","max-video-preview":"max-video-preview:-1"},"canonical":"https:\/\/www.ebg.de\/tag-der-offenen-tuer-5\/?lang=en","og_locale":"en_US","og_type":"article","og_title":"Tag der offenen T\u00fcr - Europ\u00e4isches Bildungswerk f\u00fcr Beruf und Gesellschaft","og_description":"In aller Munde: die kommende generalisierte Pflegeausbildung","og_url":"https:\/\/www.ebg.de\/tag-der-offenen-tuer-5\/?lang=en","og_site_name":"Europ\u00e4isches Bildungswerk f\u00fcr Beruf und Gesellschaft","article_published_time":"2019-05-02T05:58:02+00:00","article_modified_time":"2019-05-02T06:07:19+00:00","og_image":[{"width":3886,"height":2372,"url":"https:\/\/www.ebg.de\/wp-content\/uploads\/2019\/05\/IMG_20190429_202637.jpg","type":"image\/jpeg"}],"author":"Stephan Deubner","twitter_card":"summary_large_image","twitter_misc":{"Written by":"Stephan Deubner"},"schema":{"@context":"https:\/\/schema.org","@graph":[{"@type":"Article","@id":"https:\/\/www.ebg.de\/tag-der-offenen-tuer-5\/?lang=en#article","isPartOf":{"@id":"https:\/\/www.ebg.de\/tag-der-offenen-tuer-5\/?lang=en"},"author":{"name":"Stephan Deubner","@id":"https:\/\/www.ebg.de\/#\/schema\/person\/af645ea1741029d9a44ae532ceb268bc"},"headline":"Tag der offenen T\u00fcr","datePublished":"2019-05-02T05:58:02+00:00","dateModified":"2019-05-02T06:07:19+00:00","mainEntityOfPage":{"@id":"https:\/\/www.ebg.de\/tag-der-offenen-tuer-5\/?lang=en"},"wordCount":27,"image":{"@id":"https:\/\/www.ebg.de\/tag-der-offenen-tuer-5\/?lang=en#primaryimage"},"thumbnailUrl":"https:\/\/www.ebg.de\/wp-content\/uploads\/2019\/05\/IMG_20190429_202637.jpg","articleSection":["News - Naumburg Schulen"],"inLanguage":"en-US"},{"@type":"WebPage","@id":"https:\/\/www.ebg.de\/tag-der-offenen-tuer-5\/?lang=en","url":"https:\/\/www.ebg.de\/tag-der-offenen-tuer-5\/?lang=en","name":"Tag der offenen T\u00fcr - Europ\u00e4isches Bildungswerk f\u00fcr Beruf und Gesellschaft","isPartOf":{"@id":"https:\/\/www.ebg.de\/#website"},"primaryImageOfPage":{"@id":"https:\/\/www.ebg.de\/tag-der-offenen-tuer-5\/?lang=en#primaryimage"},"image":{"@id":"https:\/\/www.ebg.de\/tag-der-offenen-tuer-5\/?lang=en#primaryimage"},"thumbnailUrl":"https:\/\/www.ebg.de\/wp-content\/uploads\/2019\/05\/IMG_20190429_202637.jpg","datePublished":"2019-05-02T05:58:02+00:00","dateModified":"2019-05-02T06:07:19+00:00","author":{"@id":"https:\/\/www.ebg.de\/#\/schema\/person\/af645ea1741029d9a44ae532ceb268bc"},"breadcrumb":{"@id":"https:\/\/www.ebg.de\/tag-der-offenen-tuer-5\/?lang=en#breadcrumb"},"inLanguage":"en-US","potentialAction":[{"@type":"ReadAction","target":["https:\/\/www.ebg.de\/tag-der-offenen-tuer-5\/?lang=en"]}]},{"@type":"ImageObject","inLanguage":"en-US","@id":"https:\/\/www.ebg.de\/tag-der-offenen-tuer-5\/?lang=en#primaryimage","url":"https:\/\/www.ebg.de\/wp-content\/uploads\/2019\/05\/IMG_20190429_202637.jpg","contentUrl":"https:\/\/www.ebg.de\/wp-content\/uploads\/2019\/05\/IMG_20190429_202637.jpg","width":3886,"height":2372,"caption":"sdr_soft"},{"@type":"BreadcrumbList","@id":"https:\/\/www.ebg.de\/tag-der-offenen-tuer-5\/?lang=en#breadcrumb","itemListElement":[{"@type":"ListItem","position":1,"name":"Startseite","item":"https:\/\/www.ebg.de\/"},{"@type":"ListItem","position":2,"name":"Tag der offenen T\u00fcr"}]},{"@type":"WebSite","@id":"https:\/\/www.ebg.de\/#website","url":"https:\/\/www.ebg.de\/","name":"Europ\u00e4isches Bildungswerk f\u00fcr Beruf und Gesellschaft","description":"Bildung, Ausbildung und Weiterbildung","potentialAction":[{"@type":"SearchAction","target":{"@type":"EntryPoint","urlTemplate":"https:\/\/www.ebg.de\/?s={search_term_string}"},"query-input":{"@type":"PropertyValueSpecification","valueRequired":true,"valueName":"search_term_string"}}],"inLanguage":"en-US"},{"@type":"Person","@id":"https:\/\/www.ebg.de\/#\/schema\/person\/af645ea1741029d9a44ae532ceb268bc","name":"Stephan Deubner","image":{"@type":"ImageObject","inLanguage":"en-US","@id":"https:\/\/www.ebg.de\/#\/schema\/person\/image\/","url":"https:\/\/secure.gravatar.com\/avatar\/35731f6a08afa0518c45f153077f6135c0f41aa2ae0b76e850ef9508976a7bbe?s=96&d=mm&r=g","contentUrl":"https:\/\/secure.gravatar.com\/avatar\/35731f6a08afa0518c45f153077f6135c0f41aa2ae0b76e850ef9508976a7bbe?s=96&d=mm&r=g","caption":"Stephan Deubner"},"url":"https:\/\/www.ebg.de\/en\/author\/sdeubner\/"}]}},"_links":{"self":[{"href":"https:\/\/www.ebg.de\/en\/wp-json\/wp\/v2\/posts\/4125","targetHints":{"allow":["GET"]}}],"collection":[{"href":"https:\/\/www.ebg.de\/en\/wp-json\/wp\/v2\/posts"}],"about":[{"href":"https:\/\/www.ebg.de\/en\/wp-json\/wp\/v2\/types\/post"}],"author":[{"embeddable":true,"href":"https:\/\/www.ebg.de\/en\/wp-json\/wp\/v2\/users\/22"}],"replies":[{"embeddable":true,"href":"https:\/\/www.ebg.de\/en\/wp-json\/wp\/v2\/comments?post=4125"}],"version-history":[{"count":7,"href":"https:\/\/www.ebg.de\/en\/wp-json\/wp\/v2\/posts\/4125\/revisions"}],"predecessor-version":[{"id":4134,"href":"https:\/\/www.ebg.de\/en\/wp-json\/wp\/v2\/posts\/4125\/revisions\/4134"}],"wp:featuredmedia":[{"embeddable":true,"href":"https:\/\/www.ebg.de\/en\/wp-json\/wp\/v2\/media\/4126"}],"wp:attachment":[{"href":"https:\/\/www.ebg.de\/en\/wp-json\/wp\/v2\/media?parent=4125"}],"wp:term":[{"taxonomy":"category","embeddable":true,"href":"https:\/\/www.ebg.de\/en\/wp-json\/wp\/v2\/categories?post=4125"},{"taxonomy":"post_tag","embeddable":true,"href":"https:\/\/www.ebg.de\/en\/wp-json\/wp\/v2\/tags?post=4125"}],"curies":[{"name":"wp","href":"https:\/\/api.w.org\/{rel}","templated":true}]}}