{"id":41232,"date":"2026-03-23T11:53:41","date_gmt":"2026-03-23T10:53:41","guid":{"rendered":"https:\/\/www.ebg.de\/?p=41232"},"modified":"2026-03-30T11:58:28","modified_gmt":"2026-03-30T09:58:28","slug":"berufliche-grundqualifizierung-pflege","status":"publish","type":"post","link":"https:\/\/www.ebg.de\/en\/berufliche-grundqualifizierung-pflege\/","title":{"rendered":"Berufliche Grundqualifizierung Pflege"},"content":{"rendered":"\n<p>Mit Teilnehmenden aus Venezuela, Syrien, Georgien und Ghana startete der Kurs \u201eBerufliche Grundqualifizierung Pflege\u201c<strong> <\/strong>(fortlaufender Einstieg im Bildungszentrum Torgau). Mit gro\u00dfem Engagement sollen Wissen, F\u00e4higkeiten und Fertigkeiten im Bereich Pflege erworben werden, um zuk\u00fcnftig die Torgauer Pflegeeinrichtungen tatkr\u00e4ftig unterst\u00fctzen zu k\u00f6nnen.<\/p>\n\n\n\n<p><\/p>\n","protected":false},"excerpt":{"rendered":"<p>Kennenlernen bei interkulturellem Essen \u2026<\/p>\n","protected":false},"author":8,"featured_media":41233,"comment_status":"closed","ping_status":"closed","sticky":false,"template":"","format":"standard","meta":{"_acf_changed":false,"footnotes":""},"categories":[32],"tags":[],"class_list":["post-41232","post","type-post","status-publish","format-standard","has-post-thumbnail","hentry","category-news-torgau-bildungszentrum"],"acf":[],"yoast_head":"<!-- This site is optimized with the Yoast SEO plugin v26.9 - https:\/\/yoast.com\/product\/yoast-seo-wordpress\/ -->\n<title>Berufliche Grundqualifizierung Pflege - Europ\u00e4isches Bildungswerk f\u00fcr Beruf und Gesellschaft<\/title>\n<meta name=\"description\" content=\"Integration, Berufliche Grundqualifizierung Pflege\" \/>\n<meta name=\"robots\" content=\"index, follow, max-snippet:-1, max-image-preview:large, max-video-preview:-1\" \/>\n<link rel=\"canonical\" href=\"https:\/\/www.ebg.de\/berufliche-grundqualifizierung-pflege\/\" \/>\n<meta property=\"og:locale\" content=\"en_US\" \/>\n<meta property=\"og:type\" content=\"article\" \/>\n<meta property=\"og:title\" content=\"Berufliche Grundqualifizierung Pflege - Europ\u00e4isches Bildungswerk f\u00fcr Beruf und Gesellschaft\" \/>\n<meta property=\"og:description\" content=\"Integration, Berufliche Grundqualifizierung Pflege\" \/>\n<meta property=\"og:url\" content=\"https:\/\/www.ebg.de\/berufliche-grundqualifizierung-pflege\/\" \/>\n<meta property=\"og:site_name\" content=\"Europ\u00e4isches Bildungswerk f\u00fcr Beruf und Gesellschaft\" \/>\n<meta property=\"article:published_time\" content=\"2026-03-23T10:53:41+00:00\" \/>\n<meta property=\"article:modified_time\" content=\"2026-03-30T09:58:28+00:00\" \/>\n<meta property=\"og:image\" content=\"https:\/\/www.ebg.de\/wp-content\/uploads\/2026\/03\/grundqualifizierung-pflege.jpg\" \/>\n\t<meta property=\"og:image:width\" content=\"860\" \/>\n\t<meta property=\"og:image:height\" content=\"540\" \/>\n\t<meta property=\"og:image:type\" content=\"image\/jpeg\" \/>\n<meta name=\"author\" content=\"Christiane Selbig\" \/>\n<meta name=\"twitter:card\" content=\"summary_large_image\" \/>\n<meta name=\"twitter:label1\" content=\"Written by\" \/>\n\t<meta name=\"twitter:data1\" content=\"Christiane Selbig\" \/>\n\t<meta name=\"twitter:label2\" content=\"Est. reading time\" \/>\n\t<meta name=\"twitter:data2\" content=\"1 minute\" \/>\n<!-- \/ Yoast SEO plugin. -->","yoast_head_json":{"title":"Berufliche Grundqualifizierung Pflege - Europ\u00e4isches Bildungswerk f\u00fcr Beruf und Gesellschaft","description":"Integration, Berufliche Grundqualifizierung Pflege","robots":{"index":"index","follow":"follow","max-snippet":"max-snippet:-1","max-image-preview":"max-image-preview:large","max-video-preview":"max-video-preview:-1"},"canonical":"https:\/\/www.ebg.de\/berufliche-grundqualifizierung-pflege\/","og_locale":"en_US","og_type":"article","og_title":"Berufliche Grundqualifizierung Pflege - Europ\u00e4isches Bildungswerk f\u00fcr Beruf und Gesellschaft","og_description":"Integration, Berufliche Grundqualifizierung Pflege","og_url":"https:\/\/www.ebg.de\/berufliche-grundqualifizierung-pflege\/","og_site_name":"Europ\u00e4isches Bildungswerk f\u00fcr Beruf und Gesellschaft","article_published_time":"2026-03-23T10:53:41+00:00","article_modified_time":"2026-03-30T09:58:28+00:00","og_image":[{"width":860,"height":540,"url":"https:\/\/www.ebg.de\/wp-content\/uploads\/2026\/03\/grundqualifizierung-pflege.jpg","type":"image\/jpeg"}],"author":"Christiane Selbig","twitter_card":"summary_large_image","twitter_misc":{"Written by":"Christiane Selbig","Est. reading time":"1 minute"},"schema":{"@context":"https:\/\/schema.org","@graph":[{"@type":"Article","@id":"https:\/\/www.ebg.de\/berufliche-grundqualifizierung-pflege\/#article","isPartOf":{"@id":"https:\/\/www.ebg.de\/berufliche-grundqualifizierung-pflege\/"},"author":{"name":"Christiane Selbig","@id":"https:\/\/www.ebg.de\/#\/schema\/person\/841de16928f485ad75bab4e688fe3436"},"headline":"Berufliche Grundqualifizierung Pflege","datePublished":"2026-03-23T10:53:41+00:00","dateModified":"2026-03-30T09:58:28+00:00","mainEntityOfPage":{"@id":"https:\/\/www.ebg.de\/berufliche-grundqualifizierung-pflege\/"},"wordCount":50,"image":{"@id":"https:\/\/www.ebg.de\/berufliche-grundqualifizierung-pflege\/#primaryimage"},"thumbnailUrl":"https:\/\/www.ebg.de\/wp-content\/uploads\/2026\/03\/grundqualifizierung-pflege.jpg","articleSection":["News - Torgau BZ"],"inLanguage":"en-US"},{"@type":"WebPage","@id":"https:\/\/www.ebg.de\/berufliche-grundqualifizierung-pflege\/","url":"https:\/\/www.ebg.de\/berufliche-grundqualifizierung-pflege\/","name":"Berufliche Grundqualifizierung Pflege - Europ\u00e4isches Bildungswerk f\u00fcr Beruf und Gesellschaft","isPartOf":{"@id":"https:\/\/www.ebg.de\/#website"},"primaryImageOfPage":{"@id":"https:\/\/www.ebg.de\/berufliche-grundqualifizierung-pflege\/#primaryimage"},"image":{"@id":"https:\/\/www.ebg.de\/berufliche-grundqualifizierung-pflege\/#primaryimage"},"thumbnailUrl":"https:\/\/www.ebg.de\/wp-content\/uploads\/2026\/03\/grundqualifizierung-pflege.jpg","datePublished":"2026-03-23T10:53:41+00:00","dateModified":"2026-03-30T09:58:28+00:00","author":{"@id":"https:\/\/www.ebg.de\/#\/schema\/person\/841de16928f485ad75bab4e688fe3436"},"description":"Integration, Berufliche Grundqualifizierung Pflege","breadcrumb":{"@id":"https:\/\/www.ebg.de\/berufliche-grundqualifizierung-pflege\/#breadcrumb"},"inLanguage":"en-US","potentialAction":[{"@type":"ReadAction","target":["https:\/\/www.ebg.de\/berufliche-grundqualifizierung-pflege\/"]}]},{"@type":"ImageObject","inLanguage":"en-US","@id":"https:\/\/www.ebg.de\/berufliche-grundqualifizierung-pflege\/#primaryimage","url":"https:\/\/www.ebg.de\/wp-content\/uploads\/2026\/03\/grundqualifizierung-pflege.jpg","contentUrl":"https:\/\/www.ebg.de\/wp-content\/uploads\/2026\/03\/grundqualifizierung-pflege.jpg","width":860,"height":540,"caption":"Keyvisual Berufliche Grundqualifizierung Pflege \u2013 Start beim gemeinsamen Essen"},{"@type":"BreadcrumbList","@id":"https:\/\/www.ebg.de\/berufliche-grundqualifizierung-pflege\/#breadcrumb","itemListElement":[{"@type":"ListItem","position":1,"name":"Startseite","item":"https:\/\/www.ebg.de\/"},{"@type":"ListItem","position":2,"name":"Berufliche Grundqualifizierung Pflege"}]},{"@type":"WebSite","@id":"https:\/\/www.ebg.de\/#website","url":"https:\/\/www.ebg.de\/","name":"Europ\u00e4isches Bildungswerk f\u00fcr Beruf und Gesellschaft","description":"Bildung, Ausbildung und Weiterbildung","potentialAction":[{"@type":"SearchAction","target":{"@type":"EntryPoint","urlTemplate":"https:\/\/www.ebg.de\/?s={search_term_string}"},"query-input":{"@type":"PropertyValueSpecification","valueRequired":true,"valueName":"search_term_string"}}],"inLanguage":"en-US"},{"@type":"Person","@id":"https:\/\/www.ebg.de\/#\/schema\/person\/841de16928f485ad75bab4e688fe3436","name":"Christiane Selbig","image":{"@type":"ImageObject","inLanguage":"en-US","@id":"https:\/\/www.ebg.de\/#\/schema\/person\/image\/","url":"https:\/\/secure.gravatar.com\/avatar\/2cc1d2ea88bd46e448d57ac18ac9f028486b7c08a90951b9d99326eeec001739?s=96&d=mm&r=g","contentUrl":"https:\/\/secure.gravatar.com\/avatar\/2cc1d2ea88bd46e448d57ac18ac9f028486b7c08a90951b9d99326eeec001739?s=96&d=mm&r=g","caption":"Christiane Selbig"},"url":"https:\/\/www.ebg.de\/en\/author\/cselbig\/"}]}},"_links":{"self":[{"href":"https:\/\/www.ebg.de\/en\/wp-json\/wp\/v2\/posts\/41232","targetHints":{"allow":["GET"]}}],"collection":[{"href":"https:\/\/www.ebg.de\/en\/wp-json\/wp\/v2\/posts"}],"about":[{"href":"https:\/\/www.ebg.de\/en\/wp-json\/wp\/v2\/types\/post"}],"author":[{"embeddable":true,"href":"https:\/\/www.ebg.de\/en\/wp-json\/wp\/v2\/users\/8"}],"replies":[{"embeddable":true,"href":"https:\/\/www.ebg.de\/en\/wp-json\/wp\/v2\/comments?post=41232"}],"version-history":[{"count":1,"href":"https:\/\/www.ebg.de\/en\/wp-json\/wp\/v2\/posts\/41232\/revisions"}],"predecessor-version":[{"id":41235,"href":"https:\/\/www.ebg.de\/en\/wp-json\/wp\/v2\/posts\/41232\/revisions\/41235"}],"wp:featuredmedia":[{"embeddable":true,"href":"https:\/\/www.ebg.de\/en\/wp-json\/wp\/v2\/media\/41233"}],"wp:attachment":[{"href":"https:\/\/www.ebg.de\/en\/wp-json\/wp\/v2\/media?parent=41232"}],"wp:term":[{"taxonomy":"category","embeddable":true,"href":"https:\/\/www.ebg.de\/en\/wp-json\/wp\/v2\/categories?post=41232"},{"taxonomy":"post_tag","embeddable":true,"href":"https:\/\/www.ebg.de\/en\/wp-json\/wp\/v2\/tags?post=41232"}],"curies":[{"name":"wp","href":"https:\/\/api.w.org\/{rel}","templated":true}]}}