{"id":41226,"date":"2026-03-18T11:22:00","date_gmt":"2026-03-18T10:22:00","guid":{"rendered":"https:\/\/www.ebg.de\/?p=41226"},"modified":"2026-03-30T11:58:06","modified_gmt":"2026-03-30T09:58:06","slug":"projekt-schulverweigerung","status":"publish","type":"post","link":"https:\/\/www.ebg.de\/en\/projekt-schulverweigerung\/","title":{"rendered":"Projekt Schulverweigerung"},"content":{"rendered":"\n<p>Zu Beginn dieses Schuljahres wurde das Projekt Schulverweigerung in Torgau Nordwest gestartet. Da Schuleschw\u00e4nzen ein immer gr\u00f6\u00dfer werdendes Problem darstellt, fand das Projekt sogar Resonanz in der Torgauer Stadtzeitung in einem Artikel mit dem Titel \u201eWir holen sie notfalls aus dem Bett: Wie Torgau erfolgreich gegen das Schulschw\u00e4nzen k\u00e4mpft.\u201c<\/p>\n\n\n\n<p>Das Bildungszentrum Torgau betreut mittlerweile Schulabsentisten der Oberschule Torgau Nordwest, Grundschule Torgau Nordwest, des Beruflichen Schulzentrums sowie der F\u00f6rderschule Torgau. Die Kinder und Jugendlichen, die dieses Projekt durchlaufen, sollen den Weg in ein geregeltes Leben wiederfinden und in den Schulunterricht zur\u00fcck integriert werden.<\/p>\n\n\n\n<p><\/p>\n","protected":false},"excerpt":{"rendered":"<p>Mit gro\u00dfer Resonanz startete das Projekt Schulverweigerung in Torgau.<\/p>\n","protected":false},"author":8,"featured_media":41227,"comment_status":"closed","ping_status":"closed","sticky":false,"template":"","format":"standard","meta":{"_acf_changed":false,"footnotes":""},"categories":[32],"tags":[],"class_list":["post-41226","post","type-post","status-publish","format-standard","has-post-thumbnail","hentry","category-news-torgau-bildungszentrum"],"acf":[],"yoast_head":"<!-- This site is optimized with the Yoast SEO plugin v26.9 - https:\/\/yoast.com\/product\/yoast-seo-wordpress\/ -->\n<title>Projekt Schulverweigerung - Europ\u00e4isches Bildungswerk f\u00fcr Beruf und Gesellschaft<\/title>\n<meta name=\"description\" content=\"Da Schuleschw\u00e4nzen ein immer gr\u00f6\u00dfer werdendes Problem darstellt, wurde das Projekt Schulverweigerung in Torgau Nordwest gestartet.\" \/>\n<meta name=\"robots\" content=\"index, follow, max-snippet:-1, max-image-preview:large, max-video-preview:-1\" \/>\n<link rel=\"canonical\" href=\"https:\/\/www.ebg.de\/projekt-schulverweigerung\/\" \/>\n<meta property=\"og:locale\" content=\"en_US\" \/>\n<meta property=\"og:type\" content=\"article\" \/>\n<meta property=\"og:title\" content=\"Projekt Schulverweigerung - Europ\u00e4isches Bildungswerk f\u00fcr Beruf und Gesellschaft\" \/>\n<meta property=\"og:description\" content=\"Da Schuleschw\u00e4nzen ein immer gr\u00f6\u00dfer werdendes Problem darstellt, wurde das Projekt Schulverweigerung in Torgau Nordwest gestartet.\" \/>\n<meta property=\"og:url\" content=\"https:\/\/www.ebg.de\/projekt-schulverweigerung\/\" \/>\n<meta property=\"og:site_name\" content=\"Europ\u00e4isches Bildungswerk f\u00fcr Beruf und Gesellschaft\" \/>\n<meta property=\"article:published_time\" content=\"2026-03-18T10:22:00+00:00\" \/>\n<meta property=\"article:modified_time\" content=\"2026-03-30T09:58:06+00:00\" \/>\n<meta property=\"og:image\" content=\"https:\/\/www.ebg.de\/wp-content\/uploads\/2026\/03\/zeitungsartikel-schulverweigerung.jpg\" \/>\n\t<meta property=\"og:image:width\" content=\"860\" \/>\n\t<meta property=\"og:image:height\" content=\"540\" \/>\n\t<meta property=\"og:image:type\" content=\"image\/jpeg\" \/>\n<meta name=\"author\" content=\"Christiane Selbig\" \/>\n<meta name=\"twitter:card\" content=\"summary_large_image\" \/>\n<meta name=\"twitter:label1\" content=\"Written by\" \/>\n\t<meta name=\"twitter:data1\" content=\"Christiane Selbig\" \/>\n\t<meta name=\"twitter:label2\" content=\"Est. reading time\" \/>\n\t<meta name=\"twitter:data2\" content=\"1 minute\" \/>\n<!-- \/ Yoast SEO plugin. -->","yoast_head_json":{"title":"Projekt Schulverweigerung - Europ\u00e4isches Bildungswerk f\u00fcr Beruf und Gesellschaft","description":"Da Schuleschw\u00e4nzen ein immer gr\u00f6\u00dfer werdendes Problem darstellt, wurde das Projekt Schulverweigerung in Torgau Nordwest gestartet.","robots":{"index":"index","follow":"follow","max-snippet":"max-snippet:-1","max-image-preview":"max-image-preview:large","max-video-preview":"max-video-preview:-1"},"canonical":"https:\/\/www.ebg.de\/projekt-schulverweigerung\/","og_locale":"en_US","og_type":"article","og_title":"Projekt Schulverweigerung - Europ\u00e4isches Bildungswerk f\u00fcr Beruf und Gesellschaft","og_description":"Da Schuleschw\u00e4nzen ein immer gr\u00f6\u00dfer werdendes Problem darstellt, wurde das Projekt Schulverweigerung in Torgau Nordwest gestartet.","og_url":"https:\/\/www.ebg.de\/projekt-schulverweigerung\/","og_site_name":"Europ\u00e4isches Bildungswerk f\u00fcr Beruf und Gesellschaft","article_published_time":"2026-03-18T10:22:00+00:00","article_modified_time":"2026-03-30T09:58:06+00:00","og_image":[{"width":860,"height":540,"url":"https:\/\/www.ebg.de\/wp-content\/uploads\/2026\/03\/zeitungsartikel-schulverweigerung.jpg","type":"image\/jpeg"}],"author":"Christiane Selbig","twitter_card":"summary_large_image","twitter_misc":{"Written by":"Christiane Selbig","Est. reading time":"1 minute"},"schema":{"@context":"https:\/\/schema.org","@graph":[{"@type":"Article","@id":"https:\/\/www.ebg.de\/projekt-schulverweigerung\/#article","isPartOf":{"@id":"https:\/\/www.ebg.de\/projekt-schulverweigerung\/"},"author":{"name":"Christiane Selbig","@id":"https:\/\/www.ebg.de\/#\/schema\/person\/841de16928f485ad75bab4e688fe3436"},"headline":"Projekt Schulverweigerung","datePublished":"2026-03-18T10:22:00+00:00","dateModified":"2026-03-30T09:58:06+00:00","mainEntityOfPage":{"@id":"https:\/\/www.ebg.de\/projekt-schulverweigerung\/"},"wordCount":100,"image":{"@id":"https:\/\/www.ebg.de\/projekt-schulverweigerung\/#primaryimage"},"thumbnailUrl":"https:\/\/www.ebg.de\/wp-content\/uploads\/2026\/03\/zeitungsartikel-schulverweigerung.jpg","articleSection":["News - Torgau BZ"],"inLanguage":"en-US"},{"@type":"WebPage","@id":"https:\/\/www.ebg.de\/projekt-schulverweigerung\/","url":"https:\/\/www.ebg.de\/projekt-schulverweigerung\/","name":"Projekt Schulverweigerung - Europ\u00e4isches Bildungswerk f\u00fcr Beruf und Gesellschaft","isPartOf":{"@id":"https:\/\/www.ebg.de\/#website"},"primaryImageOfPage":{"@id":"https:\/\/www.ebg.de\/projekt-schulverweigerung\/#primaryimage"},"image":{"@id":"https:\/\/www.ebg.de\/projekt-schulverweigerung\/#primaryimage"},"thumbnailUrl":"https:\/\/www.ebg.de\/wp-content\/uploads\/2026\/03\/zeitungsartikel-schulverweigerung.jpg","datePublished":"2026-03-18T10:22:00+00:00","dateModified":"2026-03-30T09:58:06+00:00","author":{"@id":"https:\/\/www.ebg.de\/#\/schema\/person\/841de16928f485ad75bab4e688fe3436"},"description":"Da Schuleschw\u00e4nzen ein immer gr\u00f6\u00dfer werdendes Problem darstellt, wurde das Projekt Schulverweigerung in Torgau Nordwest gestartet.","breadcrumb":{"@id":"https:\/\/www.ebg.de\/projekt-schulverweigerung\/#breadcrumb"},"inLanguage":"en-US","potentialAction":[{"@type":"ReadAction","target":["https:\/\/www.ebg.de\/projekt-schulverweigerung\/"]}]},{"@type":"ImageObject","inLanguage":"en-US","@id":"https:\/\/www.ebg.de\/projekt-schulverweigerung\/#primaryimage","url":"https:\/\/www.ebg.de\/wp-content\/uploads\/2026\/03\/zeitungsartikel-schulverweigerung.jpg","contentUrl":"https:\/\/www.ebg.de\/wp-content\/uploads\/2026\/03\/zeitungsartikel-schulverweigerung.jpg","width":860,"height":540,"caption":"Keyvisual Zeitungsartikel \u00fcber das Projekt Schulverweigerung in Torgau"},{"@type":"BreadcrumbList","@id":"https:\/\/www.ebg.de\/projekt-schulverweigerung\/#breadcrumb","itemListElement":[{"@type":"ListItem","position":1,"name":"Startseite","item":"https:\/\/www.ebg.de\/"},{"@type":"ListItem","position":2,"name":"Projekt Schulverweigerung"}]},{"@type":"WebSite","@id":"https:\/\/www.ebg.de\/#website","url":"https:\/\/www.ebg.de\/","name":"Europ\u00e4isches Bildungswerk f\u00fcr Beruf und Gesellschaft","description":"Bildung, Ausbildung und Weiterbildung","potentialAction":[{"@type":"SearchAction","target":{"@type":"EntryPoint","urlTemplate":"https:\/\/www.ebg.de\/?s={search_term_string}"},"query-input":{"@type":"PropertyValueSpecification","valueRequired":true,"valueName":"search_term_string"}}],"inLanguage":"en-US"},{"@type":"Person","@id":"https:\/\/www.ebg.de\/#\/schema\/person\/841de16928f485ad75bab4e688fe3436","name":"Christiane Selbig","image":{"@type":"ImageObject","inLanguage":"en-US","@id":"https:\/\/www.ebg.de\/#\/schema\/person\/image\/","url":"https:\/\/secure.gravatar.com\/avatar\/2cc1d2ea88bd46e448d57ac18ac9f028486b7c08a90951b9d99326eeec001739?s=96&d=mm&r=g","contentUrl":"https:\/\/secure.gravatar.com\/avatar\/2cc1d2ea88bd46e448d57ac18ac9f028486b7c08a90951b9d99326eeec001739?s=96&d=mm&r=g","caption":"Christiane Selbig"},"url":"https:\/\/www.ebg.de\/en\/author\/cselbig\/"}]}},"_links":{"self":[{"href":"https:\/\/www.ebg.de\/en\/wp-json\/wp\/v2\/posts\/41226","targetHints":{"allow":["GET"]}}],"collection":[{"href":"https:\/\/www.ebg.de\/en\/wp-json\/wp\/v2\/posts"}],"about":[{"href":"https:\/\/www.ebg.de\/en\/wp-json\/wp\/v2\/types\/post"}],"author":[{"embeddable":true,"href":"https:\/\/www.ebg.de\/en\/wp-json\/wp\/v2\/users\/8"}],"replies":[{"embeddable":true,"href":"https:\/\/www.ebg.de\/en\/wp-json\/wp\/v2\/comments?post=41226"}],"version-history":[{"count":2,"href":"https:\/\/www.ebg.de\/en\/wp-json\/wp\/v2\/posts\/41226\/revisions"}],"predecessor-version":[{"id":41231,"href":"https:\/\/www.ebg.de\/en\/wp-json\/wp\/v2\/posts\/41226\/revisions\/41231"}],"wp:featuredmedia":[{"embeddable":true,"href":"https:\/\/www.ebg.de\/en\/wp-json\/wp\/v2\/media\/41227"}],"wp:attachment":[{"href":"https:\/\/www.ebg.de\/en\/wp-json\/wp\/v2\/media?parent=41226"}],"wp:term":[{"taxonomy":"category","embeddable":true,"href":"https:\/\/www.ebg.de\/en\/wp-json\/wp\/v2\/categories?post=41226"},{"taxonomy":"post_tag","embeddable":true,"href":"https:\/\/www.ebg.de\/en\/wp-json\/wp\/v2\/tags?post=41226"}],"curies":[{"name":"wp","href":"https:\/\/api.w.org\/{rel}","templated":true}]}}