{"id":41219,"date":"2026-03-11T11:09:04","date_gmt":"2026-03-11T10:09:04","guid":{"rendered":"https:\/\/www.ebg.de\/?p=41219"},"modified":"2026-03-30T11:56:33","modified_gmt":"2026-03-30T09:56:33","slug":"fachtag-bruecken-bauen","status":"publish","type":"post","link":"https:\/\/www.ebg.de\/en\/fachtag-bruecken-bauen\/","title":{"rendered":"Fachtag \u201eBr\u00fccken bauen \u2026\u201c"},"content":{"rendered":"\n<p>Anfang M\u00e4rz fand in Leipzig im Neuen Rathaus im Gro\u00dfen Festsaal der Fachtag \u201eBr\u00fccken bauen gegen Schulabsentismus und Jugendkriminalit\u00e4t\u201c statt, zu dem das BZ Torgau im Rahmen des Projektes \u201eSchulverweigerung\u201c eingeladen war. Interessante Beitr\u00e4ge des B\u00fcrgermeisters Herrn Rosenthal, des Polizeipr\u00e4sidenten Herrn Demmler, aus dem Innenministerium des Freistaates Sachsen sowie dem Leiter der Kripo Leipzig folgten nach der Begr\u00fc\u00dfung und Er\u00f6ffnung. Die Vortr\u00e4ge zu den Themen \u201eSchulabsentismus als Indikator f\u00fcr Bildungs- und Lebensrisiken\u201c, \u201eUnsichere Zeiten \u2013 verletzliche Jugend\u201c sowie \u201eB\u00fcndnisse und Netzwerke zum Umgang mit Schulabsentismus und Jugendkriminalit\u00e4t\u201c rundeten die sehr interessante Veranstaltung ab.<\/p>\n","protected":false},"excerpt":{"rendered":"<p>Fachtag \u201eBr\u00fccken bauen gegen Schulabsentismus und Jugendkriminalit\u00e4t\u201c<\/p>\n","protected":false},"author":8,"featured_media":41220,"comment_status":"closed","ping_status":"closed","sticky":false,"template":"","format":"standard","meta":{"_acf_changed":false,"footnotes":""},"categories":[32],"tags":[],"class_list":["post-41219","post","type-post","status-publish","format-standard","has-post-thumbnail","hentry","category-news-torgau-bildungszentrum"],"acf":[],"yoast_head":"<!-- This site is optimized with the Yoast SEO plugin v26.9 - https:\/\/yoast.com\/product\/yoast-seo-wordpress\/ -->\n<title>Fachtag \u201eBr\u00fccken bauen \u2026\u201c - Europ\u00e4isches Bildungswerk f\u00fcr Beruf und Gesellschaft<\/title>\n<meta name=\"description\" content=\"Fachtag \u201eBr\u00fccken bauen gegen Schulabsentismus und Jugendkriminalit\u00e4t\u201c\" \/>\n<meta name=\"robots\" content=\"index, follow, max-snippet:-1, max-image-preview:large, max-video-preview:-1\" \/>\n<link rel=\"canonical\" href=\"https:\/\/www.ebg.de\/fachtag-bruecken-bauen\/\" \/>\n<meta property=\"og:locale\" content=\"en_US\" \/>\n<meta property=\"og:type\" content=\"article\" \/>\n<meta property=\"og:title\" content=\"Fachtag \u201eBr\u00fccken bauen \u2026\u201c - Europ\u00e4isches Bildungswerk f\u00fcr Beruf und Gesellschaft\" \/>\n<meta property=\"og:description\" content=\"Fachtag \u201eBr\u00fccken bauen gegen Schulabsentismus und Jugendkriminalit\u00e4t\u201c\" \/>\n<meta property=\"og:url\" content=\"https:\/\/www.ebg.de\/fachtag-bruecken-bauen\/\" \/>\n<meta property=\"og:site_name\" content=\"Europ\u00e4isches Bildungswerk f\u00fcr Beruf und Gesellschaft\" \/>\n<meta property=\"article:published_time\" content=\"2026-03-11T10:09:04+00:00\" \/>\n<meta property=\"article:modified_time\" content=\"2026-03-30T09:56:33+00:00\" \/>\n<meta property=\"og:image\" content=\"https:\/\/www.ebg.de\/wp-content\/uploads\/2026\/03\/schulabsentismus-1.jpg\" \/>\n\t<meta property=\"og:image:width\" content=\"860\" \/>\n\t<meta property=\"og:image:height\" content=\"540\" \/>\n\t<meta property=\"og:image:type\" content=\"image\/jpeg\" \/>\n<meta name=\"author\" content=\"Christiane Selbig\" \/>\n<meta name=\"twitter:card\" content=\"summary_large_image\" \/>\n<meta name=\"twitter:label1\" content=\"Written by\" \/>\n\t<meta name=\"twitter:data1\" content=\"Christiane Selbig\" \/>\n\t<meta name=\"twitter:label2\" content=\"Est. reading time\" \/>\n\t<meta name=\"twitter:data2\" content=\"1 minute\" \/>\n<!-- \/ Yoast SEO plugin. -->","yoast_head_json":{"title":"Fachtag \u201eBr\u00fccken bauen \u2026\u201c - Europ\u00e4isches Bildungswerk f\u00fcr Beruf und Gesellschaft","description":"Fachtag \u201eBr\u00fccken bauen gegen Schulabsentismus und Jugendkriminalit\u00e4t\u201c","robots":{"index":"index","follow":"follow","max-snippet":"max-snippet:-1","max-image-preview":"max-image-preview:large","max-video-preview":"max-video-preview:-1"},"canonical":"https:\/\/www.ebg.de\/fachtag-bruecken-bauen\/","og_locale":"en_US","og_type":"article","og_title":"Fachtag \u201eBr\u00fccken bauen \u2026\u201c - Europ\u00e4isches Bildungswerk f\u00fcr Beruf und Gesellschaft","og_description":"Fachtag \u201eBr\u00fccken bauen gegen Schulabsentismus und Jugendkriminalit\u00e4t\u201c","og_url":"https:\/\/www.ebg.de\/fachtag-bruecken-bauen\/","og_site_name":"Europ\u00e4isches Bildungswerk f\u00fcr Beruf und Gesellschaft","article_published_time":"2026-03-11T10:09:04+00:00","article_modified_time":"2026-03-30T09:56:33+00:00","og_image":[{"width":860,"height":540,"url":"https:\/\/www.ebg.de\/wp-content\/uploads\/2026\/03\/schulabsentismus-1.jpg","type":"image\/jpeg"}],"author":"Christiane Selbig","twitter_card":"summary_large_image","twitter_misc":{"Written by":"Christiane Selbig","Est. reading time":"1 minute"},"schema":{"@context":"https:\/\/schema.org","@graph":[{"@type":"Article","@id":"https:\/\/www.ebg.de\/fachtag-bruecken-bauen\/#article","isPartOf":{"@id":"https:\/\/www.ebg.de\/fachtag-bruecken-bauen\/"},"author":{"name":"Christiane Selbig","@id":"https:\/\/www.ebg.de\/#\/schema\/person\/841de16928f485ad75bab4e688fe3436"},"headline":"Fachtag \u201eBr\u00fccken bauen \u2026\u201c","datePublished":"2026-03-11T10:09:04+00:00","dateModified":"2026-03-30T09:56:33+00:00","mainEntityOfPage":{"@id":"https:\/\/www.ebg.de\/fachtag-bruecken-bauen\/"},"wordCount":109,"image":{"@id":"https:\/\/www.ebg.de\/fachtag-bruecken-bauen\/#primaryimage"},"thumbnailUrl":"https:\/\/www.ebg.de\/wp-content\/uploads\/2026\/03\/schulabsentismus-1.jpg","articleSection":["News - Torgau BZ"],"inLanguage":"en-US"},{"@type":"WebPage","@id":"https:\/\/www.ebg.de\/fachtag-bruecken-bauen\/","url":"https:\/\/www.ebg.de\/fachtag-bruecken-bauen\/","name":"Fachtag \u201eBr\u00fccken bauen \u2026\u201c - Europ\u00e4isches Bildungswerk f\u00fcr Beruf und Gesellschaft","isPartOf":{"@id":"https:\/\/www.ebg.de\/#website"},"primaryImageOfPage":{"@id":"https:\/\/www.ebg.de\/fachtag-bruecken-bauen\/#primaryimage"},"image":{"@id":"https:\/\/www.ebg.de\/fachtag-bruecken-bauen\/#primaryimage"},"thumbnailUrl":"https:\/\/www.ebg.de\/wp-content\/uploads\/2026\/03\/schulabsentismus-1.jpg","datePublished":"2026-03-11T10:09:04+00:00","dateModified":"2026-03-30T09:56:33+00:00","author":{"@id":"https:\/\/www.ebg.de\/#\/schema\/person\/841de16928f485ad75bab4e688fe3436"},"description":"Fachtag \u201eBr\u00fccken bauen gegen Schulabsentismus und Jugendkriminalit\u00e4t\u201c","breadcrumb":{"@id":"https:\/\/www.ebg.de\/fachtag-bruecken-bauen\/#breadcrumb"},"inLanguage":"en-US","potentialAction":[{"@type":"ReadAction","target":["https:\/\/www.ebg.de\/fachtag-bruecken-bauen\/"]}]},{"@type":"ImageObject","inLanguage":"en-US","@id":"https:\/\/www.ebg.de\/fachtag-bruecken-bauen\/#primaryimage","url":"https:\/\/www.ebg.de\/wp-content\/uploads\/2026\/03\/schulabsentismus-1.jpg","contentUrl":"https:\/\/www.ebg.de\/wp-content\/uploads\/2026\/03\/schulabsentismus-1.jpg","width":860,"height":540,"caption":"Keyvisual Projekt Schulverweigerung (Foyer Festsaal)"},{"@type":"BreadcrumbList","@id":"https:\/\/www.ebg.de\/fachtag-bruecken-bauen\/#breadcrumb","itemListElement":[{"@type":"ListItem","position":1,"name":"Startseite","item":"https:\/\/www.ebg.de\/"},{"@type":"ListItem","position":2,"name":"Fachtag \u201eBr\u00fccken bauen \u2026\u201c"}]},{"@type":"WebSite","@id":"https:\/\/www.ebg.de\/#website","url":"https:\/\/www.ebg.de\/","name":"Europ\u00e4isches Bildungswerk f\u00fcr Beruf und Gesellschaft","description":"Bildung, Ausbildung und Weiterbildung","potentialAction":[{"@type":"SearchAction","target":{"@type":"EntryPoint","urlTemplate":"https:\/\/www.ebg.de\/?s={search_term_string}"},"query-input":{"@type":"PropertyValueSpecification","valueRequired":true,"valueName":"search_term_string"}}],"inLanguage":"en-US"},{"@type":"Person","@id":"https:\/\/www.ebg.de\/#\/schema\/person\/841de16928f485ad75bab4e688fe3436","name":"Christiane Selbig","image":{"@type":"ImageObject","inLanguage":"en-US","@id":"https:\/\/www.ebg.de\/#\/schema\/person\/image\/","url":"https:\/\/secure.gravatar.com\/avatar\/2cc1d2ea88bd46e448d57ac18ac9f028486b7c08a90951b9d99326eeec001739?s=96&d=mm&r=g","contentUrl":"https:\/\/secure.gravatar.com\/avatar\/2cc1d2ea88bd46e448d57ac18ac9f028486b7c08a90951b9d99326eeec001739?s=96&d=mm&r=g","caption":"Christiane Selbig"},"url":"https:\/\/www.ebg.de\/en\/author\/cselbig\/"}]}},"_links":{"self":[{"href":"https:\/\/www.ebg.de\/en\/wp-json\/wp\/v2\/posts\/41219","targetHints":{"allow":["GET"]}}],"collection":[{"href":"https:\/\/www.ebg.de\/en\/wp-json\/wp\/v2\/posts"}],"about":[{"href":"https:\/\/www.ebg.de\/en\/wp-json\/wp\/v2\/types\/post"}],"author":[{"embeddable":true,"href":"https:\/\/www.ebg.de\/en\/wp-json\/wp\/v2\/users\/8"}],"replies":[{"embeddable":true,"href":"https:\/\/www.ebg.de\/en\/wp-json\/wp\/v2\/comments?post=41219"}],"version-history":[{"count":2,"href":"https:\/\/www.ebg.de\/en\/wp-json\/wp\/v2\/posts\/41219\/revisions"}],"predecessor-version":[{"id":41225,"href":"https:\/\/www.ebg.de\/en\/wp-json\/wp\/v2\/posts\/41219\/revisions\/41225"}],"wp:featuredmedia":[{"embeddable":true,"href":"https:\/\/www.ebg.de\/en\/wp-json\/wp\/v2\/media\/41220"}],"wp:attachment":[{"href":"https:\/\/www.ebg.de\/en\/wp-json\/wp\/v2\/media?parent=41219"}],"wp:term":[{"taxonomy":"category","embeddable":true,"href":"https:\/\/www.ebg.de\/en\/wp-json\/wp\/v2\/categories?post=41219"},{"taxonomy":"post_tag","embeddable":true,"href":"https:\/\/www.ebg.de\/en\/wp-json\/wp\/v2\/tags?post=41219"}],"curies":[{"name":"wp","href":"https:\/\/api.w.org\/{rel}","templated":true}]}}