{"id":41180,"date":"2026-03-25T12:08:25","date_gmt":"2026-03-25T11:08:25","guid":{"rendered":"https:\/\/www.ebg.de\/?p=41180"},"modified":"2026-03-25T12:08:27","modified_gmt":"2026-03-25T11:08:27","slug":"fachveranstaltung-zum-thema-miasa-migration-und-integration","status":"publish","type":"post","link":"https:\/\/www.ebg.de\/en\/fachveranstaltung-zum-thema-miasa-migration-und-integration\/","title":{"rendered":"Fachveranstaltung zum Thema \u201eMIASA \u2013 Migration und Integration"},"content":{"rendered":"\n<p><br>Im Rahmen der Fachveranstaltung zum Thema \u201eMIASA \u2013 Migration und Integration st\u00e4rken die Altenpflege in Sachsen-Anhalt\u201c kamen am 11.03.2026 zahlreiche Vertreterinnen und Vertreter von Pflegeeinrichtungen zusammen, um sich \u00fcber aktuelle Herausforderungen und L\u00f6sungsans\u00e4tze auszutauschen. Organisiert und durchgef\u00fchrt wurde die Veranstaltung von der Hochschule Magdeburg-Stendal, die damit ein wichtiges Forum f\u00fcr den fachlichen Dialog geschaffen hat.<\/p>\n\n\n\n<p>Die hohe Beteiligung unterstrich die wachsende Bedeutung internationaler Fachkr\u00e4fte f\u00fcr die Sicherstellung der Pflegeversorgung im Bundesland. Die Veranstaltung war gepr\u00e4gt von einem intensiven und offenen Dialog zwischen den Teilnehmenden.<\/p>\n\n\n\n<p>Im Mittelpunkt standen insbesondere Fragen rund um das erforderliche Sprachniveau f\u00fcr Pflegekr\u00e4fte mit Migrationshintergrund sowie die Vermittlung von Alltagswissen \u00fcber das Leben und gesellschaftliche Gepflogenheiten in Deutschland. Viele Einrichtungen berichteten aus ihrer praktischen Erfahrung und betonten, wie wichtig gezielte Integrationsma\u00dfnahmen f\u00fcr eine erfolgreiche Zusammenarbeit in multikulturellen Teams sind.<\/p>\n\n\n\n<p>Neben sprachlicher F\u00f6rderung wurde auch die Bedeutung interkultureller Sensibilisierung hervorgehoben \u2013 sowohl f\u00fcr die neuen Mitarbeitenden als auch f\u00fcr bestehende Teams. Der rege Austausch zeigte deutlich: Migration kann einen wichtigen Beitrag zur Stabilisierung der Pflege leisten \u2013 vorausgesetzt, Integration wird aktiv gestaltet und begleitet. Die Veranstaltung lieferte daf\u00fcr wertvolle Impulse und st\u00e4rkte die Vernetzung der Akteure in Sachsen-Anhalt nachhaltig.<br><br><br><\/p>\n\n\n\n<p><\/p>\n\n\n\n<p><\/p>\n\n\n\n<p><\/p>\n\n\n\n<p><\/p>\n\n\n\n<p><\/p>\n\n\n\n<p><\/p>\n\n\n\n<p><\/p>\n\n\n\n<p><\/p>\n\n\n\n<p><\/p>\n","protected":false},"excerpt":{"rendered":"<p>Migration und Integration st\u00e4rken die Altenpflege in Sachsen-Anhalt<\/p>\n","protected":false},"author":8,"featured_media":41181,"comment_status":"closed","ping_status":"closed","sticky":false,"template":"","format":"standard","meta":{"_acf_changed":false,"footnotes":""},"categories":[30],"tags":[95,107],"class_list":["post-41180","post","type-post","status-publish","format-standard","has-post-thumbnail","hentry","category-news-naumburg-schulen","tag-ausbildung","tag-europaeisches-bildungswerk"],"acf":[],"yoast_head":"<!-- This site is optimized with the Yoast SEO plugin v26.9 - https:\/\/yoast.com\/product\/yoast-seo-wordpress\/ -->\n<title>Wir auf der Fachveranstaltung zum Thema \u201eMIASA \u2013 Migration und Integration<\/title>\n<meta name=\"description\" content=\"Pflege zum Anfassen: Das Fach- und Berufsfachschulzentrum Naumburg auf der Impuls-Messe.\" \/>\n<meta name=\"robots\" content=\"index, follow, max-snippet:-1, max-image-preview:large, max-video-preview:-1\" \/>\n<link rel=\"canonical\" href=\"https:\/\/www.ebg.de\/fachveranstaltung-zum-thema-miasa-migration-und-integration\/\" \/>\n<meta property=\"og:locale\" content=\"en_US\" \/>\n<meta property=\"og:type\" content=\"article\" \/>\n<meta property=\"og:title\" content=\"Wir auf der Fachveranstaltung zum Thema \u201eMIASA \u2013 Migration und Integration\" \/>\n<meta property=\"og:description\" content=\"Pflege zum Anfassen: Das Fach- und Berufsfachschulzentrum Naumburg auf der Impuls-Messe.\" \/>\n<meta property=\"og:url\" content=\"https:\/\/www.ebg.de\/fachveranstaltung-zum-thema-miasa-migration-und-integration\/\" \/>\n<meta property=\"og:site_name\" content=\"Europ\u00e4isches Bildungswerk f\u00fcr Beruf und Gesellschaft\" \/>\n<meta property=\"article:published_time\" content=\"2026-03-25T11:08:25+00:00\" \/>\n<meta property=\"article:modified_time\" content=\"2026-03-25T11:08:27+00:00\" \/>\n<meta property=\"og:image\" content=\"https:\/\/www.ebg.de\/wp-content\/uploads\/2026\/03\/MIASA-Migration-Integration.jpg\" \/>\n\t<meta property=\"og:image:width\" content=\"860\" \/>\n\t<meta property=\"og:image:height\" content=\"540\" \/>\n\t<meta property=\"og:image:type\" content=\"image\/jpeg\" \/>\n<meta name=\"author\" content=\"Christiane Selbig\" \/>\n<meta name=\"twitter:card\" content=\"summary_large_image\" \/>\n<meta name=\"twitter:label1\" content=\"Written by\" \/>\n\t<meta name=\"twitter:data1\" content=\"Christiane Selbig\" \/>\n\t<meta name=\"twitter:label2\" content=\"Est. reading time\" \/>\n\t<meta name=\"twitter:data2\" content=\"2 minutes\" \/>\n<!-- \/ Yoast SEO plugin. -->","yoast_head_json":{"title":"Wir auf der Fachveranstaltung zum Thema \u201eMIASA \u2013 Migration und Integration","description":"Pflege zum Anfassen: Das Fach- und Berufsfachschulzentrum Naumburg auf der Impuls-Messe.","robots":{"index":"index","follow":"follow","max-snippet":"max-snippet:-1","max-image-preview":"max-image-preview:large","max-video-preview":"max-video-preview:-1"},"canonical":"https:\/\/www.ebg.de\/fachveranstaltung-zum-thema-miasa-migration-und-integration\/","og_locale":"en_US","og_type":"article","og_title":"Wir auf der Fachveranstaltung zum Thema \u201eMIASA \u2013 Migration und Integration","og_description":"Pflege zum Anfassen: Das Fach- und Berufsfachschulzentrum Naumburg auf der Impuls-Messe.","og_url":"https:\/\/www.ebg.de\/fachveranstaltung-zum-thema-miasa-migration-und-integration\/","og_site_name":"Europ\u00e4isches Bildungswerk f\u00fcr Beruf und Gesellschaft","article_published_time":"2026-03-25T11:08:25+00:00","article_modified_time":"2026-03-25T11:08:27+00:00","og_image":[{"width":860,"height":540,"url":"https:\/\/www.ebg.de\/wp-content\/uploads\/2026\/03\/MIASA-Migration-Integration.jpg","type":"image\/jpeg"}],"author":"Christiane Selbig","twitter_card":"summary_large_image","twitter_misc":{"Written by":"Christiane Selbig","Est. reading time":"2 minutes"},"schema":{"@context":"https:\/\/schema.org","@graph":[{"@type":"Article","@id":"https:\/\/www.ebg.de\/fachveranstaltung-zum-thema-miasa-migration-und-integration\/#article","isPartOf":{"@id":"https:\/\/www.ebg.de\/fachveranstaltung-zum-thema-miasa-migration-und-integration\/"},"author":{"name":"Christiane Selbig","@id":"https:\/\/www.ebg.de\/#\/schema\/person\/841de16928f485ad75bab4e688fe3436"},"headline":"Fachveranstaltung zum Thema \u201eMIASA \u2013 Migration und Integration","datePublished":"2026-03-25T11:08:25+00:00","dateModified":"2026-03-25T11:08:27+00:00","mainEntityOfPage":{"@id":"https:\/\/www.ebg.de\/fachveranstaltung-zum-thema-miasa-migration-und-integration\/"},"wordCount":211,"image":{"@id":"https:\/\/www.ebg.de\/fachveranstaltung-zum-thema-miasa-migration-und-integration\/#primaryimage"},"thumbnailUrl":"https:\/\/www.ebg.de\/wp-content\/uploads\/2026\/03\/MIASA-Migration-Integration.jpg","keywords":["Ausbildung","Europ\u00e4isches Bildungswerk"],"articleSection":["News - Naumburg Schulen"],"inLanguage":"en-US"},{"@type":"WebPage","@id":"https:\/\/www.ebg.de\/fachveranstaltung-zum-thema-miasa-migration-und-integration\/","url":"https:\/\/www.ebg.de\/fachveranstaltung-zum-thema-miasa-migration-und-integration\/","name":"Wir auf der Fachveranstaltung zum Thema \u201eMIASA \u2013 Migration und Integration","isPartOf":{"@id":"https:\/\/www.ebg.de\/#website"},"primaryImageOfPage":{"@id":"https:\/\/www.ebg.de\/fachveranstaltung-zum-thema-miasa-migration-und-integration\/#primaryimage"},"image":{"@id":"https:\/\/www.ebg.de\/fachveranstaltung-zum-thema-miasa-migration-und-integration\/#primaryimage"},"thumbnailUrl":"https:\/\/www.ebg.de\/wp-content\/uploads\/2026\/03\/MIASA-Migration-Integration.jpg","datePublished":"2026-03-25T11:08:25+00:00","dateModified":"2026-03-25T11:08:27+00:00","author":{"@id":"https:\/\/www.ebg.de\/#\/schema\/person\/841de16928f485ad75bab4e688fe3436"},"description":"Pflege zum Anfassen: Das Fach- und Berufsfachschulzentrum Naumburg auf der Impuls-Messe.","breadcrumb":{"@id":"https:\/\/www.ebg.de\/fachveranstaltung-zum-thema-miasa-migration-und-integration\/#breadcrumb"},"inLanguage":"en-US","potentialAction":[{"@type":"ReadAction","target":["https:\/\/www.ebg.de\/fachveranstaltung-zum-thema-miasa-migration-und-integration\/"]}]},{"@type":"ImageObject","inLanguage":"en-US","@id":"https:\/\/www.ebg.de\/fachveranstaltung-zum-thema-miasa-migration-und-integration\/#primaryimage","url":"https:\/\/www.ebg.de\/wp-content\/uploads\/2026\/03\/MIASA-Migration-Integration.jpg","contentUrl":"https:\/\/www.ebg.de\/wp-content\/uploads\/2026\/03\/MIASA-Migration-Integration.jpg","width":860,"height":540,"caption":"Keyvisual MIASA"},{"@type":"BreadcrumbList","@id":"https:\/\/www.ebg.de\/fachveranstaltung-zum-thema-miasa-migration-und-integration\/#breadcrumb","itemListElement":[{"@type":"ListItem","position":1,"name":"Startseite","item":"https:\/\/www.ebg.de\/"},{"@type":"ListItem","position":2,"name":"Fachveranstaltung zum Thema \u201eMIASA \u2013 Migration und Integration"}]},{"@type":"WebSite","@id":"https:\/\/www.ebg.de\/#website","url":"https:\/\/www.ebg.de\/","name":"Europ\u00e4isches Bildungswerk f\u00fcr Beruf und Gesellschaft","description":"Bildung, Ausbildung und Weiterbildung","potentialAction":[{"@type":"SearchAction","target":{"@type":"EntryPoint","urlTemplate":"https:\/\/www.ebg.de\/?s={search_term_string}"},"query-input":{"@type":"PropertyValueSpecification","valueRequired":true,"valueName":"search_term_string"}}],"inLanguage":"en-US"},{"@type":"Person","@id":"https:\/\/www.ebg.de\/#\/schema\/person\/841de16928f485ad75bab4e688fe3436","name":"Christiane Selbig","image":{"@type":"ImageObject","inLanguage":"en-US","@id":"https:\/\/www.ebg.de\/#\/schema\/person\/image\/","url":"https:\/\/secure.gravatar.com\/avatar\/2cc1d2ea88bd46e448d57ac18ac9f028486b7c08a90951b9d99326eeec001739?s=96&d=mm&r=g","contentUrl":"https:\/\/secure.gravatar.com\/avatar\/2cc1d2ea88bd46e448d57ac18ac9f028486b7c08a90951b9d99326eeec001739?s=96&d=mm&r=g","caption":"Christiane Selbig"},"url":"https:\/\/www.ebg.de\/en\/author\/cselbig\/"}]}},"_links":{"self":[{"href":"https:\/\/www.ebg.de\/en\/wp-json\/wp\/v2\/posts\/41180","targetHints":{"allow":["GET"]}}],"collection":[{"href":"https:\/\/www.ebg.de\/en\/wp-json\/wp\/v2\/posts"}],"about":[{"href":"https:\/\/www.ebg.de\/en\/wp-json\/wp\/v2\/types\/post"}],"author":[{"embeddable":true,"href":"https:\/\/www.ebg.de\/en\/wp-json\/wp\/v2\/users\/8"}],"replies":[{"embeddable":true,"href":"https:\/\/www.ebg.de\/en\/wp-json\/wp\/v2\/comments?post=41180"}],"version-history":[{"count":1,"href":"https:\/\/www.ebg.de\/en\/wp-json\/wp\/v2\/posts\/41180\/revisions"}],"predecessor-version":[{"id":41183,"href":"https:\/\/www.ebg.de\/en\/wp-json\/wp\/v2\/posts\/41180\/revisions\/41183"}],"wp:featuredmedia":[{"embeddable":true,"href":"https:\/\/www.ebg.de\/en\/wp-json\/wp\/v2\/media\/41181"}],"wp:attachment":[{"href":"https:\/\/www.ebg.de\/en\/wp-json\/wp\/v2\/media?parent=41180"}],"wp:term":[{"taxonomy":"category","embeddable":true,"href":"https:\/\/www.ebg.de\/en\/wp-json\/wp\/v2\/categories?post=41180"},{"taxonomy":"post_tag","embeddable":true,"href":"https:\/\/www.ebg.de\/en\/wp-json\/wp\/v2\/tags?post=41180"}],"curies":[{"name":"wp","href":"https:\/\/api.w.org\/{rel}","templated":true}]}}