{"id":40979,"date":"2026-03-06T13:49:51","date_gmt":"2026-03-06T12:49:51","guid":{"rendered":"https:\/\/www.ebg.de\/?p=40979"},"modified":"2026-03-11T13:20:46","modified_gmt":"2026-03-11T12:20:46","slug":"messe-impuls","status":"publish","type":"post","link":"https:\/\/www.ebg.de\/en\/messe-impuls\/","title":{"rendered":"Messe \u201eimpuls\u201c"},"content":{"rendered":"\n<p><br><strong>Pflege zum Anfassen: Wir auf der Impuls-Messe<\/strong><\/p>\n\n\n\n<p>Am <strong>25. Februar 2026<\/strong> war das <strong>Fach- und Berufsfachschulzentrum Naumburg<\/strong> auf der Messe <strong>\u201eimpuls \u2013 wo Herz auf Karriere trifft\u201c<\/strong> in Wei\u00dfenfels dabei. Viele Sch\u00fclerinnen und Sch\u00fcler kamen an unseren Stand, stellten Fragen und informierten sich \u00fcber die <strong>Ausbildung in der Pflege<\/strong>.<br><br><br><\/p>\n\n\n\n<figure class=\"wp-block-gallery has-nested-images columns-default is-cropped wp-block-gallery-1 is-layout-flex wp-block-gallery-is-layout-flex\">\n<figure class=\"wp-block-image size-large\"><img loading=\"lazy\" decoding=\"async\" width=\"1024\" height=\"893\" data-id=\"41055\" src=\"https:\/\/www.ebg.de\/wp-content\/uploads\/2026\/03\/FDDA0244-45A1-4E9B-B580-0761E9EC7CF2-1024x893.jpg\" alt=\"\" class=\"wp-image-41055\" srcset=\"https:\/\/www.ebg.de\/wp-content\/uploads\/2026\/03\/FDDA0244-45A1-4E9B-B580-0761E9EC7CF2-1024x893.jpg 1024w, https:\/\/www.ebg.de\/wp-content\/uploads\/2026\/03\/FDDA0244-45A1-4E9B-B580-0761E9EC7CF2-300x262.jpg 300w, https:\/\/www.ebg.de\/wp-content\/uploads\/2026\/03\/FDDA0244-45A1-4E9B-B580-0761E9EC7CF2-768x670.jpg 768w, https:\/\/www.ebg.de\/wp-content\/uploads\/2026\/03\/FDDA0244-45A1-4E9B-B580-0761E9EC7CF2-1536x1340.jpg 1536w, https:\/\/www.ebg.de\/wp-content\/uploads\/2026\/03\/FDDA0244-45A1-4E9B-B580-0761E9EC7CF2-900x785.jpg 900w, https:\/\/www.ebg.de\/wp-content\/uploads\/2026\/03\/FDDA0244-45A1-4E9B-B580-0761E9EC7CF2-1200x1047.jpg 1200w, https:\/\/www.ebg.de\/wp-content\/uploads\/2026\/03\/FDDA0244-45A1-4E9B-B580-0761E9EC7CF2.jpg 1600w\" sizes=\"auto, (max-width: 1024px) 100vw, 1024px\" \/><\/figure>\n\n\n\n<figure class=\"wp-block-image size-large\"><img loading=\"lazy\" decoding=\"async\" width=\"768\" height=\"1024\" data-id=\"41058\" src=\"https:\/\/www.ebg.de\/wp-content\/uploads\/2026\/03\/FB11324E-5A97-491E-9E62-F351D0EA10B3-768x1024.jpg\" alt=\"\" class=\"wp-image-41058\" srcset=\"https:\/\/www.ebg.de\/wp-content\/uploads\/2026\/03\/FB11324E-5A97-491E-9E62-F351D0EA10B3-768x1024.jpg 768w, https:\/\/www.ebg.de\/wp-content\/uploads\/2026\/03\/FB11324E-5A97-491E-9E62-F351D0EA10B3-225x300.jpg 225w, https:\/\/www.ebg.de\/wp-content\/uploads\/2026\/03\/FB11324E-5A97-491E-9E62-F351D0EA10B3-1152x1536.jpg 1152w, https:\/\/www.ebg.de\/wp-content\/uploads\/2026\/03\/FB11324E-5A97-491E-9E62-F351D0EA10B3-900x1200.jpg 900w, https:\/\/www.ebg.de\/wp-content\/uploads\/2026\/03\/FB11324E-5A97-491E-9E62-F351D0EA10B3.jpg 1200w\" sizes=\"auto, (max-width: 768px) 100vw, 768px\" \/><\/figure>\n<\/figure>\n\n\n\n<figure class=\"wp-block-image size-large is-resized\"><img loading=\"lazy\" decoding=\"async\" width=\"1024\" height=\"768\" src=\"https:\/\/www.ebg.de\/wp-content\/uploads\/2026\/03\/9AFED8B9-EFCA-4EDF-B26D-40D3A0DEFDC4-1024x768.jpg\" alt=\"\" class=\"wp-image-41054\" style=\"width:705px;height:auto\" srcset=\"https:\/\/www.ebg.de\/wp-content\/uploads\/2026\/03\/9AFED8B9-EFCA-4EDF-B26D-40D3A0DEFDC4-1024x768.jpg 1024w, https:\/\/www.ebg.de\/wp-content\/uploads\/2026\/03\/9AFED8B9-EFCA-4EDF-B26D-40D3A0DEFDC4-300x225.jpg 300w, https:\/\/www.ebg.de\/wp-content\/uploads\/2026\/03\/9AFED8B9-EFCA-4EDF-B26D-40D3A0DEFDC4-768x576.jpg 768w, https:\/\/www.ebg.de\/wp-content\/uploads\/2026\/03\/9AFED8B9-EFCA-4EDF-B26D-40D3A0DEFDC4-1536x1152.jpg 1536w, https:\/\/www.ebg.de\/wp-content\/uploads\/2026\/03\/9AFED8B9-EFCA-4EDF-B26D-40D3A0DEFDC4-900x675.jpg 900w, https:\/\/www.ebg.de\/wp-content\/uploads\/2026\/03\/9AFED8B9-EFCA-4EDF-B26D-40D3A0DEFDC4-1200x900.jpg 1200w, https:\/\/www.ebg.de\/wp-content\/uploads\/2026\/03\/9AFED8B9-EFCA-4EDF-B26D-40D3A0DEFDC4.jpg 1600w\" sizes=\"auto, (max-width: 1024px) 100vw, 1024px\" \/><\/figure>\n\n\n\n<p>Du hast Interesse an einem Beruf mit Zukunft und m\u00f6chtest mehr erfahren?<br>Dann komm einfach vorbei!<\/p>\n\n\n\n<p><strong>Infonachmittag \u2013 jeden ersten Montag im Monat<\/strong><br>15.00 \u2013 17.00 Uhr<br>Fach- und Berufsfachschulzentrum Naumburg<br><em>(direkt an der Vogelwiese)<\/em><\/p>\n\n\n\n<figure class=\"wp-block-image size-large is-resized\"><img loading=\"lazy\" decoding=\"async\" width=\"1024\" height=\"683\" src=\"https:\/\/www.ebg.de\/wp-content\/uploads\/2020\/06\/DSC00059-1024x683.jpg\" alt=\"Fach und Berufsfachschulzentrum Naumburg\" class=\"wp-image-6519\" style=\"aspect-ratio:1.4992860651486386;width:495px;height:auto\" srcset=\"https:\/\/www.ebg.de\/wp-content\/uploads\/2020\/06\/DSC00059-1024x683.jpg 1024w, https:\/\/www.ebg.de\/wp-content\/uploads\/2020\/06\/DSC00059-300x200.jpg 300w, https:\/\/www.ebg.de\/wp-content\/uploads\/2020\/06\/DSC00059-768x512.jpg 768w, https:\/\/www.ebg.de\/wp-content\/uploads\/2020\/06\/DSC00059-1536x1024.jpg 1536w, https:\/\/www.ebg.de\/wp-content\/uploads\/2020\/06\/DSC00059-2048x1365.jpg 2048w, https:\/\/www.ebg.de\/wp-content\/uploads\/2020\/06\/DSC00059-900x600.jpg 900w, https:\/\/www.ebg.de\/wp-content\/uploads\/2020\/06\/DSC00059-1200x800.jpg 1200w\" sizes=\"auto, (max-width: 1024px) 100vw, 1024px\" \/><\/figure>\n\n\n\n<p>Lerne unsere Schule kennen, stell deine Fragen und informiere dich \u00fcber deine M\u00f6glichkeiten in der Pflege. Wir freuen uns auf dich!<\/p>\n\n\n\n<p><\/p>\n\n\n\n<p><\/p>\n\n\n\n<p><\/p>\n\n\n\n<p><\/p>\n\n\n\n<p><\/p>\n\n\n\n<p><\/p>\n","protected":false},"excerpt":{"rendered":"<p>Messe \u201eimpuls \u2013 wo Herz auf Karriere trifft\u201c<\/p>\n","protected":false},"author":8,"featured_media":41060,"comment_status":"closed","ping_status":"closed","sticky":false,"template":"","format":"standard","meta":{"_acf_changed":false,"footnotes":""},"categories":[30],"tags":[95,107],"class_list":["post-40979","post","type-post","status-publish","format-standard","has-post-thumbnail","hentry","category-news-naumburg-schulen","tag-ausbildung","tag-europaeisches-bildungswerk"],"acf":[],"yoast_head":"<!-- This site is optimized with the Yoast SEO plugin v26.9 - https:\/\/yoast.com\/product\/yoast-seo-wordpress\/ -->\n<title>Wir auf der Messe \u201eimpuls\u201c<\/title>\n<meta name=\"description\" content=\"Pflege zum Anfassen: Das Fach- und Berufsfachschulzentrum Naumburg auf der Impuls-Messe.\" \/>\n<meta name=\"robots\" content=\"index, follow, max-snippet:-1, max-image-preview:large, max-video-preview:-1\" \/>\n<link rel=\"canonical\" href=\"https:\/\/www.ebg.de\/messe-impuls\/\" \/>\n<meta property=\"og:locale\" content=\"en_US\" \/>\n<meta property=\"og:type\" content=\"article\" \/>\n<meta property=\"og:title\" content=\"Wir auf der Messe \u201eimpuls\u201c\" \/>\n<meta property=\"og:description\" content=\"Pflege zum Anfassen: Das Fach- und Berufsfachschulzentrum Naumburg auf der Impuls-Messe.\" \/>\n<meta property=\"og:url\" content=\"https:\/\/www.ebg.de\/messe-impuls\/\" \/>\n<meta property=\"og:site_name\" content=\"Europ\u00e4isches Bildungswerk f\u00fcr Beruf und Gesellschaft\" \/>\n<meta property=\"article:published_time\" content=\"2026-03-06T12:49:51+00:00\" \/>\n<meta property=\"article:modified_time\" content=\"2026-03-11T12:20:46+00:00\" \/>\n<meta property=\"og:image\" content=\"https:\/\/www.ebg.de\/wp-content\/uploads\/2026\/03\/39CB920C-FEA7-47C1-8F84-9590975E3925.jpg\" \/>\n\t<meta property=\"og:image:width\" content=\"1600\" \/>\n\t<meta property=\"og:image:height\" content=\"1200\" \/>\n\t<meta property=\"og:image:type\" content=\"image\/jpeg\" \/>\n<meta name=\"author\" content=\"Christiane Selbig\" \/>\n<meta name=\"twitter:card\" content=\"summary_large_image\" \/>\n<meta name=\"twitter:label1\" content=\"Written by\" \/>\n\t<meta name=\"twitter:data1\" content=\"Christiane Selbig\" \/>\n\t<meta name=\"twitter:label2\" content=\"Est. reading time\" \/>\n\t<meta name=\"twitter:data2\" content=\"2 minutes\" \/>\n<!-- \/ Yoast SEO plugin. -->","yoast_head_json":{"title":"Wir auf der Messe \u201eimpuls\u201c","description":"Pflege zum Anfassen: Das Fach- und Berufsfachschulzentrum Naumburg auf der Impuls-Messe.","robots":{"index":"index","follow":"follow","max-snippet":"max-snippet:-1","max-image-preview":"max-image-preview:large","max-video-preview":"max-video-preview:-1"},"canonical":"https:\/\/www.ebg.de\/messe-impuls\/","og_locale":"en_US","og_type":"article","og_title":"Wir auf der Messe \u201eimpuls\u201c","og_description":"Pflege zum Anfassen: Das Fach- und Berufsfachschulzentrum Naumburg auf der Impuls-Messe.","og_url":"https:\/\/www.ebg.de\/messe-impuls\/","og_site_name":"Europ\u00e4isches Bildungswerk f\u00fcr Beruf und Gesellschaft","article_published_time":"2026-03-06T12:49:51+00:00","article_modified_time":"2026-03-11T12:20:46+00:00","og_image":[{"width":1600,"height":1200,"url":"https:\/\/www.ebg.de\/wp-content\/uploads\/2026\/03\/39CB920C-FEA7-47C1-8F84-9590975E3925.jpg","type":"image\/jpeg"}],"author":"Christiane Selbig","twitter_card":"summary_large_image","twitter_misc":{"Written by":"Christiane Selbig","Est. reading time":"2 minutes"},"schema":{"@context":"https:\/\/schema.org","@graph":[{"@type":"Article","@id":"https:\/\/www.ebg.de\/messe-impuls\/#article","isPartOf":{"@id":"https:\/\/www.ebg.de\/messe-impuls\/"},"author":{"name":"Christiane Selbig","@id":"https:\/\/www.ebg.de\/#\/schema\/person\/841de16928f485ad75bab4e688fe3436"},"headline":"Messe \u201eimpuls\u201c","datePublished":"2026-03-06T12:49:51+00:00","dateModified":"2026-03-11T12:20:46+00:00","mainEntityOfPage":{"@id":"https:\/\/www.ebg.de\/messe-impuls\/"},"wordCount":104,"image":{"@id":"https:\/\/www.ebg.de\/messe-impuls\/#primaryimage"},"thumbnailUrl":"https:\/\/www.ebg.de\/wp-content\/uploads\/2026\/03\/39CB920C-FEA7-47C1-8F84-9590975E3925.jpg","keywords":["Ausbildung","Europ\u00e4isches Bildungswerk"],"articleSection":["News - Naumburg Schulen"],"inLanguage":"en-US"},{"@type":"WebPage","@id":"https:\/\/www.ebg.de\/messe-impuls\/","url":"https:\/\/www.ebg.de\/messe-impuls\/","name":"Wir auf der Messe \u201eimpuls\u201c","isPartOf":{"@id":"https:\/\/www.ebg.de\/#website"},"primaryImageOfPage":{"@id":"https:\/\/www.ebg.de\/messe-impuls\/#primaryimage"},"image":{"@id":"https:\/\/www.ebg.de\/messe-impuls\/#primaryimage"},"thumbnailUrl":"https:\/\/www.ebg.de\/wp-content\/uploads\/2026\/03\/39CB920C-FEA7-47C1-8F84-9590975E3925.jpg","datePublished":"2026-03-06T12:49:51+00:00","dateModified":"2026-03-11T12:20:46+00:00","author":{"@id":"https:\/\/www.ebg.de\/#\/schema\/person\/841de16928f485ad75bab4e688fe3436"},"description":"Pflege zum Anfassen: Das Fach- und Berufsfachschulzentrum Naumburg auf der Impuls-Messe.","breadcrumb":{"@id":"https:\/\/www.ebg.de\/messe-impuls\/#breadcrumb"},"inLanguage":"en-US","potentialAction":[{"@type":"ReadAction","target":["https:\/\/www.ebg.de\/messe-impuls\/"]}]},{"@type":"ImageObject","inLanguage":"en-US","@id":"https:\/\/www.ebg.de\/messe-impuls\/#primaryimage","url":"https:\/\/www.ebg.de\/wp-content\/uploads\/2026\/03\/39CB920C-FEA7-47C1-8F84-9590975E3925.jpg","contentUrl":"https:\/\/www.ebg.de\/wp-content\/uploads\/2026\/03\/39CB920C-FEA7-47C1-8F84-9590975E3925.jpg","width":1600,"height":1200},{"@type":"BreadcrumbList","@id":"https:\/\/www.ebg.de\/messe-impuls\/#breadcrumb","itemListElement":[{"@type":"ListItem","position":1,"name":"Startseite","item":"https:\/\/www.ebg.de\/"},{"@type":"ListItem","position":2,"name":"Messe \u201eimpuls\u201c"}]},{"@type":"WebSite","@id":"https:\/\/www.ebg.de\/#website","url":"https:\/\/www.ebg.de\/","name":"Europ\u00e4isches Bildungswerk f\u00fcr Beruf und Gesellschaft","description":"Bildung, Ausbildung und Weiterbildung","potentialAction":[{"@type":"SearchAction","target":{"@type":"EntryPoint","urlTemplate":"https:\/\/www.ebg.de\/?s={search_term_string}"},"query-input":{"@type":"PropertyValueSpecification","valueRequired":true,"valueName":"search_term_string"}}],"inLanguage":"en-US"},{"@type":"Person","@id":"https:\/\/www.ebg.de\/#\/schema\/person\/841de16928f485ad75bab4e688fe3436","name":"Christiane Selbig","image":{"@type":"ImageObject","inLanguage":"en-US","@id":"https:\/\/www.ebg.de\/#\/schema\/person\/image\/","url":"https:\/\/secure.gravatar.com\/avatar\/2cc1d2ea88bd46e448d57ac18ac9f028486b7c08a90951b9d99326eeec001739?s=96&d=mm&r=g","contentUrl":"https:\/\/secure.gravatar.com\/avatar\/2cc1d2ea88bd46e448d57ac18ac9f028486b7c08a90951b9d99326eeec001739?s=96&d=mm&r=g","caption":"Christiane Selbig"},"url":"https:\/\/www.ebg.de\/en\/author\/cselbig\/"}]}},"_links":{"self":[{"href":"https:\/\/www.ebg.de\/en\/wp-json\/wp\/v2\/posts\/40979","targetHints":{"allow":["GET"]}}],"collection":[{"href":"https:\/\/www.ebg.de\/en\/wp-json\/wp\/v2\/posts"}],"about":[{"href":"https:\/\/www.ebg.de\/en\/wp-json\/wp\/v2\/types\/post"}],"author":[{"embeddable":true,"href":"https:\/\/www.ebg.de\/en\/wp-json\/wp\/v2\/users\/8"}],"replies":[{"embeddable":true,"href":"https:\/\/www.ebg.de\/en\/wp-json\/wp\/v2\/comments?post=40979"}],"version-history":[{"count":5,"href":"https:\/\/www.ebg.de\/en\/wp-json\/wp\/v2\/posts\/40979\/revisions"}],"predecessor-version":[{"id":41062,"href":"https:\/\/www.ebg.de\/en\/wp-json\/wp\/v2\/posts\/40979\/revisions\/41062"}],"wp:featuredmedia":[{"embeddable":true,"href":"https:\/\/www.ebg.de\/en\/wp-json\/wp\/v2\/media\/41060"}],"wp:attachment":[{"href":"https:\/\/www.ebg.de\/en\/wp-json\/wp\/v2\/media?parent=40979"}],"wp:term":[{"taxonomy":"category","embeddable":true,"href":"https:\/\/www.ebg.de\/en\/wp-json\/wp\/v2\/categories?post=40979"},{"taxonomy":"post_tag","embeddable":true,"href":"https:\/\/www.ebg.de\/en\/wp-json\/wp\/v2\/tags?post=40979"}],"curies":[{"name":"wp","href":"https:\/\/api.w.org\/{rel}","templated":true}]}}