{"id":40945,"date":"2026-03-04T08:06:13","date_gmt":"2026-03-04T07:06:13","guid":{"rendered":"https:\/\/www.ebg.de\/?p=40945"},"modified":"2026-03-04T08:06:13","modified_gmt":"2026-03-04T07:06:13","slug":"stolpersteine-2","status":"publish","type":"post","link":"https:\/\/www.ebg.de\/en\/stolpersteine-2\/","title":{"rendered":"Stolpersteine"},"content":{"rendered":"\n<p><strong>Schulprojekt zur j\u00fcdischen Geschichte in Halle<\/strong><\/p>\n\n\n\n<p>Die Klassen der <strong>SOZ 25<\/strong> setzten sich im Rahmen eines Schulprojekts mit dem Verein <strong>Zeit-Geschichten e.V. Halle (Saale)<\/strong> unter der Leitung von <strong>Juliane Bischoff<\/strong> intensiv mit der Geschichte der j\u00fcdischen Bev\u00f6lkerung in Halle w\u00e4hrend der Zeit des Nationalsozialismus auseinander. Im Mittelpunkt stand das Schicksal von <strong>Manfred Katz<\/strong> und seiner Familie.<br><\/p>\n\n\n\n<p>Zum Einstieg lernten die Sch\u00fclerinnen und Sch\u00fcler seine Lebensgeschichte kennen. Besonders eindrucksvoll war ein Brief, den Manfred Katz vor einigen Jahren an eine Sch\u00fclerin des S\u00fcdstadt-Gymnasiums schrieb. Darin schilderte er seine Jugend in Halle und die zunehmende Ausgrenzung und Verfolgung w\u00e4hrend der NS-Zeit.<\/p>\n\n\n\n<figure class=\"wp-block-image size-large is-resized\"><img loading=\"lazy\" decoding=\"async\" width=\"1024\" height=\"768\" src=\"https:\/\/www.ebg.de\/wp-content\/uploads\/2026\/03\/zeitgeschichten-2-1-1024x768.jpeg\" alt=\"\" class=\"wp-image-40938\" style=\"width:378px;height:auto\" srcset=\"https:\/\/www.ebg.de\/wp-content\/uploads\/2026\/03\/zeitgeschichten-2-1-1024x768.jpeg 1024w, https:\/\/www.ebg.de\/wp-content\/uploads\/2026\/03\/zeitgeschichten-2-1-300x225.jpeg 300w, https:\/\/www.ebg.de\/wp-content\/uploads\/2026\/03\/zeitgeschichten-2-1-768x576.jpeg 768w, https:\/\/www.ebg.de\/wp-content\/uploads\/2026\/03\/zeitgeschichten-2-1-1536x1152.jpeg 1536w, https:\/\/www.ebg.de\/wp-content\/uploads\/2026\/03\/zeitgeschichten-2-1-900x675.jpeg 900w, https:\/\/www.ebg.de\/wp-content\/uploads\/2026\/03\/zeitgeschichten-2-1-1200x900.jpeg 1200w, https:\/\/www.ebg.de\/wp-content\/uploads\/2026\/03\/zeitgeschichten-2-1.jpeg 1600w\" sizes=\"auto, (max-width: 1024px) 100vw, 1024px\" \/><\/figure>\n\n\n\n<p>Ein weiterer Projekth\u00f6hepunkt war eine <strong>Stadtf\u00fchrung zu den Stolpersteinen in Halle<\/strong>. An verschiedenen Stationen erfuhren die Sch\u00fclerinnen und Sch\u00fcler mehr \u00fcber Menschen aus der Stadt, die w\u00e4hrend der NS-Zeit verfolgt, deportiert oder ermordet wurden. Die Gedenksteine im Stra\u00dfenpflaster machten deutlich, wie nah diese Geschichte ist.<\/p>\n\n\n\n<p>Besonders bewegend war auch die Begegnung mit der <strong>Tochter von Manfred Katz<\/strong>, die heute in Israel lebt. Sie berichtete von ihrer Familie, vom Weiterleben nach dem Holocaust und davon, wie wichtig es ist, die Erinnerung wachzuhalten.<br><\/p>\n\n\n\n<figure class=\"wp-block-gallery has-nested-images columns-default is-cropped wp-block-gallery-1 is-layout-flex wp-block-gallery-is-layout-flex\">\n<figure class=\"wp-block-image size-large\"><img loading=\"lazy\" decoding=\"async\" width=\"1024\" height=\"768\" data-id=\"40940\" src=\"https:\/\/www.ebg.de\/wp-content\/uploads\/2026\/03\/stolpersteine-3-2-1024x768.jpeg\" alt=\"\" class=\"wp-image-40940\" srcset=\"https:\/\/www.ebg.de\/wp-content\/uploads\/2026\/03\/stolpersteine-3-2-1024x768.jpeg 1024w, https:\/\/www.ebg.de\/wp-content\/uploads\/2026\/03\/stolpersteine-3-2-300x225.jpeg 300w, https:\/\/www.ebg.de\/wp-content\/uploads\/2026\/03\/stolpersteine-3-2-768x576.jpeg 768w, https:\/\/www.ebg.de\/wp-content\/uploads\/2026\/03\/stolpersteine-3-2-1536x1152.jpeg 1536w, https:\/\/www.ebg.de\/wp-content\/uploads\/2026\/03\/stolpersteine-3-2-900x675.jpeg 900w, https:\/\/www.ebg.de\/wp-content\/uploads\/2026\/03\/stolpersteine-3-2-1200x900.jpeg 1200w, https:\/\/www.ebg.de\/wp-content\/uploads\/2026\/03\/stolpersteine-3-2.jpeg 1600w\" sizes=\"auto, (max-width: 1024px) 100vw, 1024px\" \/><\/figure>\n\n\n\n<figure class=\"wp-block-image size-large\"><img loading=\"lazy\" decoding=\"async\" width=\"1024\" height=\"816\" data-id=\"40942\" src=\"https:\/\/www.ebg.de\/wp-content\/uploads\/2026\/03\/Zeitgeschichten-e.v-2-1024x816.jpeg\" alt=\"\" class=\"wp-image-40942\" srcset=\"https:\/\/www.ebg.de\/wp-content\/uploads\/2026\/03\/Zeitgeschichten-e.v-2-1024x816.jpeg 1024w, https:\/\/www.ebg.de\/wp-content\/uploads\/2026\/03\/Zeitgeschichten-e.v-2-300x239.jpeg 300w, https:\/\/www.ebg.de\/wp-content\/uploads\/2026\/03\/Zeitgeschichten-e.v-2-768x612.jpeg 768w, https:\/\/www.ebg.de\/wp-content\/uploads\/2026\/03\/Zeitgeschichten-e.v-2-1536x1224.jpeg 1536w, https:\/\/www.ebg.de\/wp-content\/uploads\/2026\/03\/Zeitgeschichten-e.v-2-900x717.jpeg 900w, https:\/\/www.ebg.de\/wp-content\/uploads\/2026\/03\/Zeitgeschichten-e.v-2-1200x956.jpeg 1200w, https:\/\/www.ebg.de\/wp-content\/uploads\/2026\/03\/Zeitgeschichten-e.v-2.jpeg 2048w\" sizes=\"auto, (max-width: 1024px) 100vw, 1024px\" \/><\/figure>\n<\/figure>\n\n\n\n<p>Zum Abschluss besuchte die Gruppe die <strong>Synagoge in Halle<\/strong>, wo sie Einblicke in die j\u00fcdische Religion, das Gemeindeleben und die Auswirkungen der NS-Zeit auf die j\u00fcdische Gemeinschaft erhielt.<\/p>\n\n\n\n<p>Das Projekt erm\u00f6glichte den Sch\u00fclerinnen und Sch\u00fclern einen intensiven Zugang zur j\u00fcdischen Geschichte, zur Verfolgung w\u00e4hrend des Nationalsozialismus und zu den Schicksalen der Opfer. Besonders pers\u00f6nliche Begegnungen und authentische Zeugnisse machten das Thema greifbar.<\/p>\n\n\n\n<p>Im <strong>April<\/strong> wird das Projekt fortgesetzt. Dann steht das Thema <strong>\u201eKindereuthanasie im NS-Deutschland\u201c<\/strong> im Mittelpunkt, um die Auseinandersetzung mit Verantwortung, Erinnerung und Menschlichkeit weiter zu vertiefen.<\/p>\n","protected":false},"excerpt":{"rendered":"<p>\u00dcber das Schulprojekt mit dem Verein Zeit-Geschichten e.V. Halle (Saale) unter der<br \/>\nLeitung von Juliane Bischoff mit den Klassen der SOZ 25.<\/p>\n","protected":false},"author":22,"featured_media":40926,"comment_status":"closed","ping_status":"closed","sticky":false,"template":"","format":"standard","meta":{"_acf_changed":false,"footnotes":"[]"},"categories":[22],"tags":[95,78,98,80,92,82,97,197],"class_list":["post-40945","post","type-post","status-publish","format-standard","has-post-thumbnail","hentry","category-news-gf","tag-ausbildung","tag-ebg","tag-ergotherapie","tag-erzieher","tag-halle","tag-heilerziehungspfleger","tag-heilpaedagogik","tag-tag-der-offenen-tuer-halle"],"acf":[],"yoast_head":"<!-- This site is optimized with the Yoast SEO plugin v26.9 - https:\/\/yoast.com\/product\/yoast-seo-wordpress\/ -->\n<title>Stolpersteine<\/title>\n<meta name=\"description\" content=\"Das Fach- und Berufsfachschulzentrum Halle des EBG war im Februar Messe auf der &quot;Chance&quot; vertreten.\" \/>\n<meta name=\"robots\" content=\"index, follow, max-snippet:-1, max-image-preview:large, max-video-preview:-1\" \/>\n<link rel=\"canonical\" href=\"https:\/\/www.ebg.de\/stolpersteine-2\/\" \/>\n<meta property=\"og:locale\" content=\"en_US\" \/>\n<meta property=\"og:type\" content=\"article\" \/>\n<meta property=\"og:title\" content=\"Stolpersteine\" \/>\n<meta property=\"og:description\" content=\"Das Fach- und Berufsfachschulzentrum Halle des EBG war im Februar Messe auf der &quot;Chance&quot; vertreten.\" \/>\n<meta property=\"og:url\" content=\"https:\/\/www.ebg.de\/stolpersteine-2\/\" \/>\n<meta property=\"og:site_name\" content=\"Europ\u00e4isches Bildungswerk f\u00fcr Beruf und Gesellschaft\" \/>\n<meta property=\"article:published_time\" content=\"2026-03-04T07:06:13+00:00\" \/>\n<meta property=\"og:image\" content=\"https:\/\/www.ebg.de\/wp-content\/uploads\/2026\/03\/WhatsApp-Image-2026-01-30-at-13.16.11.jpeg\" \/>\n\t<meta property=\"og:image:width\" content=\"1600\" \/>\n\t<meta property=\"og:image:height\" content=\"1200\" \/>\n\t<meta property=\"og:image:type\" content=\"image\/jpeg\" \/>\n<meta name=\"author\" content=\"Stephan Deubner\" \/>\n<meta name=\"twitter:card\" content=\"summary_large_image\" \/>\n<meta name=\"twitter:label1\" content=\"Written by\" \/>\n\t<meta name=\"twitter:data1\" content=\"Stephan Deubner\" \/>\n\t<meta name=\"twitter:label2\" content=\"Est. reading time\" \/>\n\t<meta name=\"twitter:data2\" content=\"3 minutes\" \/>\n<!-- \/ Yoast SEO plugin. -->","yoast_head_json":{"title":"Stolpersteine","description":"Das Fach- und Berufsfachschulzentrum Halle des EBG war im Februar Messe auf der \"Chance\" vertreten.","robots":{"index":"index","follow":"follow","max-snippet":"max-snippet:-1","max-image-preview":"max-image-preview:large","max-video-preview":"max-video-preview:-1"},"canonical":"https:\/\/www.ebg.de\/stolpersteine-2\/","og_locale":"en_US","og_type":"article","og_title":"Stolpersteine","og_description":"Das Fach- und Berufsfachschulzentrum Halle des EBG war im Februar Messe auf der \"Chance\" vertreten.","og_url":"https:\/\/www.ebg.de\/stolpersteine-2\/","og_site_name":"Europ\u00e4isches Bildungswerk f\u00fcr Beruf und Gesellschaft","article_published_time":"2026-03-04T07:06:13+00:00","og_image":[{"width":1600,"height":1200,"url":"https:\/\/www.ebg.de\/wp-content\/uploads\/2026\/03\/WhatsApp-Image-2026-01-30-at-13.16.11.jpeg","type":"image\/jpeg"}],"author":"Stephan Deubner","twitter_card":"summary_large_image","twitter_misc":{"Written by":"Stephan Deubner","Est. reading time":"3 minutes"},"schema":{"@context":"https:\/\/schema.org","@graph":[{"@type":"Article","@id":"https:\/\/www.ebg.de\/stolpersteine-2\/#article","isPartOf":{"@id":"https:\/\/www.ebg.de\/stolpersteine-2\/"},"author":{"name":"Stephan Deubner","@id":"https:\/\/www.ebg.de\/#\/schema\/person\/af645ea1741029d9a44ae532ceb268bc"},"headline":"Stolpersteine","datePublished":"2026-03-04T07:06:13+00:00","mainEntityOfPage":{"@id":"https:\/\/www.ebg.de\/stolpersteine-2\/"},"wordCount":292,"image":{"@id":"https:\/\/www.ebg.de\/stolpersteine-2\/#primaryimage"},"thumbnailUrl":"https:\/\/www.ebg.de\/wp-content\/uploads\/2026\/03\/WhatsApp-Image-2026-01-30-at-13.16.11.jpeg","keywords":["Ausbildung","EBG","Ergotherapie","Erzieher","Halle","Heilerziehungspfleger","Heilp\u00e4dagogik","Tag der offenen T\u00fcr Halle"],"articleSection":["News-GF"],"inLanguage":"en-US"},{"@type":"WebPage","@id":"https:\/\/www.ebg.de\/stolpersteine-2\/","url":"https:\/\/www.ebg.de\/stolpersteine-2\/","name":"Stolpersteine","isPartOf":{"@id":"https:\/\/www.ebg.de\/#website"},"primaryImageOfPage":{"@id":"https:\/\/www.ebg.de\/stolpersteine-2\/#primaryimage"},"image":{"@id":"https:\/\/www.ebg.de\/stolpersteine-2\/#primaryimage"},"thumbnailUrl":"https:\/\/www.ebg.de\/wp-content\/uploads\/2026\/03\/WhatsApp-Image-2026-01-30-at-13.16.11.jpeg","datePublished":"2026-03-04T07:06:13+00:00","author":{"@id":"https:\/\/www.ebg.de\/#\/schema\/person\/af645ea1741029d9a44ae532ceb268bc"},"description":"Das Fach- und Berufsfachschulzentrum Halle des EBG war im Februar Messe auf der \"Chance\" vertreten.","breadcrumb":{"@id":"https:\/\/www.ebg.de\/stolpersteine-2\/#breadcrumb"},"inLanguage":"en-US","potentialAction":[{"@type":"ReadAction","target":["https:\/\/www.ebg.de\/stolpersteine-2\/"]}]},{"@type":"ImageObject","inLanguage":"en-US","@id":"https:\/\/www.ebg.de\/stolpersteine-2\/#primaryimage","url":"https:\/\/www.ebg.de\/wp-content\/uploads\/2026\/03\/WhatsApp-Image-2026-01-30-at-13.16.11.jpeg","contentUrl":"https:\/\/www.ebg.de\/wp-content\/uploads\/2026\/03\/WhatsApp-Image-2026-01-30-at-13.16.11.jpeg","width":1600,"height":1200},{"@type":"BreadcrumbList","@id":"https:\/\/www.ebg.de\/stolpersteine-2\/#breadcrumb","itemListElement":[{"@type":"ListItem","position":1,"name":"Startseite","item":"https:\/\/www.ebg.de\/"},{"@type":"ListItem","position":2,"name":"Stolpersteine"}]},{"@type":"WebSite","@id":"https:\/\/www.ebg.de\/#website","url":"https:\/\/www.ebg.de\/","name":"Europ\u00e4isches Bildungswerk f\u00fcr Beruf und Gesellschaft","description":"Bildung, Ausbildung und Weiterbildung","potentialAction":[{"@type":"SearchAction","target":{"@type":"EntryPoint","urlTemplate":"https:\/\/www.ebg.de\/?s={search_term_string}"},"query-input":{"@type":"PropertyValueSpecification","valueRequired":true,"valueName":"search_term_string"}}],"inLanguage":"en-US"},{"@type":"Person","@id":"https:\/\/www.ebg.de\/#\/schema\/person\/af645ea1741029d9a44ae532ceb268bc","name":"Stephan Deubner","image":{"@type":"ImageObject","inLanguage":"en-US","@id":"https:\/\/www.ebg.de\/#\/schema\/person\/image\/","url":"https:\/\/secure.gravatar.com\/avatar\/35731f6a08afa0518c45f153077f6135c0f41aa2ae0b76e850ef9508976a7bbe?s=96&d=mm&r=g","contentUrl":"https:\/\/secure.gravatar.com\/avatar\/35731f6a08afa0518c45f153077f6135c0f41aa2ae0b76e850ef9508976a7bbe?s=96&d=mm&r=g","caption":"Stephan Deubner"},"url":"https:\/\/www.ebg.de\/en\/author\/sdeubner\/"}]}},"_links":{"self":[{"href":"https:\/\/www.ebg.de\/en\/wp-json\/wp\/v2\/posts\/40945","targetHints":{"allow":["GET"]}}],"collection":[{"href":"https:\/\/www.ebg.de\/en\/wp-json\/wp\/v2\/posts"}],"about":[{"href":"https:\/\/www.ebg.de\/en\/wp-json\/wp\/v2\/types\/post"}],"author":[{"embeddable":true,"href":"https:\/\/www.ebg.de\/en\/wp-json\/wp\/v2\/users\/22"}],"replies":[{"embeddable":true,"href":"https:\/\/www.ebg.de\/en\/wp-json\/wp\/v2\/comments?post=40945"}],"version-history":[{"count":1,"href":"https:\/\/www.ebg.de\/en\/wp-json\/wp\/v2\/posts\/40945\/revisions"}],"predecessor-version":[{"id":40946,"href":"https:\/\/www.ebg.de\/en\/wp-json\/wp\/v2\/posts\/40945\/revisions\/40946"}],"wp:featuredmedia":[{"embeddable":true,"href":"https:\/\/www.ebg.de\/en\/wp-json\/wp\/v2\/media\/40926"}],"wp:attachment":[{"href":"https:\/\/www.ebg.de\/en\/wp-json\/wp\/v2\/media?parent=40945"}],"wp:term":[{"taxonomy":"category","embeddable":true,"href":"https:\/\/www.ebg.de\/en\/wp-json\/wp\/v2\/categories?post=40945"},{"taxonomy":"post_tag","embeddable":true,"href":"https:\/\/www.ebg.de\/en\/wp-json\/wp\/v2\/tags?post=40945"}],"curies":[{"name":"wp","href":"https:\/\/api.w.org\/{rel}","templated":true}]}}