{"id":40783,"date":"2026-02-20T08:29:24","date_gmt":"2026-02-20T07:29:24","guid":{"rendered":"https:\/\/www.ebg.de\/?p=40783"},"modified":"2026-02-20T08:32:27","modified_gmt":"2026-02-20T07:32:27","slug":"ebg-feiert-tet-fest","status":"publish","type":"post","link":"https:\/\/www.ebg.de\/en\/ebg-feiert-tet-fest\/","title":{"rendered":"EBG feiert Tet-Fest"},"content":{"rendered":"\n<p>Das vietnamesische Tet-Fest wurde gefeiert. Dies ist das vietnamesische Neujahrsfest, welches gem\u00e4\u00df des Mondkalenders am ersten Tag des neuen Jahres begangen wird. In diesem Jahr wechselt damit das Tierkreiszeichen vom Jahr der Schlange zum Jahr des Pferdes, welches f\u00fcr &nbsp;Dynamik und Mut steht. <br><\/p>\n\n\n\n<figure class=\"wp-block-gallery has-nested-images columns-default is-cropped wp-block-gallery-1 is-layout-flex wp-block-gallery-is-layout-flex\">\n<figure class=\"wp-block-image size-large\"><img loading=\"lazy\" decoding=\"async\" width=\"683\" height=\"1024\" data-id=\"40788\" src=\"https:\/\/www.ebg.de\/wp-content\/uploads\/2026\/02\/IMG_9008-683x1024.jpg\" alt=\"\" class=\"wp-image-40788\" srcset=\"https:\/\/www.ebg.de\/wp-content\/uploads\/2026\/02\/IMG_9008-683x1024.jpg 683w, https:\/\/www.ebg.de\/wp-content\/uploads\/2026\/02\/IMG_9008-200x300.jpg 200w, https:\/\/www.ebg.de\/wp-content\/uploads\/2026\/02\/IMG_9008-768x1152.jpg 768w, https:\/\/www.ebg.de\/wp-content\/uploads\/2026\/02\/IMG_9008-1024x1536.jpg 1024w, https:\/\/www.ebg.de\/wp-content\/uploads\/2026\/02\/IMG_9008-1365x2048.jpg 1365w, https:\/\/www.ebg.de\/wp-content\/uploads\/2026\/02\/IMG_9008-900x1350.jpg 900w, https:\/\/www.ebg.de\/wp-content\/uploads\/2026\/02\/IMG_9008-1200x1800.jpg 1200w, https:\/\/www.ebg.de\/wp-content\/uploads\/2026\/02\/IMG_9008-scaled.jpg 1707w\" sizes=\"auto, (max-width: 683px) 100vw, 683px\" \/><\/figure>\n\n\n\n<figure class=\"wp-block-image size-large\"><img loading=\"lazy\" decoding=\"async\" width=\"1024\" height=\"683\" data-id=\"40786\" src=\"https:\/\/www.ebg.de\/wp-content\/uploads\/2026\/02\/IMG_9023-1024x683.jpg\" alt=\"\" class=\"wp-image-40786\" srcset=\"https:\/\/www.ebg.de\/wp-content\/uploads\/2026\/02\/IMG_9023-1024x683.jpg 1024w, https:\/\/www.ebg.de\/wp-content\/uploads\/2026\/02\/IMG_9023-300x200.jpg 300w, https:\/\/www.ebg.de\/wp-content\/uploads\/2026\/02\/IMG_9023-768x512.jpg 768w, https:\/\/www.ebg.de\/wp-content\/uploads\/2026\/02\/IMG_9023-1536x1024.jpg 1536w, https:\/\/www.ebg.de\/wp-content\/uploads\/2026\/02\/IMG_9023-2048x1365.jpg 2048w, https:\/\/www.ebg.de\/wp-content\/uploads\/2026\/02\/IMG_9023-900x600.jpg 900w, https:\/\/www.ebg.de\/wp-content\/uploads\/2026\/02\/IMG_9023-1200x800.jpg 1200w\" sizes=\"auto, (max-width: 1024px) 100vw, 1024px\" \/><\/figure>\n\n\n\n<figure class=\"wp-block-image size-large\"><img loading=\"lazy\" decoding=\"async\" width=\"1024\" height=\"683\" data-id=\"40790\" src=\"https:\/\/www.ebg.de\/wp-content\/uploads\/2026\/02\/IMG_9026-1024x683.jpg\" alt=\"\" class=\"wp-image-40790\" srcset=\"https:\/\/www.ebg.de\/wp-content\/uploads\/2026\/02\/IMG_9026-1024x683.jpg 1024w, https:\/\/www.ebg.de\/wp-content\/uploads\/2026\/02\/IMG_9026-300x200.jpg 300w, https:\/\/www.ebg.de\/wp-content\/uploads\/2026\/02\/IMG_9026-768x512.jpg 768w, https:\/\/www.ebg.de\/wp-content\/uploads\/2026\/02\/IMG_9026-1536x1024.jpg 1536w, https:\/\/www.ebg.de\/wp-content\/uploads\/2026\/02\/IMG_9026-2048x1365.jpg 2048w, https:\/\/www.ebg.de\/wp-content\/uploads\/2026\/02\/IMG_9026-900x600.jpg 900w, https:\/\/www.ebg.de\/wp-content\/uploads\/2026\/02\/IMG_9026-1200x800.jpg 1200w\" sizes=\"auto, (max-width: 1024px) 100vw, 1024px\" \/><\/figure>\n\n\n\n<figure class=\"wp-block-image size-large\"><img loading=\"lazy\" decoding=\"async\" width=\"1024\" height=\"683\" data-id=\"40784\" src=\"https:\/\/www.ebg.de\/wp-content\/uploads\/2026\/02\/IMG_9045-1024x683.jpg\" alt=\"\" class=\"wp-image-40784\" srcset=\"https:\/\/www.ebg.de\/wp-content\/uploads\/2026\/02\/IMG_9045-1024x683.jpg 1024w, https:\/\/www.ebg.de\/wp-content\/uploads\/2026\/02\/IMG_9045-300x200.jpg 300w, https:\/\/www.ebg.de\/wp-content\/uploads\/2026\/02\/IMG_9045-768x512.jpg 768w, https:\/\/www.ebg.de\/wp-content\/uploads\/2026\/02\/IMG_9045-1536x1024.jpg 1536w, https:\/\/www.ebg.de\/wp-content\/uploads\/2026\/02\/IMG_9045-2048x1365.jpg 2048w, https:\/\/www.ebg.de\/wp-content\/uploads\/2026\/02\/IMG_9045-900x600.jpg 900w, https:\/\/www.ebg.de\/wp-content\/uploads\/2026\/02\/IMG_9045-1200x800.jpg 1200w\" sizes=\"auto, (max-width: 1024px) 100vw, 1024px\" \/><\/figure>\n<\/figure>\n\n\n\n<p>Bei den Feierlichkeiten zum Tet-Fest steht die Familie im Vordergrund. Da unsere vietnamesischen Azubis das Tet-Fest nicht zu Hause bei ihren Familien feiern k\u00f6nnen, wurde eine Feier mit der EBG-Familie vorbereitet, um gemeinsam das neue Jahr zu begr\u00fc\u00dfen. <\/p>\n\n\n\n<figure class=\"wp-block-gallery has-nested-images columns-default is-cropped wp-block-gallery-2 is-layout-flex wp-block-gallery-is-layout-flex\">\n<figure class=\"wp-block-image size-large\"><img loading=\"lazy\" decoding=\"async\" width=\"1024\" height=\"683\" data-id=\"40794\" src=\"https:\/\/www.ebg.de\/wp-content\/uploads\/2026\/02\/IMG_9083-1024x683.jpg\" alt=\"\" class=\"wp-image-40794\" srcset=\"https:\/\/www.ebg.de\/wp-content\/uploads\/2026\/02\/IMG_9083-1024x683.jpg 1024w, https:\/\/www.ebg.de\/wp-content\/uploads\/2026\/02\/IMG_9083-300x200.jpg 300w, https:\/\/www.ebg.de\/wp-content\/uploads\/2026\/02\/IMG_9083-768x512.jpg 768w, https:\/\/www.ebg.de\/wp-content\/uploads\/2026\/02\/IMG_9083-1536x1024.jpg 1536w, https:\/\/www.ebg.de\/wp-content\/uploads\/2026\/02\/IMG_9083-2048x1365.jpg 2048w, https:\/\/www.ebg.de\/wp-content\/uploads\/2026\/02\/IMG_9083-900x600.jpg 900w, https:\/\/www.ebg.de\/wp-content\/uploads\/2026\/02\/IMG_9083-1200x800.jpg 1200w\" sizes=\"auto, (max-width: 1024px) 100vw, 1024px\" \/><\/figure>\n\n\n\n<figure class=\"wp-block-image size-large\"><img loading=\"lazy\" decoding=\"async\" width=\"1024\" height=\"683\" data-id=\"40796\" src=\"https:\/\/www.ebg.de\/wp-content\/uploads\/2026\/02\/IMG_9093-1024x683.jpg\" alt=\"\" class=\"wp-image-40796\" srcset=\"https:\/\/www.ebg.de\/wp-content\/uploads\/2026\/02\/IMG_9093-1024x683.jpg 1024w, https:\/\/www.ebg.de\/wp-content\/uploads\/2026\/02\/IMG_9093-300x200.jpg 300w, https:\/\/www.ebg.de\/wp-content\/uploads\/2026\/02\/IMG_9093-768x512.jpg 768w, https:\/\/www.ebg.de\/wp-content\/uploads\/2026\/02\/IMG_9093-1536x1024.jpg 1536w, https:\/\/www.ebg.de\/wp-content\/uploads\/2026\/02\/IMG_9093-2048x1365.jpg 2048w, https:\/\/www.ebg.de\/wp-content\/uploads\/2026\/02\/IMG_9093-900x600.jpg 900w, https:\/\/www.ebg.de\/wp-content\/uploads\/2026\/02\/IMG_9093-1200x800.jpg 1200w\" sizes=\"auto, (max-width: 1024px) 100vw, 1024px\" \/><\/figure>\n\n\n\n<figure class=\"wp-block-image size-large\"><img loading=\"lazy\" decoding=\"async\" width=\"1024\" height=\"683\" data-id=\"40798\" src=\"https:\/\/www.ebg.de\/wp-content\/uploads\/2026\/02\/IMG_9124-1024x683.jpg\" alt=\"\" class=\"wp-image-40798\" srcset=\"https:\/\/www.ebg.de\/wp-content\/uploads\/2026\/02\/IMG_9124-1024x683.jpg 1024w, https:\/\/www.ebg.de\/wp-content\/uploads\/2026\/02\/IMG_9124-300x200.jpg 300w, https:\/\/www.ebg.de\/wp-content\/uploads\/2026\/02\/IMG_9124-768x512.jpg 768w, https:\/\/www.ebg.de\/wp-content\/uploads\/2026\/02\/IMG_9124-1536x1024.jpg 1536w, https:\/\/www.ebg.de\/wp-content\/uploads\/2026\/02\/IMG_9124-2048x1365.jpg 2048w, https:\/\/www.ebg.de\/wp-content\/uploads\/2026\/02\/IMG_9124-900x600.jpg 900w, https:\/\/www.ebg.de\/wp-content\/uploads\/2026\/02\/IMG_9124-1200x800.jpg 1200w\" sizes=\"auto, (max-width: 1024px) 100vw, 1024px\" \/><\/figure>\n\n\n\n<figure class=\"wp-block-image size-large\"><img loading=\"lazy\" decoding=\"async\" width=\"1024\" height=\"683\" data-id=\"40792\" src=\"https:\/\/www.ebg.de\/wp-content\/uploads\/2026\/02\/IMG_9186-1024x683.jpg\" alt=\"\" class=\"wp-image-40792\" srcset=\"https:\/\/www.ebg.de\/wp-content\/uploads\/2026\/02\/IMG_9186-1024x683.jpg 1024w, https:\/\/www.ebg.de\/wp-content\/uploads\/2026\/02\/IMG_9186-300x200.jpg 300w, https:\/\/www.ebg.de\/wp-content\/uploads\/2026\/02\/IMG_9186-768x512.jpg 768w, https:\/\/www.ebg.de\/wp-content\/uploads\/2026\/02\/IMG_9186-1536x1024.jpg 1536w, https:\/\/www.ebg.de\/wp-content\/uploads\/2026\/02\/IMG_9186-2048x1365.jpg 2048w, https:\/\/www.ebg.de\/wp-content\/uploads\/2026\/02\/IMG_9186-900x600.jpg 900w, https:\/\/www.ebg.de\/wp-content\/uploads\/2026\/02\/IMG_9186-1200x800.jpg 1200w\" sizes=\"auto, (max-width: 1024px) 100vw, 1024px\" \/><\/figure>\n<\/figure>\n\n\n\n<p>Die Azubis, welche im EBG eine Ausbildung zur Pflegefachkraft absolvieren, haben typische vietnamesische Gerichte vorbereitet und pr\u00e4sentiert. Au\u00dferdem gab es kulturelle Beitr\u00e4ge mit Tanz und Musik, um die G\u00e4ste in die vietnamesische Kultur eintauchen zu lassen. Sehr viele Kollegen des EBG waren der Einladung gefolgt, was uns sehr gl\u00fccklich gemacht hat !!<\/p>\n\n\n\n<figure class=\"wp-block-gallery has-nested-images columns-default is-cropped wp-block-gallery-3 is-layout-flex wp-block-gallery-is-layout-flex\">\n<figure class=\"wp-block-image size-large\"><img loading=\"lazy\" decoding=\"async\" width=\"1024\" height=\"683\" data-id=\"40800\" src=\"https:\/\/www.ebg.de\/wp-content\/uploads\/2026\/02\/IMG_9224-1024x683.jpg\" alt=\"\" class=\"wp-image-40800\" srcset=\"https:\/\/www.ebg.de\/wp-content\/uploads\/2026\/02\/IMG_9224-1024x683.jpg 1024w, https:\/\/www.ebg.de\/wp-content\/uploads\/2026\/02\/IMG_9224-300x200.jpg 300w, https:\/\/www.ebg.de\/wp-content\/uploads\/2026\/02\/IMG_9224-768x512.jpg 768w, https:\/\/www.ebg.de\/wp-content\/uploads\/2026\/02\/IMG_9224-1536x1024.jpg 1536w, https:\/\/www.ebg.de\/wp-content\/uploads\/2026\/02\/IMG_9224-2048x1365.jpg 2048w, https:\/\/www.ebg.de\/wp-content\/uploads\/2026\/02\/IMG_9224-900x600.jpg 900w, https:\/\/www.ebg.de\/wp-content\/uploads\/2026\/02\/IMG_9224-1200x800.jpg 1200w\" sizes=\"auto, (max-width: 1024px) 100vw, 1024px\" \/><\/figure>\n\n\n\n<figure class=\"wp-block-image size-large\"><img loading=\"lazy\" decoding=\"async\" width=\"1024\" height=\"683\" data-id=\"40802\" src=\"https:\/\/www.ebg.de\/wp-content\/uploads\/2026\/02\/IMG_9249-1024x683.jpg\" alt=\"\" class=\"wp-image-40802\" srcset=\"https:\/\/www.ebg.de\/wp-content\/uploads\/2026\/02\/IMG_9249-1024x683.jpg 1024w, https:\/\/www.ebg.de\/wp-content\/uploads\/2026\/02\/IMG_9249-300x200.jpg 300w, https:\/\/www.ebg.de\/wp-content\/uploads\/2026\/02\/IMG_9249-768x512.jpg 768w, https:\/\/www.ebg.de\/wp-content\/uploads\/2026\/02\/IMG_9249-1536x1024.jpg 1536w, https:\/\/www.ebg.de\/wp-content\/uploads\/2026\/02\/IMG_9249-2048x1365.jpg 2048w, https:\/\/www.ebg.de\/wp-content\/uploads\/2026\/02\/IMG_9249-900x600.jpg 900w, https:\/\/www.ebg.de\/wp-content\/uploads\/2026\/02\/IMG_9249-1200x800.jpg 1200w\" sizes=\"auto, (max-width: 1024px) 100vw, 1024px\" \/><\/figure>\n<\/figure>\n\n\n\n<p>Wir danken den Azubis, Herrn Duc Nguyen sowie allen anderen Helfern f\u00fcr die umfangreichen Vorbereitungen zum Tet-Fest.<\/p>\n\n\n\n<p><\/p>\n\n\n\n<p><\/p>\n","protected":false},"excerpt":{"rendered":"<p>Am 17.02.2026 fand in der Pestalozzi-Aula in Westerh\u00fcsen eine Veranstaltung der besonderen Art statt.<\/p>\n","protected":false},"author":22,"featured_media":40804,"comment_status":"closed","ping_status":"closed","sticky":false,"template":"","format":"standard","meta":{"_acf_changed":false,"footnotes":""},"categories":[22],"tags":[198,78,80,107,193,172,173],"class_list":["post-40783","post","type-post","status-publish","format-standard","has-post-thumbnail","hentry","category-news-gf","tag-auszubildende","tag-ebg","tag-erzieher","tag-europaeisches-bildungswerk","tag-international","tag-pflegefachkraft","tag-vietnam"],"acf":[],"yoast_head":"<!-- This site is optimized with the Yoast SEO plugin v26.9 - https:\/\/yoast.com\/product\/yoast-seo-wordpress\/ -->\n<title>Das EBG feiert Tet-Fest<\/title>\n<meta name=\"description\" content=\"Mehr als 600 marokkanische Sch\u00fclerinnen und Sch\u00fcler informierten sich am 15.Februar \u00b425 in Rabat \u00fcber Studien- und Ausbildungsm\u00f6glichkeiten in Deutschland.\" \/>\n<meta name=\"robots\" content=\"index, follow, max-snippet:-1, max-image-preview:large, max-video-preview:-1\" \/>\n<link rel=\"canonical\" href=\"https:\/\/www.ebg.de\/ebg-feiert-tet-fest\/\" \/>\n<meta property=\"og:locale\" content=\"en_US\" \/>\n<meta property=\"og:type\" content=\"article\" \/>\n<meta property=\"og:title\" content=\"Das EBG feiert Tet-Fest\" \/>\n<meta property=\"og:description\" content=\"Mehr als 600 marokkanische Sch\u00fclerinnen und Sch\u00fcler informierten sich am 15.Februar \u00b425 in Rabat \u00fcber Studien- und Ausbildungsm\u00f6glichkeiten in Deutschland.\" \/>\n<meta property=\"og:url\" content=\"https:\/\/www.ebg.de\/ebg-feiert-tet-fest\/\" \/>\n<meta property=\"og:site_name\" content=\"Europ\u00e4isches Bildungswerk f\u00fcr Beruf und Gesellschaft\" \/>\n<meta property=\"article:published_time\" content=\"2026-02-20T07:29:24+00:00\" \/>\n<meta property=\"article:modified_time\" content=\"2026-02-20T07:32:27+00:00\" \/>\n<meta property=\"og:image\" content=\"https:\/\/www.ebg.de\/wp-content\/uploads\/2026\/02\/IMG_9000-scaled.jpg\" \/>\n\t<meta property=\"og:image:width\" content=\"2560\" \/>\n\t<meta property=\"og:image:height\" content=\"1707\" \/>\n\t<meta property=\"og:image:type\" content=\"image\/jpeg\" \/>\n<meta name=\"author\" content=\"Stephan Deubner\" \/>\n<meta name=\"twitter:card\" content=\"summary_large_image\" \/>\n<meta name=\"twitter:label1\" content=\"Written by\" \/>\n\t<meta name=\"twitter:data1\" content=\"Stephan Deubner\" \/>\n\t<meta name=\"twitter:label2\" content=\"Est. reading time\" \/>\n\t<meta name=\"twitter:data2\" content=\"5 minutes\" \/>\n<!-- \/ Yoast SEO plugin. -->","yoast_head_json":{"title":"Das EBG feiert Tet-Fest","description":"Mehr als 600 marokkanische Sch\u00fclerinnen und Sch\u00fcler informierten sich am 15.Februar \u00b425 in Rabat \u00fcber Studien- und Ausbildungsm\u00f6glichkeiten in Deutschland.","robots":{"index":"index","follow":"follow","max-snippet":"max-snippet:-1","max-image-preview":"max-image-preview:large","max-video-preview":"max-video-preview:-1"},"canonical":"https:\/\/www.ebg.de\/ebg-feiert-tet-fest\/","og_locale":"en_US","og_type":"article","og_title":"Das EBG feiert Tet-Fest","og_description":"Mehr als 600 marokkanische Sch\u00fclerinnen und Sch\u00fcler informierten sich am 15.Februar \u00b425 in Rabat \u00fcber Studien- und Ausbildungsm\u00f6glichkeiten in Deutschland.","og_url":"https:\/\/www.ebg.de\/ebg-feiert-tet-fest\/","og_site_name":"Europ\u00e4isches Bildungswerk f\u00fcr Beruf und Gesellschaft","article_published_time":"2026-02-20T07:29:24+00:00","article_modified_time":"2026-02-20T07:32:27+00:00","og_image":[{"width":2560,"height":1707,"url":"https:\/\/www.ebg.de\/wp-content\/uploads\/2026\/02\/IMG_9000-scaled.jpg","type":"image\/jpeg"}],"author":"Stephan Deubner","twitter_card":"summary_large_image","twitter_misc":{"Written by":"Stephan Deubner","Est. reading time":"5 minutes"},"schema":{"@context":"https:\/\/schema.org","@graph":[{"@type":"Article","@id":"https:\/\/www.ebg.de\/ebg-feiert-tet-fest\/#article","isPartOf":{"@id":"https:\/\/www.ebg.de\/ebg-feiert-tet-fest\/"},"author":{"name":"Stephan Deubner","@id":"https:\/\/www.ebg.de\/#\/schema\/person\/af645ea1741029d9a44ae532ceb268bc"},"headline":"EBG feiert Tet-Fest","datePublished":"2026-02-20T07:29:24+00:00","dateModified":"2026-02-20T07:32:27+00:00","mainEntityOfPage":{"@id":"https:\/\/www.ebg.de\/ebg-feiert-tet-fest\/"},"wordCount":162,"image":{"@id":"https:\/\/www.ebg.de\/ebg-feiert-tet-fest\/#primaryimage"},"thumbnailUrl":"https:\/\/www.ebg.de\/wp-content\/uploads\/2026\/02\/IMG_9000-scaled.jpg","keywords":["Auszubildende","EBG","Erzieher","Europ\u00e4isches Bildungswerk","international","Pflegefachkraft","Vietnam"],"articleSection":["News-GF"],"inLanguage":"en-US"},{"@type":"WebPage","@id":"https:\/\/www.ebg.de\/ebg-feiert-tet-fest\/","url":"https:\/\/www.ebg.de\/ebg-feiert-tet-fest\/","name":"Das EBG feiert Tet-Fest","isPartOf":{"@id":"https:\/\/www.ebg.de\/#website"},"primaryImageOfPage":{"@id":"https:\/\/www.ebg.de\/ebg-feiert-tet-fest\/#primaryimage"},"image":{"@id":"https:\/\/www.ebg.de\/ebg-feiert-tet-fest\/#primaryimage"},"thumbnailUrl":"https:\/\/www.ebg.de\/wp-content\/uploads\/2026\/02\/IMG_9000-scaled.jpg","datePublished":"2026-02-20T07:29:24+00:00","dateModified":"2026-02-20T07:32:27+00:00","author":{"@id":"https:\/\/www.ebg.de\/#\/schema\/person\/af645ea1741029d9a44ae532ceb268bc"},"description":"Mehr als 600 marokkanische Sch\u00fclerinnen und Sch\u00fcler informierten sich am 15.Februar \u00b425 in Rabat \u00fcber Studien- und Ausbildungsm\u00f6glichkeiten in Deutschland.","breadcrumb":{"@id":"https:\/\/www.ebg.de\/ebg-feiert-tet-fest\/#breadcrumb"},"inLanguage":"en-US","potentialAction":[{"@type":"ReadAction","target":["https:\/\/www.ebg.de\/ebg-feiert-tet-fest\/"]}]},{"@type":"ImageObject","inLanguage":"en-US","@id":"https:\/\/www.ebg.de\/ebg-feiert-tet-fest\/#primaryimage","url":"https:\/\/www.ebg.de\/wp-content\/uploads\/2026\/02\/IMG_9000-scaled.jpg","contentUrl":"https:\/\/www.ebg.de\/wp-content\/uploads\/2026\/02\/IMG_9000-scaled.jpg","width":2560,"height":1707},{"@type":"BreadcrumbList","@id":"https:\/\/www.ebg.de\/ebg-feiert-tet-fest\/#breadcrumb","itemListElement":[{"@type":"ListItem","position":1,"name":"Startseite","item":"https:\/\/www.ebg.de\/"},{"@type":"ListItem","position":2,"name":"EBG feiert Tet-Fest"}]},{"@type":"WebSite","@id":"https:\/\/www.ebg.de\/#website","url":"https:\/\/www.ebg.de\/","name":"Europ\u00e4isches Bildungswerk f\u00fcr Beruf und Gesellschaft","description":"Bildung, Ausbildung und Weiterbildung","potentialAction":[{"@type":"SearchAction","target":{"@type":"EntryPoint","urlTemplate":"https:\/\/www.ebg.de\/?s={search_term_string}"},"query-input":{"@type":"PropertyValueSpecification","valueRequired":true,"valueName":"search_term_string"}}],"inLanguage":"en-US"},{"@type":"Person","@id":"https:\/\/www.ebg.de\/#\/schema\/person\/af645ea1741029d9a44ae532ceb268bc","name":"Stephan Deubner","image":{"@type":"ImageObject","inLanguage":"en-US","@id":"https:\/\/www.ebg.de\/#\/schema\/person\/image\/","url":"https:\/\/secure.gravatar.com\/avatar\/35731f6a08afa0518c45f153077f6135c0f41aa2ae0b76e850ef9508976a7bbe?s=96&d=mm&r=g","contentUrl":"https:\/\/secure.gravatar.com\/avatar\/35731f6a08afa0518c45f153077f6135c0f41aa2ae0b76e850ef9508976a7bbe?s=96&d=mm&r=g","caption":"Stephan Deubner"},"url":"https:\/\/www.ebg.de\/en\/author\/sdeubner\/"}]}},"_links":{"self":[{"href":"https:\/\/www.ebg.de\/en\/wp-json\/wp\/v2\/posts\/40783","targetHints":{"allow":["GET"]}}],"collection":[{"href":"https:\/\/www.ebg.de\/en\/wp-json\/wp\/v2\/posts"}],"about":[{"href":"https:\/\/www.ebg.de\/en\/wp-json\/wp\/v2\/types\/post"}],"author":[{"embeddable":true,"href":"https:\/\/www.ebg.de\/en\/wp-json\/wp\/v2\/users\/22"}],"replies":[{"embeddable":true,"href":"https:\/\/www.ebg.de\/en\/wp-json\/wp\/v2\/comments?post=40783"}],"version-history":[{"count":3,"href":"https:\/\/www.ebg.de\/en\/wp-json\/wp\/v2\/posts\/40783\/revisions"}],"predecessor-version":[{"id":40808,"href":"https:\/\/www.ebg.de\/en\/wp-json\/wp\/v2\/posts\/40783\/revisions\/40808"}],"wp:featuredmedia":[{"embeddable":true,"href":"https:\/\/www.ebg.de\/en\/wp-json\/wp\/v2\/media\/40804"}],"wp:attachment":[{"href":"https:\/\/www.ebg.de\/en\/wp-json\/wp\/v2\/media?parent=40783"}],"wp:term":[{"taxonomy":"category","embeddable":true,"href":"https:\/\/www.ebg.de\/en\/wp-json\/wp\/v2\/categories?post=40783"},{"taxonomy":"post_tag","embeddable":true,"href":"https:\/\/www.ebg.de\/en\/wp-json\/wp\/v2\/tags?post=40783"}],"curies":[{"name":"wp","href":"https:\/\/api.w.org\/{rel}","templated":true}]}}