{"id":40756,"date":"2026-02-19T07:51:38","date_gmt":"2026-02-19T06:51:38","guid":{"rendered":"https:\/\/www.ebg.de\/?p=40756"},"modified":"2026-02-23T15:58:24","modified_gmt":"2026-02-23T14:58:24","slug":"tag-der-offenen-tuer-am-fach-und-berufsfachschulzentrum-magdeburg","status":"publish","type":"post","link":"https:\/\/www.ebg.de\/en\/tag-der-offenen-tuer-am-fach-und-berufsfachschulzentrum-magdeburg\/","title":{"rendered":"Tag der offenen T\u00fcr am Fach- und Berufsfachschulzentrum Magdeburg"},"content":{"rendered":"\n<p>Der Tag der offenen T\u00fcr am Fach- und Berufsfachschulzentrum Magdeburg war ein voller Erfolg.<\/p>\n\n\n\n<p>Alle Fachschaftsleiter pr\u00e4sentierten ihre Bildungsg\u00e4nge kompetent und praxisnah. Mit dabei war auch Gesamtschulleiterin Frau Moch, die sich Zeit f\u00fcr den pers\u00f6nlichen Austausch nahm.<\/p>\n\n\n\n<figure class=\"wp-block-image size-large is-resized\"><img loading=\"lazy\" decoding=\"async\" width=\"1024\" height=\"686\" src=\"https:\/\/www.ebg.de\/wp-content\/uploads\/2026\/02\/IMG_8695-1024x686.jpg\" alt=\"\" class=\"wp-image-40757\" style=\"aspect-ratio:1.4927141226030045;width:551px;height:auto\" srcset=\"https:\/\/www.ebg.de\/wp-content\/uploads\/2026\/02\/IMG_8695-1024x686.jpg 1024w, https:\/\/www.ebg.de\/wp-content\/uploads\/2026\/02\/IMG_8695-300x201.jpg 300w, https:\/\/www.ebg.de\/wp-content\/uploads\/2026\/02\/IMG_8695-768x515.jpg 768w, https:\/\/www.ebg.de\/wp-content\/uploads\/2026\/02\/IMG_8695-1536x1029.jpg 1536w, https:\/\/www.ebg.de\/wp-content\/uploads\/2026\/02\/IMG_8695-2048x1372.jpg 2048w, https:\/\/www.ebg.de\/wp-content\/uploads\/2026\/02\/IMG_8695-900x603.jpg 900w, https:\/\/www.ebg.de\/wp-content\/uploads\/2026\/02\/IMG_8695-1200x804.jpg 1200w\" sizes=\"auto, (max-width: 1024px) 100vw, 1024px\" \/><\/figure>\n\n\n\n<p>Vorgestellt wurden:<\/p>\n\n\n\n<ul class=\"wp-block-list\">\n<li>Sozialassistenz \u2013 staatlich gepr\u00fcft<\/li>\n\n\n\n<li>Erzieher \u2013 staatlich anerkannt \u2013 Vollzeit und berufsbegleitend<\/li>\n\n\n\n<li>Heilerziehungspflege \u2013 staatlich anerkannt \u2013 Vollzeit und berufsbegleitend<\/li>\n\n\n\n<li>Heilp\u00e4dagogik \u2013 staatlich anerkannt \u2013 berufsbegleitend<\/li>\n\n\n\n<li>Pflegehilfe \u2013 staatlich anerkannt \u2013 Vollzeit<\/li>\n\n\n\n<li>Pflegefachkraft \u2013 Umschulung \u00fcber die Arbeitsagentur und berufsbegleitend<\/li>\n\n\n\n<li>Ergotherapie \u2013 staatlich anerkannt \u2013 Vollzeit<\/li>\n<\/ul>\n\n\n\n<p>Liebevoll gestaltete R\u00e4ume, Einblicke in Praxisbereiche wie Bewegungs- und Musikraum, informative St\u00e4nde sowie ein herzliches Kuchen- und Kaffeeangebot schufen eine offene, angenehme Atmosph\u00e4re.<br><br><\/p>\n\n\n\n<figure class=\"wp-block-gallery has-nested-images columns-default is-cropped wp-block-gallery-1 is-layout-flex wp-block-gallery-is-layout-flex\">\n<figure class=\"wp-block-image size-large\"><img loading=\"lazy\" decoding=\"async\" width=\"1024\" height=\"683\" data-id=\"40762\" src=\"https:\/\/www.ebg.de\/wp-content\/uploads\/2026\/02\/IMG_8728-1024x683.jpg\" alt=\"\" class=\"wp-image-40762\" srcset=\"https:\/\/www.ebg.de\/wp-content\/uploads\/2026\/02\/IMG_8728-1024x683.jpg 1024w, https:\/\/www.ebg.de\/wp-content\/uploads\/2026\/02\/IMG_8728-300x200.jpg 300w, https:\/\/www.ebg.de\/wp-content\/uploads\/2026\/02\/IMG_8728-768x512.jpg 768w, https:\/\/www.ebg.de\/wp-content\/uploads\/2026\/02\/IMG_8728-1536x1024.jpg 1536w, https:\/\/www.ebg.de\/wp-content\/uploads\/2026\/02\/IMG_8728-2048x1365.jpg 2048w, https:\/\/www.ebg.de\/wp-content\/uploads\/2026\/02\/IMG_8728-900x600.jpg 900w, https:\/\/www.ebg.de\/wp-content\/uploads\/2026\/02\/IMG_8728-1200x800.jpg 1200w\" sizes=\"auto, (max-width: 1024px) 100vw, 1024px\" \/><\/figure>\n\n\n\n<figure class=\"wp-block-image size-large\"><img loading=\"lazy\" decoding=\"async\" width=\"1024\" height=\"683\" data-id=\"40759\" src=\"https:\/\/www.ebg.de\/wp-content\/uploads\/2026\/02\/IMG_8808-1024x683.jpg\" alt=\"\" class=\"wp-image-40759\" srcset=\"https:\/\/www.ebg.de\/wp-content\/uploads\/2026\/02\/IMG_8808-1024x683.jpg 1024w, https:\/\/www.ebg.de\/wp-content\/uploads\/2026\/02\/IMG_8808-300x200.jpg 300w, https:\/\/www.ebg.de\/wp-content\/uploads\/2026\/02\/IMG_8808-768x512.jpg 768w, https:\/\/www.ebg.de\/wp-content\/uploads\/2026\/02\/IMG_8808-1536x1024.jpg 1536w, https:\/\/www.ebg.de\/wp-content\/uploads\/2026\/02\/IMG_8808-2048x1365.jpg 2048w, https:\/\/www.ebg.de\/wp-content\/uploads\/2026\/02\/IMG_8808-900x600.jpg 900w, https:\/\/www.ebg.de\/wp-content\/uploads\/2026\/02\/IMG_8808-1200x800.jpg 1200w\" sizes=\"auto, (max-width: 1024px) 100vw, 1024px\" \/><\/figure>\n\n\n\n<figure class=\"wp-block-image size-large\"><img loading=\"lazy\" decoding=\"async\" width=\"1024\" height=\"683\" data-id=\"40763\" src=\"https:\/\/www.ebg.de\/wp-content\/uploads\/2026\/02\/IMG_8827-1024x683.jpg\" alt=\"\" class=\"wp-image-40763\" srcset=\"https:\/\/www.ebg.de\/wp-content\/uploads\/2026\/02\/IMG_8827-1024x683.jpg 1024w, https:\/\/www.ebg.de\/wp-content\/uploads\/2026\/02\/IMG_8827-300x200.jpg 300w, https:\/\/www.ebg.de\/wp-content\/uploads\/2026\/02\/IMG_8827-768x512.jpg 768w, https:\/\/www.ebg.de\/wp-content\/uploads\/2026\/02\/IMG_8827-1536x1024.jpg 1536w, https:\/\/www.ebg.de\/wp-content\/uploads\/2026\/02\/IMG_8827-2048x1365.jpg 2048w, https:\/\/www.ebg.de\/wp-content\/uploads\/2026\/02\/IMG_8827-900x600.jpg 900w, https:\/\/www.ebg.de\/wp-content\/uploads\/2026\/02\/IMG_8827-1200x800.jpg 1200w\" sizes=\"auto, (max-width: 1024px) 100vw, 1024px\" \/><\/figure>\n\n\n\n<figure class=\"wp-block-image size-large\"><img loading=\"lazy\" decoding=\"async\" width=\"1024\" height=\"683\" data-id=\"40766\" src=\"https:\/\/www.ebg.de\/wp-content\/uploads\/2026\/02\/IMG_8841-1024x683.jpg\" alt=\"\" class=\"wp-image-40766\" srcset=\"https:\/\/www.ebg.de\/wp-content\/uploads\/2026\/02\/IMG_8841-1024x683.jpg 1024w, https:\/\/www.ebg.de\/wp-content\/uploads\/2026\/02\/IMG_8841-300x200.jpg 300w, https:\/\/www.ebg.de\/wp-content\/uploads\/2026\/02\/IMG_8841-768x512.jpg 768w, https:\/\/www.ebg.de\/wp-content\/uploads\/2026\/02\/IMG_8841-1536x1024.jpg 1536w, https:\/\/www.ebg.de\/wp-content\/uploads\/2026\/02\/IMG_8841-2048x1365.jpg 2048w, https:\/\/www.ebg.de\/wp-content\/uploads\/2026\/02\/IMG_8841-900x600.jpg 900w, https:\/\/www.ebg.de\/wp-content\/uploads\/2026\/02\/IMG_8841-1200x800.jpg 1200w\" sizes=\"auto, (max-width: 1024px) 100vw, 1024px\" \/><\/figure>\n\n\n\n<figure class=\"wp-block-image size-large\"><img loading=\"lazy\" decoding=\"async\" width=\"1024\" height=\"768\" data-id=\"40761\" src=\"https:\/\/www.ebg.de\/wp-content\/uploads\/2026\/02\/IMG_8858-1024x768.jpg\" alt=\"\" class=\"wp-image-40761\" srcset=\"https:\/\/www.ebg.de\/wp-content\/uploads\/2026\/02\/IMG_8858-1024x768.jpg 1024w, https:\/\/www.ebg.de\/wp-content\/uploads\/2026\/02\/IMG_8858-300x225.jpg 300w, https:\/\/www.ebg.de\/wp-content\/uploads\/2026\/02\/IMG_8858-768x576.jpg 768w, https:\/\/www.ebg.de\/wp-content\/uploads\/2026\/02\/IMG_8858-1536x1152.jpg 1536w, https:\/\/www.ebg.de\/wp-content\/uploads\/2026\/02\/IMG_8858-2048x1536.jpg 2048w, https:\/\/www.ebg.de\/wp-content\/uploads\/2026\/02\/IMG_8858-900x675.jpg 900w, https:\/\/www.ebg.de\/wp-content\/uploads\/2026\/02\/IMG_8858-1200x900.jpg 1200w\" sizes=\"auto, (max-width: 1024px) 100vw, 1024px\" \/><\/figure>\n<\/figure>\n\n\n\n<p>Auch der Kooperationspartner Nestw\u00e4rme war vor Ort und bereicherte den Austausch mit wertvollen Praxiseinblicken.<\/p>\n\n\n\n<p>Besonders erfreulich: die zahlreichen Besucher und Interessenten \u2013 vielleicht schon die zuk\u00fcnftigen Sch\u00fcler des Europ\u00e4ischen Bildungswerks.<\/p>\n\n\n\n<p>Ein herzliches Dankesch\u00f6n an alle Mitarbeiter, die diesen Samstag mit Engagement, Fachkompetenz und Herzblut gestaltet haben.<br><br><\/p>\n\n\n\n<figure class=\"wp-block-gallery has-nested-images columns-default is-cropped wp-block-gallery-2 is-layout-flex wp-block-gallery-is-layout-flex\">\n<figure class=\"wp-block-image size-large\"><img loading=\"lazy\" decoding=\"async\" width=\"683\" height=\"1024\" data-id=\"40776\" src=\"https:\/\/www.ebg.de\/wp-content\/uploads\/2026\/02\/IMG_8752-683x1024.jpg\" alt=\"\" class=\"wp-image-40776\" srcset=\"https:\/\/www.ebg.de\/wp-content\/uploads\/2026\/02\/IMG_8752-683x1024.jpg 683w, https:\/\/www.ebg.de\/wp-content\/uploads\/2026\/02\/IMG_8752-200x300.jpg 200w, https:\/\/www.ebg.de\/wp-content\/uploads\/2026\/02\/IMG_8752-768x1152.jpg 768w, https:\/\/www.ebg.de\/wp-content\/uploads\/2026\/02\/IMG_8752-1024x1536.jpg 1024w, https:\/\/www.ebg.de\/wp-content\/uploads\/2026\/02\/IMG_8752-1365x2048.jpg 1365w, https:\/\/www.ebg.de\/wp-content\/uploads\/2026\/02\/IMG_8752-900x1350.jpg 900w, https:\/\/www.ebg.de\/wp-content\/uploads\/2026\/02\/IMG_8752-1200x1800.jpg 1200w, https:\/\/www.ebg.de\/wp-content\/uploads\/2026\/02\/IMG_8752-scaled.jpg 1707w\" sizes=\"auto, (max-width: 683px) 100vw, 683px\" \/><\/figure>\n\n\n\n<figure class=\"wp-block-image size-large\"><img loading=\"lazy\" decoding=\"async\" width=\"1024\" height=\"683\" data-id=\"40770\" src=\"https:\/\/www.ebg.de\/wp-content\/uploads\/2026\/02\/IMG_8845-1024x683.jpg\" alt=\"\" class=\"wp-image-40770\" srcset=\"https:\/\/www.ebg.de\/wp-content\/uploads\/2026\/02\/IMG_8845-1024x683.jpg 1024w, https:\/\/www.ebg.de\/wp-content\/uploads\/2026\/02\/IMG_8845-300x200.jpg 300w, https:\/\/www.ebg.de\/wp-content\/uploads\/2026\/02\/IMG_8845-768x512.jpg 768w, https:\/\/www.ebg.de\/wp-content\/uploads\/2026\/02\/IMG_8845-1536x1024.jpg 1536w, https:\/\/www.ebg.de\/wp-content\/uploads\/2026\/02\/IMG_8845-2048x1365.jpg 2048w, https:\/\/www.ebg.de\/wp-content\/uploads\/2026\/02\/IMG_8845-900x600.jpg 900w, https:\/\/www.ebg.de\/wp-content\/uploads\/2026\/02\/IMG_8845-1200x800.jpg 1200w\" sizes=\"auto, (max-width: 1024px) 100vw, 1024px\" \/><\/figure>\n\n\n\n<figure class=\"wp-block-image size-large\"><img loading=\"lazy\" decoding=\"async\" width=\"1024\" height=\"768\" data-id=\"40772\" src=\"https:\/\/www.ebg.de\/wp-content\/uploads\/2026\/02\/IMG_8852-1024x768.jpg\" alt=\"\" class=\"wp-image-40772\" srcset=\"https:\/\/www.ebg.de\/wp-content\/uploads\/2026\/02\/IMG_8852-1024x768.jpg 1024w, https:\/\/www.ebg.de\/wp-content\/uploads\/2026\/02\/IMG_8852-300x225.jpg 300w, https:\/\/www.ebg.de\/wp-content\/uploads\/2026\/02\/IMG_8852-768x576.jpg 768w, https:\/\/www.ebg.de\/wp-content\/uploads\/2026\/02\/IMG_8852-1536x1152.jpg 1536w, https:\/\/www.ebg.de\/wp-content\/uploads\/2026\/02\/IMG_8852-2048x1536.jpg 2048w, https:\/\/www.ebg.de\/wp-content\/uploads\/2026\/02\/IMG_8852-900x675.jpg 900w, https:\/\/www.ebg.de\/wp-content\/uploads\/2026\/02\/IMG_8852-1200x900.jpg 1200w\" sizes=\"auto, (max-width: 1024px) 100vw, 1024px\" \/><\/figure>\n\n\n\n<figure class=\"wp-block-image size-large\"><img loading=\"lazy\" decoding=\"async\" width=\"1024\" height=\"768\" data-id=\"40768\" src=\"https:\/\/www.ebg.de\/wp-content\/uploads\/2026\/02\/IMG_8854-1024x768.jpg\" alt=\"\" class=\"wp-image-40768\" srcset=\"https:\/\/www.ebg.de\/wp-content\/uploads\/2026\/02\/IMG_8854-1024x768.jpg 1024w, https:\/\/www.ebg.de\/wp-content\/uploads\/2026\/02\/IMG_8854-300x225.jpg 300w, https:\/\/www.ebg.de\/wp-content\/uploads\/2026\/02\/IMG_8854-768x576.jpg 768w, https:\/\/www.ebg.de\/wp-content\/uploads\/2026\/02\/IMG_8854-1536x1152.jpg 1536w, https:\/\/www.ebg.de\/wp-content\/uploads\/2026\/02\/IMG_8854-2048x1536.jpg 2048w, https:\/\/www.ebg.de\/wp-content\/uploads\/2026\/02\/IMG_8854-900x675.jpg 900w, https:\/\/www.ebg.de\/wp-content\/uploads\/2026\/02\/IMG_8854-1200x900.jpg 1200w\" sizes=\"auto, (max-width: 1024px) 100vw, 1024px\" \/><\/figure>\n\n\n\n<figure class=\"wp-block-image size-large\"><img loading=\"lazy\" decoding=\"async\" width=\"683\" height=\"1024\" data-id=\"40774\" src=\"https:\/\/www.ebg.de\/wp-content\/uploads\/2026\/02\/IMG_8945-683x1024.jpg\" alt=\"\" class=\"wp-image-40774\" srcset=\"https:\/\/www.ebg.de\/wp-content\/uploads\/2026\/02\/IMG_8945-683x1024.jpg 683w, https:\/\/www.ebg.de\/wp-content\/uploads\/2026\/02\/IMG_8945-200x300.jpg 200w, https:\/\/www.ebg.de\/wp-content\/uploads\/2026\/02\/IMG_8945-768x1152.jpg 768w, https:\/\/www.ebg.de\/wp-content\/uploads\/2026\/02\/IMG_8945-1024x1536.jpg 1024w, https:\/\/www.ebg.de\/wp-content\/uploads\/2026\/02\/IMG_8945-1365x2048.jpg 1365w, https:\/\/www.ebg.de\/wp-content\/uploads\/2026\/02\/IMG_8945-900x1350.jpg 900w, https:\/\/www.ebg.de\/wp-content\/uploads\/2026\/02\/IMG_8945-1200x1800.jpg 1200w, https:\/\/www.ebg.de\/wp-content\/uploads\/2026\/02\/IMG_8945-scaled.jpg 1707w\" sizes=\"auto, (max-width: 683px) 100vw, 683px\" \/><\/figure>\n<\/figure>\n\n\n\n<p>Ein Tag, der zeigt: Hier wird Zukunft gemacht.<\/p>\n\n\n\n<p><\/p>\n\n\n\n<p><\/p>\n\n\n\n<p><\/p>\n","protected":false},"excerpt":{"rendered":"<p>Volles Haus, gute Gespr\u00e4che und sp\u00fcrbare Begeisterung f\u00fcr soziale Berufe.<\/p>\n","protected":false},"author":22,"featured_media":40778,"comment_status":"closed","ping_status":"closed","sticky":false,"template":"","format":"standard","meta":{"_acf_changed":false,"footnotes":""},"categories":[19,22],"tags":[198,78,98,80,107,193,172],"class_list":["post-40756","post","type-post","status-publish","format-standard","has-post-thumbnail","hentry","category-news-magdeburg-schulen","category-news-gf","tag-auszubildende","tag-ebg","tag-ergotherapie","tag-erzieher","tag-europaeisches-bildungswerk","tag-international","tag-pflegefachkraft"],"acf":[],"yoast_head":"<!-- This site is optimized with the Yoast SEO plugin v26.9 - https:\/\/yoast.com\/product\/yoast-seo-wordpress\/ -->\n<title>Das Tag der offenen T\u00fcr am Fach- und Berufsfachschulzentrum Magdeburg<\/title>\n<meta name=\"description\" content=\"Mehr als 600 marokkanische Sch\u00fclerinnen und Sch\u00fcler informierten sich am 15.Februar \u00b425 in Rabat \u00fcber Studien- und Ausbildungsm\u00f6glichkeiten in Deutschland.\" \/>\n<meta name=\"robots\" content=\"index, follow, max-snippet:-1, max-image-preview:large, max-video-preview:-1\" \/>\n<link rel=\"canonical\" href=\"https:\/\/www.ebg.de\/tag-der-offenen-tuer-am-fach-und-berufsfachschulzentrum-magdeburg\/\" \/>\n<meta property=\"og:locale\" content=\"en_US\" \/>\n<meta property=\"og:type\" content=\"article\" \/>\n<meta property=\"og:title\" content=\"Das Tag der offenen T\u00fcr am Fach- und Berufsfachschulzentrum Magdeburg\" \/>\n<meta property=\"og:description\" content=\"Mehr als 600 marokkanische Sch\u00fclerinnen und Sch\u00fcler informierten sich am 15.Februar \u00b425 in Rabat \u00fcber Studien- und Ausbildungsm\u00f6glichkeiten in Deutschland.\" \/>\n<meta property=\"og:url\" content=\"https:\/\/www.ebg.de\/tag-der-offenen-tuer-am-fach-und-berufsfachschulzentrum-magdeburg\/\" \/>\n<meta property=\"og:site_name\" content=\"Europ\u00e4isches Bildungswerk f\u00fcr Beruf und Gesellschaft\" \/>\n<meta property=\"article:published_time\" content=\"2026-02-19T06:51:38+00:00\" \/>\n<meta property=\"article:modified_time\" content=\"2026-02-23T14:58:24+00:00\" \/>\n<meta property=\"og:image\" content=\"https:\/\/www.ebg.de\/wp-content\/uploads\/2026\/02\/IMG_8736-scaled.jpg\" \/>\n\t<meta property=\"og:image:width\" content=\"2560\" \/>\n\t<meta property=\"og:image:height\" content=\"1707\" \/>\n\t<meta property=\"og:image:type\" content=\"image\/jpeg\" \/>\n<meta name=\"author\" content=\"Stephan Deubner\" \/>\n<meta name=\"twitter:card\" content=\"summary_large_image\" \/>\n<meta name=\"twitter:label1\" content=\"Written by\" \/>\n\t<meta name=\"twitter:data1\" content=\"Stephan Deubner\" \/>\n\t<meta name=\"twitter:label2\" content=\"Est. reading time\" \/>\n\t<meta name=\"twitter:data2\" content=\"5 minutes\" \/>\n<!-- \/ Yoast SEO plugin. -->","yoast_head_json":{"title":"Das Tag der offenen T\u00fcr am Fach- und Berufsfachschulzentrum Magdeburg","description":"Mehr als 600 marokkanische Sch\u00fclerinnen und Sch\u00fcler informierten sich am 15.Februar \u00b425 in Rabat \u00fcber Studien- und Ausbildungsm\u00f6glichkeiten in Deutschland.","robots":{"index":"index","follow":"follow","max-snippet":"max-snippet:-1","max-image-preview":"max-image-preview:large","max-video-preview":"max-video-preview:-1"},"canonical":"https:\/\/www.ebg.de\/tag-der-offenen-tuer-am-fach-und-berufsfachschulzentrum-magdeburg\/","og_locale":"en_US","og_type":"article","og_title":"Das Tag der offenen T\u00fcr am Fach- und Berufsfachschulzentrum Magdeburg","og_description":"Mehr als 600 marokkanische Sch\u00fclerinnen und Sch\u00fcler informierten sich am 15.Februar \u00b425 in Rabat \u00fcber Studien- und Ausbildungsm\u00f6glichkeiten in Deutschland.","og_url":"https:\/\/www.ebg.de\/tag-der-offenen-tuer-am-fach-und-berufsfachschulzentrum-magdeburg\/","og_site_name":"Europ\u00e4isches Bildungswerk f\u00fcr Beruf und Gesellschaft","article_published_time":"2026-02-19T06:51:38+00:00","article_modified_time":"2026-02-23T14:58:24+00:00","og_image":[{"width":2560,"height":1707,"url":"https:\/\/www.ebg.de\/wp-content\/uploads\/2026\/02\/IMG_8736-scaled.jpg","type":"image\/jpeg"}],"author":"Stephan Deubner","twitter_card":"summary_large_image","twitter_misc":{"Written by":"Stephan Deubner","Est. reading time":"5 minutes"},"schema":{"@context":"https:\/\/schema.org","@graph":[{"@type":"Article","@id":"https:\/\/www.ebg.de\/tag-der-offenen-tuer-am-fach-und-berufsfachschulzentrum-magdeburg\/#article","isPartOf":{"@id":"https:\/\/www.ebg.de\/tag-der-offenen-tuer-am-fach-und-berufsfachschulzentrum-magdeburg\/"},"author":{"name":"Stephan Deubner","@id":"https:\/\/www.ebg.de\/#\/schema\/person\/af645ea1741029d9a44ae532ceb268bc"},"headline":"Tag der offenen T\u00fcr am Fach- und Berufsfachschulzentrum Magdeburg","datePublished":"2026-02-19T06:51:38+00:00","dateModified":"2026-02-23T14:58:24+00:00","mainEntityOfPage":{"@id":"https:\/\/www.ebg.de\/tag-der-offenen-tuer-am-fach-und-berufsfachschulzentrum-magdeburg\/"},"wordCount":174,"image":{"@id":"https:\/\/www.ebg.de\/tag-der-offenen-tuer-am-fach-und-berufsfachschulzentrum-magdeburg\/#primaryimage"},"thumbnailUrl":"https:\/\/www.ebg.de\/wp-content\/uploads\/2026\/02\/IMG_8736-scaled.jpg","keywords":["Auszubildende","EBG","Ergotherapie","Erzieher","Europ\u00e4isches Bildungswerk","international","Pflegefachkraft"],"articleSection":["News - Magdeburg Schulen","News-GF"],"inLanguage":"en-US"},{"@type":"WebPage","@id":"https:\/\/www.ebg.de\/tag-der-offenen-tuer-am-fach-und-berufsfachschulzentrum-magdeburg\/","url":"https:\/\/www.ebg.de\/tag-der-offenen-tuer-am-fach-und-berufsfachschulzentrum-magdeburg\/","name":"Das Tag der offenen T\u00fcr am Fach- und Berufsfachschulzentrum Magdeburg","isPartOf":{"@id":"https:\/\/www.ebg.de\/#website"},"primaryImageOfPage":{"@id":"https:\/\/www.ebg.de\/tag-der-offenen-tuer-am-fach-und-berufsfachschulzentrum-magdeburg\/#primaryimage"},"image":{"@id":"https:\/\/www.ebg.de\/tag-der-offenen-tuer-am-fach-und-berufsfachschulzentrum-magdeburg\/#primaryimage"},"thumbnailUrl":"https:\/\/www.ebg.de\/wp-content\/uploads\/2026\/02\/IMG_8736-scaled.jpg","datePublished":"2026-02-19T06:51:38+00:00","dateModified":"2026-02-23T14:58:24+00:00","author":{"@id":"https:\/\/www.ebg.de\/#\/schema\/person\/af645ea1741029d9a44ae532ceb268bc"},"description":"Mehr als 600 marokkanische Sch\u00fclerinnen und Sch\u00fcler informierten sich am 15.Februar \u00b425 in Rabat \u00fcber Studien- und Ausbildungsm\u00f6glichkeiten in Deutschland.","breadcrumb":{"@id":"https:\/\/www.ebg.de\/tag-der-offenen-tuer-am-fach-und-berufsfachschulzentrum-magdeburg\/#breadcrumb"},"inLanguage":"en-US","potentialAction":[{"@type":"ReadAction","target":["https:\/\/www.ebg.de\/tag-der-offenen-tuer-am-fach-und-berufsfachschulzentrum-magdeburg\/"]}]},{"@type":"ImageObject","inLanguage":"en-US","@id":"https:\/\/www.ebg.de\/tag-der-offenen-tuer-am-fach-und-berufsfachschulzentrum-magdeburg\/#primaryimage","url":"https:\/\/www.ebg.de\/wp-content\/uploads\/2026\/02\/IMG_8736-scaled.jpg","contentUrl":"https:\/\/www.ebg.de\/wp-content\/uploads\/2026\/02\/IMG_8736-scaled.jpg","width":2560,"height":1707},{"@type":"BreadcrumbList","@id":"https:\/\/www.ebg.de\/tag-der-offenen-tuer-am-fach-und-berufsfachschulzentrum-magdeburg\/#breadcrumb","itemListElement":[{"@type":"ListItem","position":1,"name":"Startseite","item":"https:\/\/www.ebg.de\/"},{"@type":"ListItem","position":2,"name":"Tag der offenen T\u00fcr am Fach- und Berufsfachschulzentrum Magdeburg"}]},{"@type":"WebSite","@id":"https:\/\/www.ebg.de\/#website","url":"https:\/\/www.ebg.de\/","name":"Europ\u00e4isches Bildungswerk f\u00fcr Beruf und Gesellschaft","description":"Bildung, Ausbildung und Weiterbildung","potentialAction":[{"@type":"SearchAction","target":{"@type":"EntryPoint","urlTemplate":"https:\/\/www.ebg.de\/?s={search_term_string}"},"query-input":{"@type":"PropertyValueSpecification","valueRequired":true,"valueName":"search_term_string"}}],"inLanguage":"en-US"},{"@type":"Person","@id":"https:\/\/www.ebg.de\/#\/schema\/person\/af645ea1741029d9a44ae532ceb268bc","name":"Stephan Deubner","image":{"@type":"ImageObject","inLanguage":"en-US","@id":"https:\/\/www.ebg.de\/#\/schema\/person\/image\/","url":"https:\/\/secure.gravatar.com\/avatar\/35731f6a08afa0518c45f153077f6135c0f41aa2ae0b76e850ef9508976a7bbe?s=96&d=mm&r=g","contentUrl":"https:\/\/secure.gravatar.com\/avatar\/35731f6a08afa0518c45f153077f6135c0f41aa2ae0b76e850ef9508976a7bbe?s=96&d=mm&r=g","caption":"Stephan Deubner"},"url":"https:\/\/www.ebg.de\/en\/author\/sdeubner\/"}]}},"_links":{"self":[{"href":"https:\/\/www.ebg.de\/en\/wp-json\/wp\/v2\/posts\/40756","targetHints":{"allow":["GET"]}}],"collection":[{"href":"https:\/\/www.ebg.de\/en\/wp-json\/wp\/v2\/posts"}],"about":[{"href":"https:\/\/www.ebg.de\/en\/wp-json\/wp\/v2\/types\/post"}],"author":[{"embeddable":true,"href":"https:\/\/www.ebg.de\/en\/wp-json\/wp\/v2\/users\/22"}],"replies":[{"embeddable":true,"href":"https:\/\/www.ebg.de\/en\/wp-json\/wp\/v2\/comments?post=40756"}],"version-history":[{"count":2,"href":"https:\/\/www.ebg.de\/en\/wp-json\/wp\/v2\/posts\/40756\/revisions"}],"predecessor-version":[{"id":40874,"href":"https:\/\/www.ebg.de\/en\/wp-json\/wp\/v2\/posts\/40756\/revisions\/40874"}],"wp:featuredmedia":[{"embeddable":true,"href":"https:\/\/www.ebg.de\/en\/wp-json\/wp\/v2\/media\/40778"}],"wp:attachment":[{"href":"https:\/\/www.ebg.de\/en\/wp-json\/wp\/v2\/media?parent=40756"}],"wp:term":[{"taxonomy":"category","embeddable":true,"href":"https:\/\/www.ebg.de\/en\/wp-json\/wp\/v2\/categories?post=40756"},{"taxonomy":"post_tag","embeddable":true,"href":"https:\/\/www.ebg.de\/en\/wp-json\/wp\/v2\/tags?post=40756"}],"curies":[{"name":"wp","href":"https:\/\/api.w.org\/{rel}","templated":true}]}}